{"id":97078,"date":"2019-11-16T11:48:24","date_gmt":"2019-11-16T08:48:24","guid":{"rendered":"http:\/\/arantv.az\/?p=97078"},"modified":"2019-11-16T11:48:24","modified_gmt":"2019-11-16T08:48:24","slug":"p%c9%99nc%c9%99r%c9%99d%c9%99n-girib-bosanmaq-ist%c9%99y%c9%99n-arvadini-oldurdu-d%c9%99hs%c9%99tli-q%c9%99tlin-t%c9%99f%c9%99rruati","status":"publish","type":"post","link":"https:\/\/arantv.az\/?p=97078","title":{"rendered":"P\u0259nc\u0259r\u0259d\u0259n girib bo\u015fanmaq ist\u0259y\u0259n arvad\u0131n\u0131 \u00f6ld\u00fcrd\u00fc &#8211; D\u0259h\u015f\u0259tli q\u0259tlin t\u0259f\u0259rr\u00fcat\u0131"},"content":{"rendered":"<p><strong>G\u0259nc\u0259d\u0259 qad\u0131n\u0131n \u0259ri t\u0259r\u0259find\u0259n q\u0259tl\u0259 yetirilm\u0259si il\u0259 ba\u011fl\u0131 cinay\u0259t i\u015fi ba\u015flan\u0131l\u0131b.<\/strong><\/p>\n<p><strong>ARANTV.AZ\u00a0<\/strong> APA-ya istinad\u0259n x\u0259b\u0259r verir ki, d\u00fcn\u0259n gec\u0259 saatlar\u0131nda Salyan rayon sakini, 1986-c\u0131 il t\u0259v\u0259ll\u00fcdl\u00fc Zaur Orucov arvad\u0131 Nuran\u0259 Orucovan\u0131 q\u0259tl\u0259 yetirib.<\/p>\n<p>Q\u0259tl\u0259 qad\u0131n\u0131n bo\u015fanmaq ist\u0259m\u0259si s\u0259b\u0259b olub.<\/p>\n<p>Ki\u015fi qad\u0131n yuxuda olark\u0259n yataq ota\u011f\u0131n\u0131n p\u0259nc\u0259r\u0259sind\u0259n daxil olaraq, ona \u00fcst\u00fcnd\u0259 g\u0259tirdiyi b\u0131\u00e7aqla s\u0259kkiz z\u0259rb\u0259 vurub.<\/p>\n<div>\n<div id=\"AdviadNativeVideo0\" class=\"AdviadNativeVideo\"><\/div>\n<\/div>\n<p>Qad\u0131n G\u0259nc\u0259 \u015e\u0259h\u0259r Beyn\u0259lxalq X\u0259st\u0259xanas\u0131na \u00e7atd\u0131r\u0131lsa da, onun h\u0259yat\u0131n\u0131 xilas etm\u0259k m\u00fcmk\u00fcn olmay\u0131b.<\/p>\n<p>Faktla ba\u011fl\u0131 G\u0259nc\u0259 \u015e\u0259h\u0259r Prokurorlu\u011funda Cinay\u0259t M\u0259c\u0259ll\u0259sinin 120.1-ci (q\u0259sd\u0259n adam \u00f6ld\u00fcrm\u0259) madd\u0259si il\u0259 cinay\u0259t i\u015fi ba\u015flan\u0131l\u0131b.<\/p>\n","protected":false},"excerpt":{"rendered":"<p>G\u0259nc\u0259d\u0259 qad\u0131n\u0131n \u0259ri t\u0259r\u0259find\u0259n q\u0259tl\u0259 yetirilm\u0259si il\u0259 ba\u011fl\u0131 cinay\u0259t i\u015fi ba\u015flan\u0131l\u0131b. ARANTV.AZ\u00a0 APA-ya istinad\u0259n x\u0259b\u0259r verir ki, d\u00fcn\u0259n gec\u0259 saatlar\u0131nda Salyan rayon sakini, 1986-c\u0131 il t\u0259v\u0259ll\u00fcdl\u00fc Zaur Orucov arvad\u0131 Nuran\u0259 Orucovan\u0131 q\u0259tl\u0259 yetirib. Q\u0259tl\u0259 qad\u0131n\u0131n bo\u015fanmaq ist\u0259m\u0259si s\u0259b\u0259b olub. Ki\u015fi qad\u0131n yuxuda olark\u0259n yataq ota\u011f\u0131n\u0131n p\u0259nc\u0259r\u0259sind\u0259n daxil olaraq, ona \u00fcst\u00fcnd\u0259 g\u0259tirdiyi b\u0131\u00e7aqla s\u0259kkiz z\u0259rb\u0259 vurub. Qad\u0131n G\u0259nc\u0259 \u015e\u0259h\u0259r Beyn\u0259lxalq X\u0259st\u0259xanas\u0131na \u00e7atd\u0131r\u0131lsa da, onun h\u0259yat\u0131n\u0131 xilas etm\u0259k m\u00fcmk\u00fcn olmay\u0131b. Faktla ba\u011fl\u0131 G\u0259nc\u0259 \u015e\u0259h\u0259r Prokurorlu\u011funda Cinay\u0259t M\u0259c\u0259ll\u0259sinin 120.1-ci (q\u0259sd\u0259n adam \u00f6ld\u00fcrm\u0259) madd\u0259si il\u0259 cinay\u0259t i\u015fi ba\u015flan\u0131l\u0131b.<\/p>\n","protected":false},"author":2,"featured_media":97079,"comment_status":"closed","ping_status":"closed","sticky":false,"template":"","format":"standard","meta":{"om_disable_all_campaigns":false,"_monsterinsights_skip_tracking":false,"_monsterinsights_sitenote_active":false,"_monsterinsights_sitenote_note":"","_monsterinsights_sitenote_category":0},"categories":[3],"tags":[],"aioseo_notices":[],"gutentor_comment":0,"rttpg_featured_image_url":{"full":["https:\/\/arantv.az\/wp-content\/uploads\/2019\/11\/bicaq_021365.jpg",800,600,false],"landscape":["https:\/\/arantv.az\/wp-content\/uploads\/2019\/11\/bicaq_021365.jpg",800,600,false],"portraits":["https:\/\/arantv.az\/wp-content\/uploads\/2019\/11\/bicaq_021365.jpg",800,600,false],"thumbnail":["https:\/\/arantv.az\/wp-content\/uploads\/2019\/11\/bicaq_021365-150x150.jpg",150,150,true],"medium":["https:\/\/arantv.az\/wp-content\/uploads\/2019\/11\/bicaq_021365-300x225.jpg",300,225,true],"large":["https:\/\/arantv.az\/wp-content\/uploads\/2019\/11\/bicaq_021365.jpg",640,480,false],"1536x1536":["https:\/\/arantv.az\/wp-content\/uploads\/2019\/11\/bicaq_021365.jpg",800,600,false],"2048x2048":["https:\/\/arantv.az\/wp-content\/uploads\/2019\/11\/bicaq_021365.jpg",800,600,false],"post-thumbnail":["https:\/\/arantv.az\/wp-content\/uploads\/2019\/11\/bicaq_021365-240x172.jpg",240,172,true],"advps-thumb-one":["https:\/\/arantv.az\/wp-content\/uploads\/2019\/11\/bicaq_021365.jpg",800,600,false]},"rttpg_author":{"display_name":"V\u00fcsal Rafiqo\u011flu","author_link":"https:\/\/arantv.az\/?author=2"},"rttpg_comment":0,"rttpg_category":"<a href=\"https:\/\/arantv.az\/?cat=3\" rel=\"category\">Kriminal<\/a>","rttpg_excerpt":"G\u0259nc\u0259d\u0259 qad\u0131n\u0131n \u0259ri t\u0259r\u0259find\u0259n q\u0259tl\u0259 yetirilm\u0259si il\u0259 ba\u011fl\u0131 cinay\u0259t i\u015fi ba\u015flan\u0131l\u0131b. ARANTV.AZ\u00a0 APA-ya istinad\u0259n x\u0259b\u0259r verir ki, d\u00fcn\u0259n gec\u0259 saatlar\u0131nda Salyan rayon sakini, 1986-c\u0131 il t\u0259v\u0259ll\u00fcdl\u00fc Zaur Orucov arvad\u0131 Nuran\u0259 Orucovan\u0131 q\u0259tl\u0259 yetirib. Q\u0259tl\u0259 qad\u0131n\u0131n bo\u015fanmaq ist\u0259m\u0259si s\u0259b\u0259b olub. Ki\u015fi qad\u0131n yuxuda olark\u0259n yataq ota\u011f\u0131n\u0131n p\u0259nc\u0259r\u0259sind\u0259n daxil olaraq, ona \u00fcst\u00fcnd\u0259 g\u0259tirdiyi b\u0131\u00e7aqla s\u0259kkiz z\u0259rb\u0259 vurub.&hellip;","_links":{"self":[{"href":"https:\/\/arantv.az\/index.php?rest_route=\/wp\/v2\/posts\/97078"}],"collection":[{"href":"https:\/\/arantv.az\/index.php?rest_route=\/wp\/v2\/posts"}],"about":[{"href":"https:\/\/arantv.az\/index.php?rest_route=\/wp\/v2\/types\/post"}],"author":[{"embeddable":true,"href":"https:\/\/arantv.az\/index.php?rest_route=\/wp\/v2\/users\/2"}],"replies":[{"embeddable":true,"href":"https:\/\/arantv.az\/index.php?rest_route=%2Fwp%2Fv2%2Fcomments&post=97078"}],"version-history":[{"count":0,"href":"https:\/\/arantv.az\/index.php?rest_route=\/wp\/v2\/posts\/97078\/revisions"}],"wp:featuredmedia":[{"embeddable":true,"href":"https:\/\/arantv.az\/index.php?rest_route=\/wp\/v2\/media\/97079"}],"wp:attachment":[{"href":"https:\/\/arantv.az\/index.php?rest_route=%2Fwp%2Fv2%2Fmedia&parent=97078"}],"wp:term":[{"taxonomy":"category","embeddable":true,"href":"https:\/\/arantv.az\/index.php?rest_route=%2Fwp%2Fv2%2Fcategories&post=97078"},{"taxonomy":"post_tag","embeddable":true,"href":"https:\/\/arantv.az\/index.php?rest_route=%2Fwp%2Fv2%2Ftags&post=97078"}],"curies":[{"name":"wp","href":"https:\/\/api.w.org\/{rel}","templated":true}]}}