{"id":97094,"date":"2019-11-16T12:00:52","date_gmt":"2019-11-16T09:00:52","guid":{"rendered":"http:\/\/arantv.az\/?p=97094"},"modified":"2019-11-16T12:00:52","modified_gmt":"2019-11-16T09:00:52","slug":"az%c9%99rbaycanin-general-polkovnikl%c9%99ri-siyahi","status":"publish","type":"post","link":"https:\/\/arantv.az\/?p=97094","title":{"rendered":"Az\u0259rbaycan\u0131n general-polkovnikl\u0259ri &#8211; S\u0130YAHI"},"content":{"rendered":"<p>General-polkovnik Az\u0259rbaycan\u0131n g\u00fcc strukturlar\u0131nda \u0259n y\u00fcks\u0259k r\u00fctb\u0259 say\u0131l\u0131r.<\/p>\n<p><strong>ARANTV.AZ<\/strong>\u00a0 x\u0259b\u0259r verir ki, bu r\u00fctb\u0259ni \u00f6lk\u0259nin m\u00fcdafi\u0259, f\u00f6vq\u0259lad\u0259 hallar, daxili i\u015fl\u0259r nazirl\u0259ri, o c\u00fcml\u0259d\u0259n ba\u015f prokuror, xidm\u0259t r\u0259isl\u0259ri v\u0259 ba\u015fqalar\u0131 da\u015f\u0131y\u0131r.<\/p>\n<p>General-polkovnik r\u00fctb\u0259si Az\u0259rbaycan Respublikas\u0131n\u0131n Prezidenti \u0130lham \u018fliyevin imzalad\u0131\u011f\u0131 s\u0259r\u0259ncamlarla t\u0259yin olunur.<\/p>\n<p>Haz\u0131rda v\u0259zif\u0259 ba\u015f\u0131nda olan v\u0259 istefaya g\u00f6nd\u0259ril\u0259n general-polkovnik r\u00fctb\u0259sini da\u015f\u0131yan \u015f\u0259xsl\u0259rin siyah\u0131s\u0131 bel\u0259dir:<\/p>\n<p>1. Zakir H\u0259s\u0259nov &#8211; M\u00fcdafi\u0259 naziri<\/p>\n<p>2. N\u0259cm\u0259ddin Sad\u0131qov &#8211; M\u00fcdafi\u0259 nazirinin 1-ci m\u00fcavini, Silahl\u0131 Q\u00fcvv\u0259l\u0259rin Ba\u015f Q\u0259rargah r\u0259isi<\/p>\n<p>3. Vilay\u0259t Eyvazov &#8211; Daxili i\u015fl\u0259r naziri<\/p>\n<p>4. K\u0259mal\u0259ddin Heyd\u0259rov &#8211; F\u00f6vq\u0259lad\u0259 Hallar naziri<\/p>\n<p>5. El\u00e7in Quliyev &#8211; D\u00f6vl\u0259t S\u0259rh\u0259d Xidm\u0259tinin r\u0259isi<\/p>\n<p>6. Vaqif Axundov &#8211; X\u00fcsusi D\u00f6vl\u0259t M\u00fchafiz\u0259si Xidm\u0259tinin r\u0259isi<\/p>\n<p>7. B\u0259yl\u0259r \u018fyyubov &#8211; X\u00fcsusi D\u00f6vl\u0259t M\u00fchafiz\u0259si Xidm\u0259ti r\u0259isinin 1-ci m\u00fcavini v\u0259 Prezidentin \u015e\u0259xsi M\u00fchafiz\u0259 \u0130dar\u0259sinin r\u0259isi<\/p>\n<p>8. Zakir Qaralov &#8211; Ba\u015f prokuror, I d\u0259r\u0259c\u0259li d\u00f6vl\u0259t \u0259dliyy\u0259 m\u00fc\u015faviri<\/p>\n<p>9. Fikr\u0259t M\u0259mm\u0259dov \u2013 \u018fdliyy\u0259 naziri, I d\u0259r\u0259c\u0259li d\u00f6vl\u0259t \u0259dliyy\u0259 m\u00fc\u015faviri<\/p>\n<p>10. M\u0259d\u0259t Quliyev &#8211; M\u00fcdafi\u0259 s\u0259nayesi naziri<\/p>\n<p>11. Ramil Usubov &#8211; Prezident yan\u0131nda T\u0259hluk\u0259sizlik \u015euras\u0131n\u0131n katibi<\/p>\n<p>12. S\u0259f\u0259r \u018fbiyev &#8211; Eks-m\u00fcdafi\u0259 naziri<\/p>\n<p>13. Ayd\u0131n \u018fliyev &#8211; D\u00f6vl\u0259t G\u00f6mr\u00fck Komit\u0259sinin ke\u00e7mi\u015f s\u0259dri<\/p>\n<p>14. Fazil M\u0259mm\u0259dov &#8211; I d\u0259r\u0259c\u0259li d\u00f6vl\u0259t vergi xidm\u0259ti m\u00fc\u015faviri.<\/p>\n<p>15. Namiq Abbasov &#8211; Sabiq milli t\u0259hl\u00fck\u0259sizlik naziri (1995-2004)<\/p>\n<p>16. Tofiq A\u011fah\u00fcseynov &#8211; B\u00f6y\u00fck V\u0259t\u0259n m\u00fcharib\u0259si veteran\u0131, Respublika Veteranlar T\u0259\u015fkilat\u0131n\u0131n s\u0259dri (SSR\u0130 Silahl\u0131 Q\u00fcvv\u0259l\u0259rind\u0259 general-polkovnik r\u00fctb\u0259si alan ilk az\u0259rbaycanl\u0131)<\/p>\n<p>17. Eldar Mahmudov &#8211; sabiq milli t\u0259hl\u00fck\u0259sizlik naziri.BAKU.WS<\/p>\n","protected":false},"excerpt":{"rendered":"<p>General-polkovnik Az\u0259rbaycan\u0131n g\u00fcc strukturlar\u0131nda \u0259n y\u00fcks\u0259k r\u00fctb\u0259 say\u0131l\u0131r. ARANTV.AZ\u00a0 x\u0259b\u0259r verir ki, bu r\u00fctb\u0259ni \u00f6lk\u0259nin m\u00fcdafi\u0259, f\u00f6vq\u0259lad\u0259 hallar, daxili i\u015fl\u0259r nazirl\u0259ri, o c\u00fcml\u0259d\u0259n ba\u015f prokuror, xidm\u0259t r\u0259isl\u0259ri v\u0259 ba\u015fqalar\u0131 da\u015f\u0131y\u0131r. General-polkovnik r\u00fctb\u0259si Az\u0259rbaycan Respublikas\u0131n\u0131n Prezidenti \u0130lham \u018fliyevin imzalad\u0131\u011f\u0131 s\u0259r\u0259ncamlarla t\u0259yin olunur. Haz\u0131rda v\u0259zif\u0259 ba\u015f\u0131nda olan v\u0259 istefaya g\u00f6nd\u0259ril\u0259n general-polkovnik r\u00fctb\u0259sini da\u015f\u0131yan \u015f\u0259xsl\u0259rin siyah\u0131s\u0131 bel\u0259dir: 1. Zakir H\u0259s\u0259nov &#8211; M\u00fcdafi\u0259 naziri 2. N\u0259cm\u0259ddin Sad\u0131qov &#8211; M\u00fcdafi\u0259 nazirinin 1-ci m\u00fcavini, Silahl\u0131 Q\u00fcvv\u0259l\u0259rin Ba\u015f Q\u0259rargah r\u0259isi 3. Vilay\u0259t Eyvazov &#8211; Daxili i\u015fl\u0259r naziri 4. K\u0259mal\u0259ddin Heyd\u0259rov &#8211; F\u00f6vq\u0259lad\u0259 Hallar naziri 5. El\u00e7in Quliyev&hellip;<\/p>\n","protected":false},"author":2,"featured_media":97095,"comment_status":"closed","ping_status":"closed","sticky":false,"template":"","format":"standard","meta":{"om_disable_all_campaigns":false,"_monsterinsights_skip_tracking":false,"_monsterinsights_sitenote_active":false,"_monsterinsights_sitenote_note":"","_monsterinsights_sitenote_category":0},"categories":[1],"tags":[],"aioseo_notices":[],"gutentor_comment":0,"rttpg_featured_image_url":{"full":["https:\/\/arantv.az\/wp-content\/uploads\/2019\/11\/1573886722_generel.jpg",649,446,false],"landscape":["https:\/\/arantv.az\/wp-content\/uploads\/2019\/11\/1573886722_generel.jpg",649,446,false],"portraits":["https:\/\/arantv.az\/wp-content\/uploads\/2019\/11\/1573886722_generel.jpg",649,446,false],"thumbnail":["https:\/\/arantv.az\/wp-content\/uploads\/2019\/11\/1573886722_generel-150x150.jpg",150,150,true],"medium":["https:\/\/arantv.az\/wp-content\/uploads\/2019\/11\/1573886722_generel-300x206.jpg",300,206,true],"large":["https:\/\/arantv.az\/wp-content\/uploads\/2019\/11\/1573886722_generel.jpg",640,440,false],"1536x1536":["https:\/\/arantv.az\/wp-content\/uploads\/2019\/11\/1573886722_generel.jpg",649,446,false],"2048x2048":["https:\/\/arantv.az\/wp-content\/uploads\/2019\/11\/1573886722_generel.jpg",649,446,false],"post-thumbnail":["https:\/\/arantv.az\/wp-content\/uploads\/2019\/11\/1573886722_generel-240x172.jpg",240,172,true],"advps-thumb-one":["https:\/\/arantv.az\/wp-content\/uploads\/2019\/11\/1573886722_generel.jpg",649,446,false]},"rttpg_author":{"display_name":"V\u00fcsal Rafiqo\u011flu","author_link":"https:\/\/arantv.az\/?author=2"},"rttpg_comment":0,"rttpg_category":"<a href=\"https:\/\/arantv.az\/?cat=1\" rel=\"category\">C\u0259miyy\u0259t<\/a>","rttpg_excerpt":"General-polkovnik Az\u0259rbaycan\u0131n g\u00fcc strukturlar\u0131nda \u0259n y\u00fcks\u0259k r\u00fctb\u0259 say\u0131l\u0131r. ARANTV.AZ\u00a0 x\u0259b\u0259r verir ki, bu r\u00fctb\u0259ni \u00f6lk\u0259nin m\u00fcdafi\u0259, f\u00f6vq\u0259lad\u0259 hallar, daxili i\u015fl\u0259r nazirl\u0259ri, o c\u00fcml\u0259d\u0259n ba\u015f prokuror, xidm\u0259t r\u0259isl\u0259ri v\u0259 ba\u015fqalar\u0131 da\u015f\u0131y\u0131r. General-polkovnik r\u00fctb\u0259si Az\u0259rbaycan Respublikas\u0131n\u0131n Prezidenti \u0130lham \u018fliyevin imzalad\u0131\u011f\u0131 s\u0259r\u0259ncamlarla t\u0259yin olunur. Haz\u0131rda v\u0259zif\u0259 ba\u015f\u0131nda olan v\u0259 istefaya g\u00f6nd\u0259ril\u0259n general-polkovnik r\u00fctb\u0259sini da\u015f\u0131yan \u015f\u0259xsl\u0259rin siyah\u0131s\u0131 bel\u0259dir: 1.&hellip;","_links":{"self":[{"href":"https:\/\/arantv.az\/index.php?rest_route=\/wp\/v2\/posts\/97094"}],"collection":[{"href":"https:\/\/arantv.az\/index.php?rest_route=\/wp\/v2\/posts"}],"about":[{"href":"https:\/\/arantv.az\/index.php?rest_route=\/wp\/v2\/types\/post"}],"author":[{"embeddable":true,"href":"https:\/\/arantv.az\/index.php?rest_route=\/wp\/v2\/users\/2"}],"replies":[{"embeddable":true,"href":"https:\/\/arantv.az\/index.php?rest_route=%2Fwp%2Fv2%2Fcomments&post=97094"}],"version-history":[{"count":0,"href":"https:\/\/arantv.az\/index.php?rest_route=\/wp\/v2\/posts\/97094\/revisions"}],"wp:featuredmedia":[{"embeddable":true,"href":"https:\/\/arantv.az\/index.php?rest_route=\/wp\/v2\/media\/97095"}],"wp:attachment":[{"href":"https:\/\/arantv.az\/index.php?rest_route=%2Fwp%2Fv2%2Fmedia&parent=97094"}],"wp:term":[{"taxonomy":"category","embeddable":true,"href":"https:\/\/arantv.az\/index.php?rest_route=%2Fwp%2Fv2%2Fcategories&post=97094"},{"taxonomy":"post_tag","embeddable":true,"href":"https:\/\/arantv.az\/index.php?rest_route=%2Fwp%2Fv2%2Ftags&post=97094"}],"curies":[{"name":"wp","href":"https:\/\/api.w.org\/{rel}","templated":true}]}}