{"id":97106,"date":"2019-11-16T12:13:32","date_gmt":"2019-11-16T09:13:32","guid":{"rendered":"http:\/\/arantv.az\/?p=97106"},"modified":"2019-11-16T12:13:32","modified_gmt":"2019-11-16T09:13:32","slug":"mehriban-%c9%99liyevanin-unesco-da-f%c9%99aliyy%c9%99ti-az%c9%99rbaycanin-z%c9%99ngin-m%c9%99d%c9%99niyy%c9%99tini-dunyaya-tanitmaqdan-ibar%c9%99tdir-r%c9%99y","status":"publish","type":"post","link":"https:\/\/arantv.az\/?p=97106","title":{"rendered":"Mehriban \u018fliyevan\u0131n UNESCO-da f\u0259aliyy\u0259ti Az\u0259rbaycan\u0131n z\u0259ngin m\u0259d\u0259niyy\u0259tini d\u00fcnyaya tan\u0131tmaqdan ibar\u0259tdir &#8211; R\u018fY"},"content":{"rendered":"<p>Noyabr\u0131n 16-da UNESCO G\u00fcn\u00fc qeyd olunur. 1945-ci ilin h\u0259min g\u00fcn\u00fc Londonda ke\u00e7iril\u0259n konfransda Birl\u0259\u015fmi\u015f Mill\u0259tl\u0259r T\u0259\u015fkilat\u0131n\u0131n (BMT) T\u0259hsil, Elm v\u0259 M\u0259d\u0259niyy\u0259t m\u0259s\u0259l\u0259l\u0259ri \u00fczr\u0259 T\u0259\u015fkilat\u0131 (UNESCO) yarad\u0131laraq 37 d\u00f6vl\u0259tin imzas\u0131 il\u0259 Nizamnam\u0259si q\u0259bul edilib. Yeni beyn\u0259lxalq t\u0259\u015fkilat\u0131n b\u0259\u015f\u0259riyy\u0259tin \u0259qli v\u0259 \u0259xlaqi h\u0259mr\u0259yliyini t\u0259min etm\u0259kl\u0259 d\u00fcnya m\u00fcharib\u0259si ehtimal\u0131n\u0131n qar\u015f\u0131s\u0131n\u0131 almaq m\u0259qs\u0259di da\u015f\u0131d\u0131\u011f\u0131 g\u00fcman olunurdu.<\/p>\n<p>Az\u0259rbaycan BMT-nin bu tabe t\u0259\u015fkilat\u0131na 3 iyun 1992-ci il tarixind\u0259 \u00fczv olub. Az\u0259rbaycan\u0131n Birinci vitse-prezident, Heyd\u0259r \u018fliyev Fondunun prezidenti Mehriban \u018fliyeva UNESCO-nun xo\u015fm\u0259raml\u0131 s\u0259firi f\u0259xri ad\u0131na layiq g\u00f6r\u00fcld\u00fckd\u0259n sonra Az\u0259rbaycanla bu t\u0259\u015fkilat aras\u0131nda \u0259m\u0259kda\u015fl\u0131q \u0259laq\u0259l\u0259ri daha da g\u00fccl\u0259nib. Bel\u0259 ki, Mehriban \u018fliyevan\u0131n r\u0259hb\u0259rliyi v\u0259 qay\u011f\u0131s\u0131 il\u0259 h\u0259m \u00f6lk\u0259d\u0259, h\u0259m d\u0259 xaricd\u0259 maddi v\u0259 qeyri-maddi m\u0259d\u0259ni irsin qorunmas\u0131, Az\u0259rbaycan m\u0259d\u0259niyy\u0259tinin d\u00fcnyada tan\u0131d\u0131lmas\u0131 il\u0259 ba\u011fl\u0131 m\u00fch\u00fcm i\u015fl\u0259r g\u00f6r\u00fcl\u00fcr.<\/p>\n<p>UNESCO-nun xo\u015fm\u0259raml\u0131 s\u0259firl\u0259ri v\u0259 t\u0259\u015fkilat\u0131n \u201cS\u00fclh artisti\u201dl\u0259ri Az\u0259rbaycan\u0131n UNESKO-dak\u0131 f\u0259aliyy\u0259tin\u0259 dair fikirl\u0259rini\u00a0<a href=\"https:\/\/report.az\/medeniyyet-xeberleri\/medeniyyet-siyaseti\/diger-olkeler-de-unesko-cercivesinde-azerbaycan-kimi-feal-olsunlar\/\" target=\"_blank\" rel=\"noopener\">Report<\/a>-la\u00a0b\u00f6l\u00fc\u015f\u00fcbl\u0259r. H\u0259min fikirl\u0259ri t\u0259qdim edirik.<\/p>\n<p>Elisso Bolkvadze &#8211; UNESCO-nun xo\u015fm\u0259raml\u0131 s\u0259firi v\u0259 t\u0259\u015fkilat\u0131n \u201cS\u00fclh artisti\u201d:<\/p>\n<p>\u201cM\u0259n 2015-ci ild\u0259n UNESCO-nun s\u00fclhm\u0259raml\u0131 artistiy\u0259m. Az\u0259rbaycan UNESCO s\u0259viyy\u0259sind\u0259 \u00e7ox y\u00fcks\u0259k f\u0259all\u0131q n\u00fcmayi\u015f etdirir. Az\u0259rbaycan\u0131n Birinci vitse-prezidenti, UNESCO-nun xo\u015fm\u0259raml\u0131 s\u0259firi Mehriban \u018fliyevan\u0131n f\u0259aliyy\u0259tini y\u00fcks\u0259k qiym\u0259tl\u0259ndirir\u0259m. Onun f\u0259aliyy\u0259ti, ilk n\u00f6vb\u0259d\u0259, Az\u0259rbaycan\u0131, onun z\u0259ngin m\u0259d\u0259niyy\u0259tini, q\u0259dim tarixini, inc\u0259s\u0259n\u0259tini, musiqisini d\u00fcnyaya tan\u0131td\u0131rmaqdan ibar\u0259tdir.<\/p>\n<p>UNESCO-da m\u00fct\u0259madi olaraq Az\u0259rbaycana h\u0259sr edilmi\u015f t\u0259dbirl\u0259r ke\u00e7irilir. Dig\u0259r t\u0259r\u0259fd\u0259n, Az\u0259rbaycan Avropaya inteqrasiya yolunu se\u00e7\u0259r\u0259k onun d\u0259y\u0259rl\u0259rini s\u0259rh\u0259dl\u0259ri daxilind\u0259 in\u015fikaf etdirir.<\/p>\n<p>Demokratiyan\u0131n, insan h\u00fcquqlar\u0131n\u0131n, qad\u0131n h\u00fcquqlar\u0131n\u0131n inki\u015faf\u0131na x\u00fcsusi \u0259h\u0259miyy\u0259t ver\u0259n bu g\u0259nc \u00f6lk\u0259 \u00f6z t\u0259cr\u00fcb\u0259sini daim dig\u0259r \u00f6lk\u0259l\u0259r il\u0259 b\u00f6l\u00fc\u015f\u00fcr, h\u0259r zaman m\u00fcbadil\u0259l\u0259r\u0259 b\u00f6y\u00fck maraq v\u0259 y\u00fcks\u0259k aktivlik n\u00fcmayi\u015f etdirir.<\/p>\n<p>N\u0259hay\u0259t, m\u00fc\u015fahid\u0259 etdiyim bir c\u0259h\u0259t d\u0259 Az\u0259rbaycan\u0131n ist\u0259r Bak\u0131da, ist\u0259rs\u0259 d\u0259 xarici \u00f6lk\u0259l\u0259rd\u0259 ke\u00e7iril\u0259n \u00e7oxlu sayda t\u0259dbirl\u0259rin t\u0259\u015f\u0259bb\u00fcskar\u0131 v\u0259 t\u0259\u015fkilat\u00e7\u0131s\u0131 olmas\u0131d\u0131r ki, bu da xalqlar aras\u0131nda dialoqu stimul v\u0259 inki\u015faf etdirir. Arzu ed\u0259rdim ki, dig\u0259r \u00f6lk\u0259l\u0259r d\u0259 UNESCO \u00e7\u0259r\u00e7iv\u0259sind\u0259 Az\u0259rbaycan kimi f\u0259al olsunlar\u201d.<\/p>\n<p><img src=\"https:\/\/assets.oxu.az\/uploads\/W1siZiIsIjIwMTkvMTEvMTYvMTIvMzAvMzIvZjBkODZhZGMtYmYzMi00YmQwLWI3NDAtZjZhZWM1NjdjMDM0L2QyYzMxMWZiLThjOTktNGRkZi1hNzQ3LTRhZTVhMjQ1MDcyNi5qcGciXSxbInAiLCJlbmNvZGUiLCJqcGciLCItcXVhbGl0eSA4MCJdLFsicCIsInRodW1iIiwiNTkweDU5MFx1MDAzZSJdXQ?sha=43a8de4dd6dc33a1\" alt=\"\" \/><\/p>\n<p><strong>\u00a0Elisso Bolkvadze<\/strong><\/p>\n<p>Amri Aminov &#8211; UNESCO-nun xo\u015fm\u0259raml\u0131 s\u0259firi, t\u0259\u015fkilat\u0131n \u201cS\u00fclh artisti\u201d:<\/p>\n<p>\u201cKe\u00e7mi\u015f SSR\u0130 respublikalar\u0131 aras\u0131nda Az\u0259rbaycan q\u0259d\u0259r UNESCO t\u0259rkibind\u0259 aktiv f\u0259aliyy\u0259t g\u00f6st\u0259r\u0259n \u00f6lk\u0259 yoxdur. Az\u0259rbaycan t\u0259\u015fkilat t\u0259r\u0259find\u0259n h\u0259yata ke\u00e7iril\u0259n layih\u0259l\u0259rin \u0259sas i\u015ftirak\u00e7\u0131lar\u0131ndand\u0131r v\u0259 beyn\u0259lxalq \u0259laq\u0259l\u0259rin qurulmas\u0131 \u00fc\u00e7\u00fcn \u00e7ox \u00e7al\u0131\u015f\u0131r. Bel\u0259likl\u0259, UNESCO-nun f\u0259aliyy\u0259tin\u0259 yax\u0131ndan d\u0259st\u0259k verir.<\/p>\n<p>Az\u0259rbaycan d\u00fcnya \u0259h\u0259miyy\u0259tli tarixi abid\u0259l\u0259rin b\u0259rpas\u0131, yeni m\u0259d\u0259niyy\u0259t ocaqlar\u0131n\u0131n yarad\u0131lmas\u0131nda yax\u0131ndan i\u015ftirak edir. Heyd\u0259r \u018fliyev Fondunun bu sah\u0259d\u0259ki f\u0259aliyy\u0259ti g\u00f6z\u00fcm\u00fcz\u00fcn qaba\u011f\u0131ndad\u0131r. Fond bu istiqam\u0259td\u0259 m\u00fch\u00fcm layih\u0259l\u0259r realla\u015fd\u0131r\u0131b. Az\u0259rbaycan \u00f6z\u00fc d\u00fcz yoldad\u0131r v\u0259 dig\u0259r \u00f6lk\u0259l\u0259r\u0259 d\u0259 g\u00f6z\u0259l n\u00fcmun\u0259 olur\u201d.<\/p>\n<p><img src=\"https:\/\/assets.oxu.az\/uploads\/W1siZiIsIjIwMTkvMTEvMTYvMTIvMzAvMzIvNzY5OTQ1ZjQtYjE2ZS00YjdiLTg0YWYtNDIzNDRmMmE1ZmRjLzg5MTRlZmU3LTVlNTItNGU1Zi1hMjIxLTQ0ZjFkMmE0MTVmOS5qcGciXSxbInAiLCJlbmNvZGUiLCJqcGciLCItcXVhbGl0eSA4MCJdLFsicCIsInRodW1iIiwiNTkweDU5MFx1MDAzZSJdXQ?sha=aede1f35c1a01e7f\" alt=\"\" \/><\/p>\n<p>Edva Ser &#8211; UNESCO-nun xo\u015fm\u0259raml\u0131 s\u0259firi, t\u0259\u015fkilat\u0131n \u201cS\u00fclh artisti\u201d:<\/p>\n<p>\u201cAz\u0259rbaycan xalq\u0131 mehriban, s\u0259mimi v\u0259 g\u00f6z\u0259l bir xalqd\u0131r. Bu s\u0259b\u0259bd\u0259n \u00f6lk\u0259 \u0259halisi mehriban v\u0259 s\u00fclh \u015f\u0259raitind\u0259 ya\u015fay\u0131r. T\u0259sad\u00fcfi deyil ki, \u00fc\u00e7 din\u0259 m\u0259xsus insanlar bir-biri il\u0259 anla\u015f\u0131r, bir-birini ba\u015fa d\u00fc\u015f\u00fcr v\u0259 h\u00f6rm\u0259t edir. Dig\u0259r \u00f6lk\u0259l\u0259r\u0259 n\u00fcmun\u0259 olan Az\u0259rbaycan sivilizasiyalararas\u0131 dialoq, multikulturalizm v\u0259 s\u00fclh \u0259n\u0259n\u0259l\u0259rinin m\u00f6hk\u0259ml\u0259nm\u0259sind\u0259 UNESCO t\u0259rkibind\u0259 x\u00fcsusi rolu oynay\u0131r\u201d.<\/p>\n<p><img src=\"https:\/\/assets.oxu.az\/uploads\/W1siZiIsIjIwMTkvMTEvMTYvMTIvMzAvMzIvMGUxMGJiZWItZWNjNi00MzkxLThkZDQtMWQ3YWNhMjNkNjc5L2YyMDVjYzM3LWE0ZmQtNDEwOC04ZmFlLTUxN2Y5MThjOTc5Yy5qcGciXSxbInAiLCJlbmNvZGUiLCJqcGciLCItcXVhbGl0eSA4MCJdLFsicCIsInRodW1iIiwiNTkweDU5MFx1MDAzZSJdXQ?sha=d598c6eebd9593e2\" alt=\"\" \/><\/p>\n<p><img src=\"https:\/\/assets.oxu.az\/uploads\/W1siZiIsIjIwMTkvMTEvMTYvMTIvMzMvMzkvMDJlMzBmMjAtM2FhMy00NGM1LWJmZWMtNjcwMjhjYzBiNmJhLzZhMGUwNThjLTI5YTEtNGNiMS05OTYwLTk5YmU3N2QxNjY5Zi5qcGciXSxbInAiLCJlbmNvZGUiLCJqcGciLCItcXVhbGl0eSA4MCJdLFsicCIsInRodW1iIiwiNTkweDU5MFx1MDAzZSJdXQ?sha=eec038ebeec08ae9\" alt=\"\" \/><\/p>\n<p><img src=\"https:\/\/assets.oxu.az\/uploads\/W1siZiIsIjIwMTkvMTEvMTYvMTIvMzMvMzkvNDI5N2JlYjQtYTdlMi00OGMwLWFjMjMtMmFiMjMwYjYzODYxL2M3ZTY3YzVkLWNiZjUtNDgxYS05MDJlLTE0OWVmZDFlN2M0NS5qcGciXSxbInAiLCJlbmNvZGUiLCJqcGciLCItcXVhbGl0eSA4MCJdLFsicCIsInRodW1iIiwiNTkweDU5MFx1MDAzZSJdXQ?sha=23e901bc2fc1239d\" alt=\"\" \/><\/p>\n<p><img src=\"https:\/\/assets.oxu.az\/uploads\/W1siZiIsIjIwMTkvMTEvMTYvMTIvMzMvMzkvM2JjNWZmZTMtNzBkMy00YWM0LWJiM2ItMWMwNmMwZmE3OThjLzI2OWUxZmE3LWEzOWEtNDAxOC05ZjU2LThhMDdkN2U4OTU1YS5qcGciXSxbInAiLCJlbmNvZGUiLCJqcGciLCItcXVhbGl0eSA4MCJdLFsicCIsInRodW1iIiwiNTkweDU5MFx1MDAzZSJdXQ?sha=96f6e023899a6a29\" alt=\"\" \/><\/p>\n","protected":false},"excerpt":{"rendered":"<p>Noyabr\u0131n 16-da UNESCO G\u00fcn\u00fc qeyd olunur. 1945-ci ilin h\u0259min g\u00fcn\u00fc Londonda ke\u00e7iril\u0259n konfransda Birl\u0259\u015fmi\u015f Mill\u0259tl\u0259r T\u0259\u015fkilat\u0131n\u0131n (BMT) T\u0259hsil, Elm v\u0259 M\u0259d\u0259niyy\u0259t m\u0259s\u0259l\u0259l\u0259ri \u00fczr\u0259 T\u0259\u015fkilat\u0131 (UNESCO) yarad\u0131laraq 37 d\u00f6vl\u0259tin imzas\u0131 il\u0259 Nizamnam\u0259si q\u0259bul edilib. Yeni beyn\u0259lxalq t\u0259\u015fkilat\u0131n b\u0259\u015f\u0259riyy\u0259tin \u0259qli v\u0259 \u0259xlaqi h\u0259mr\u0259yliyini t\u0259min etm\u0259kl\u0259 d\u00fcnya m\u00fcharib\u0259si ehtimal\u0131n\u0131n qar\u015f\u0131s\u0131n\u0131 almaq m\u0259qs\u0259di da\u015f\u0131d\u0131\u011f\u0131 g\u00fcman olunurdu. Az\u0259rbaycan BMT-nin bu tabe t\u0259\u015fkilat\u0131na 3 iyun 1992-ci il tarixind\u0259 \u00fczv olub. Az\u0259rbaycan\u0131n Birinci vitse-prezident, Heyd\u0259r \u018fliyev Fondunun prezidenti Mehriban \u018fliyeva UNESCO-nun xo\u015fm\u0259raml\u0131 s\u0259firi f\u0259xri ad\u0131na layiq g\u00f6r\u00fcld\u00fckd\u0259n sonra Az\u0259rbaycanla bu t\u0259\u015fkilat aras\u0131nda \u0259m\u0259kda\u015fl\u0131q \u0259laq\u0259l\u0259ri daha da g\u00fccl\u0259nib.&hellip;<\/p>\n","protected":false},"author":2,"featured_media":97107,"comment_status":"closed","ping_status":"closed","sticky":false,"template":"","format":"standard","meta":{"om_disable_all_campaigns":false,"_monsterinsights_skip_tracking":false,"_monsterinsights_sitenote_active":false,"_monsterinsights_sitenote_note":"","_monsterinsights_sitenote_category":0},"categories":[4],"tags":[],"aioseo_notices":[],"gutentor_comment":0,"rttpg_featured_image_url":{"full":["https:\/\/arantv.az\/wp-content\/uploads\/2019\/11\/a02325bd-e4b0-426a-8ab6-1a1da29c0fe1.jpg",541,376,false],"landscape":["https:\/\/arantv.az\/wp-content\/uploads\/2019\/11\/a02325bd-e4b0-426a-8ab6-1a1da29c0fe1.jpg",541,376,false],"portraits":["https:\/\/arantv.az\/wp-content\/uploads\/2019\/11\/a02325bd-e4b0-426a-8ab6-1a1da29c0fe1.jpg",541,376,false],"thumbnail":["https:\/\/arantv.az\/wp-content\/uploads\/2019\/11\/a02325bd-e4b0-426a-8ab6-1a1da29c0fe1-150x150.jpg",150,150,true],"medium":["https:\/\/arantv.az\/wp-content\/uploads\/2019\/11\/a02325bd-e4b0-426a-8ab6-1a1da29c0fe1-300x209.jpg",300,209,true],"large":["https:\/\/arantv.az\/wp-content\/uploads\/2019\/11\/a02325bd-e4b0-426a-8ab6-1a1da29c0fe1.jpg",541,376,false],"1536x1536":["https:\/\/arantv.az\/wp-content\/uploads\/2019\/11\/a02325bd-e4b0-426a-8ab6-1a1da29c0fe1.jpg",541,376,false],"2048x2048":["https:\/\/arantv.az\/wp-content\/uploads\/2019\/11\/a02325bd-e4b0-426a-8ab6-1a1da29c0fe1.jpg",541,376,false],"post-thumbnail":["https:\/\/arantv.az\/wp-content\/uploads\/2019\/11\/a02325bd-e4b0-426a-8ab6-1a1da29c0fe1-240x172.jpg",240,172,true],"advps-thumb-one":["https:\/\/arantv.az\/wp-content\/uploads\/2019\/11\/a02325bd-e4b0-426a-8ab6-1a1da29c0fe1.jpg",541,376,false]},"rttpg_author":{"display_name":"V\u00fcsal Rafiqo\u011flu","author_link":"https:\/\/arantv.az\/?author=2"},"rttpg_comment":0,"rttpg_category":"<a href=\"https:\/\/arantv.az\/?cat=4\" rel=\"category\">Siyas\u0259t<\/a>","rttpg_excerpt":"Noyabr\u0131n 16-da UNESCO G\u00fcn\u00fc qeyd olunur. 1945-ci ilin h\u0259min g\u00fcn\u00fc Londonda ke\u00e7iril\u0259n konfransda Birl\u0259\u015fmi\u015f Mill\u0259tl\u0259r T\u0259\u015fkilat\u0131n\u0131n (BMT) T\u0259hsil, Elm v\u0259 M\u0259d\u0259niyy\u0259t m\u0259s\u0259l\u0259l\u0259ri \u00fczr\u0259 T\u0259\u015fkilat\u0131 (UNESCO) yarad\u0131laraq 37 d\u00f6vl\u0259tin imzas\u0131 il\u0259 Nizamnam\u0259si q\u0259bul edilib. Yeni beyn\u0259lxalq t\u0259\u015fkilat\u0131n b\u0259\u015f\u0259riyy\u0259tin \u0259qli v\u0259 \u0259xlaqi h\u0259mr\u0259yliyini t\u0259min etm\u0259kl\u0259 d\u00fcnya m\u00fcharib\u0259si ehtimal\u0131n\u0131n qar\u015f\u0131s\u0131n\u0131 almaq m\u0259qs\u0259di da\u015f\u0131d\u0131\u011f\u0131 g\u00fcman olunurdu. Az\u0259rbaycan BMT-nin bu&hellip;","_links":{"self":[{"href":"https:\/\/arantv.az\/index.php?rest_route=\/wp\/v2\/posts\/97106"}],"collection":[{"href":"https:\/\/arantv.az\/index.php?rest_route=\/wp\/v2\/posts"}],"about":[{"href":"https:\/\/arantv.az\/index.php?rest_route=\/wp\/v2\/types\/post"}],"author":[{"embeddable":true,"href":"https:\/\/arantv.az\/index.php?rest_route=\/wp\/v2\/users\/2"}],"replies":[{"embeddable":true,"href":"https:\/\/arantv.az\/index.php?rest_route=%2Fwp%2Fv2%2Fcomments&post=97106"}],"version-history":[{"count":0,"href":"https:\/\/arantv.az\/index.php?rest_route=\/wp\/v2\/posts\/97106\/revisions"}],"wp:featuredmedia":[{"embeddable":true,"href":"https:\/\/arantv.az\/index.php?rest_route=\/wp\/v2\/media\/97107"}],"wp:attachment":[{"href":"https:\/\/arantv.az\/index.php?rest_route=%2Fwp%2Fv2%2Fmedia&parent=97106"}],"wp:term":[{"taxonomy":"category","embeddable":true,"href":"https:\/\/arantv.az\/index.php?rest_route=%2Fwp%2Fv2%2Fcategories&post=97106"},{"taxonomy":"post_tag","embeddable":true,"href":"https:\/\/arantv.az\/index.php?rest_route=%2Fwp%2Fv2%2Ftags&post=97106"}],"curies":[{"name":"wp","href":"https:\/\/api.w.org\/{rel}","templated":true}]}}