{"id":97118,"date":"2019-11-16T12:18:48","date_gmt":"2019-11-16T09:18:48","guid":{"rendered":"http:\/\/arantv.az\/?p=97118"},"modified":"2019-11-16T12:18:48","modified_gmt":"2019-11-16T09:18:48","slug":"serbiya-prezidenti-x%c9%99st%c9%99xanaya-yerl%c9%99sdirildi","status":"publish","type":"post","link":"https:\/\/arantv.az\/?p=97118","title":{"rendered":"Serbiya Prezidenti x\u0259st\u0259xanaya yerl\u0259\u015fdirildi"},"content":{"rendered":"<p>Serbiya Prezidenti Aleksandr Vu\u00e7i\u00e7 x\u0259st\u0259xanaya yerl\u0259\u015fdirilib.<\/p>\n<p>Prezident administrasiyas\u0131n\u0131n ictimay\u0259t\u0259 \u00fcnvanlad\u0131\u011f\u0131 m\u0259lumatda qeyd olunur ki, Prezident Aleksandr Vu\u00e7i\u00e7 15 noyabr gec\u0259 saatlar\u0131nda H\u0259rbi Tibb Akademiyas\u0131na \u00fcr\u0259k-damar sistemind\u0259 yaranan probleml\u0259 \u0259laq\u0259dar m\u00fcraci\u0259t edib.<\/p>\n<p>Aleksandr Vu\u00e7i\u00e7in 49 ya\u015f\u0131 var. Karyeras\u0131na 1993-c\u00fc ild\u0259 ba\u015flayan siyas\u0259t\u00e7i 2012-ci ild\u0259n Serbiya h\u00f6kum\u0259tind\u0259 M\u00fcdafi\u0259 naziri, Ba\u015f nazirin m\u00fcavini, sonda is\u0259 Ba\u015f nazir olub.<\/p>\n","protected":false},"excerpt":{"rendered":"<p>Serbiya Prezidenti Aleksandr Vu\u00e7i\u00e7 x\u0259st\u0259xanaya yerl\u0259\u015fdirilib. Prezident administrasiyas\u0131n\u0131n ictimay\u0259t\u0259 \u00fcnvanlad\u0131\u011f\u0131 m\u0259lumatda qeyd olunur ki, Prezident Aleksandr Vu\u00e7i\u00e7 15 noyabr gec\u0259 saatlar\u0131nda H\u0259rbi Tibb Akademiyas\u0131na \u00fcr\u0259k-damar sistemind\u0259 yaranan probleml\u0259 \u0259laq\u0259dar m\u00fcraci\u0259t edib. Aleksandr Vu\u00e7i\u00e7in 49 ya\u015f\u0131 var. Karyeras\u0131na 1993-c\u00fc ild\u0259 ba\u015flayan siyas\u0259t\u00e7i 2012-ci ild\u0259n Serbiya h\u00f6kum\u0259tind\u0259 M\u00fcdafi\u0259 naziri, Ba\u015f nazirin m\u00fcavini, sonda is\u0259 Ba\u015f nazir olub.<\/p>\n","protected":false},"author":2,"featured_media":97119,"comment_status":"closed","ping_status":"closed","sticky":false,"template":"","format":"standard","meta":{"om_disable_all_campaigns":false,"_monsterinsights_skip_tracking":false,"_monsterinsights_sitenote_active":false,"_monsterinsights_sitenote_note":"","_monsterinsights_sitenote_category":0},"categories":[7],"tags":[],"aioseo_notices":[],"gutentor_comment":0,"rttpg_featured_image_url":{"full":["https:\/\/arantv.az\/wp-content\/uploads\/2019\/11\/755590303571019.jpg",620,406,false],"landscape":["https:\/\/arantv.az\/wp-content\/uploads\/2019\/11\/755590303571019.jpg",620,406,false],"portraits":["https:\/\/arantv.az\/wp-content\/uploads\/2019\/11\/755590303571019.jpg",620,406,false],"thumbnail":["https:\/\/arantv.az\/wp-content\/uploads\/2019\/11\/755590303571019-150x150.jpg",150,150,true],"medium":["https:\/\/arantv.az\/wp-content\/uploads\/2019\/11\/755590303571019-300x196.jpg",300,196,true],"large":["https:\/\/arantv.az\/wp-content\/uploads\/2019\/11\/755590303571019.jpg",620,406,false],"1536x1536":["https:\/\/arantv.az\/wp-content\/uploads\/2019\/11\/755590303571019.jpg",620,406,false],"2048x2048":["https:\/\/arantv.az\/wp-content\/uploads\/2019\/11\/755590303571019.jpg",620,406,false],"post-thumbnail":["https:\/\/arantv.az\/wp-content\/uploads\/2019\/11\/755590303571019-240x172.jpg",240,172,true],"advps-thumb-one":["https:\/\/arantv.az\/wp-content\/uploads\/2019\/11\/755590303571019.jpg",620,406,false]},"rttpg_author":{"display_name":"V\u00fcsal Rafiqo\u011flu","author_link":"https:\/\/arantv.az\/?author=2"},"rttpg_comment":0,"rttpg_category":"<a href=\"https:\/\/arantv.az\/?cat=7\" rel=\"category\">D\u00fcnya<\/a>","rttpg_excerpt":"Serbiya Prezidenti Aleksandr Vu\u00e7i\u00e7 x\u0259st\u0259xanaya yerl\u0259\u015fdirilib. Prezident administrasiyas\u0131n\u0131n ictimay\u0259t\u0259 \u00fcnvanlad\u0131\u011f\u0131 m\u0259lumatda qeyd olunur ki, Prezident Aleksandr Vu\u00e7i\u00e7 15 noyabr gec\u0259 saatlar\u0131nda H\u0259rbi Tibb Akademiyas\u0131na \u00fcr\u0259k-damar sistemind\u0259 yaranan probleml\u0259 \u0259laq\u0259dar m\u00fcraci\u0259t edib. Aleksandr Vu\u00e7i\u00e7in 49 ya\u015f\u0131 var. Karyeras\u0131na 1993-c\u00fc ild\u0259 ba\u015flayan siyas\u0259t\u00e7i 2012-ci ild\u0259n Serbiya h\u00f6kum\u0259tind\u0259 M\u00fcdafi\u0259 naziri, Ba\u015f nazirin m\u00fcavini, sonda is\u0259 Ba\u015f nazir olub.","_links":{"self":[{"href":"https:\/\/arantv.az\/index.php?rest_route=\/wp\/v2\/posts\/97118"}],"collection":[{"href":"https:\/\/arantv.az\/index.php?rest_route=\/wp\/v2\/posts"}],"about":[{"href":"https:\/\/arantv.az\/index.php?rest_route=\/wp\/v2\/types\/post"}],"author":[{"embeddable":true,"href":"https:\/\/arantv.az\/index.php?rest_route=\/wp\/v2\/users\/2"}],"replies":[{"embeddable":true,"href":"https:\/\/arantv.az\/index.php?rest_route=%2Fwp%2Fv2%2Fcomments&post=97118"}],"version-history":[{"count":0,"href":"https:\/\/arantv.az\/index.php?rest_route=\/wp\/v2\/posts\/97118\/revisions"}],"wp:featuredmedia":[{"embeddable":true,"href":"https:\/\/arantv.az\/index.php?rest_route=\/wp\/v2\/media\/97119"}],"wp:attachment":[{"href":"https:\/\/arantv.az\/index.php?rest_route=%2Fwp%2Fv2%2Fmedia&parent=97118"}],"wp:term":[{"taxonomy":"category","embeddable":true,"href":"https:\/\/arantv.az\/index.php?rest_route=%2Fwp%2Fv2%2Fcategories&post=97118"},{"taxonomy":"post_tag","embeddable":true,"href":"https:\/\/arantv.az\/index.php?rest_route=%2Fwp%2Fv2%2Ftags&post=97118"}],"curies":[{"name":"wp","href":"https:\/\/api.w.org\/{rel}","templated":true}]}}