{"id":97135,"date":"2019-11-16T12:43:12","date_gmt":"2019-11-16T09:43:12","guid":{"rendered":"http:\/\/arantv.az\/?p=97135"},"modified":"2019-11-16T12:43:12","modified_gmt":"2019-11-16T09:43:12","slug":"maksim-qalkin-az%c9%99rbaycan-prezidenti-ilham-%c9%99liyev-v%c9%99-birinci-xanim-mehriban-%c9%99liyevaya-ail%c9%99si-il%c9%99-birg%c9%99-vaxt-tapib-konsertim%c9%99-g%c9%99ldikl%c9%99ri-ucun-t%c9%99","status":"publish","type":"post","link":"https:\/\/arantv.az\/?p=97135","title":{"rendered":"Maksim Qalkin: &#8220;Az\u0259rbaycan Prezidenti \u0130lham \u018fliyev v\u0259 birinci xan\u0131m Mehriban \u018fliyevaya ail\u0259si il\u0259 birg\u0259 vaxt tap\u0131b konsertim\u0259 g\u0259ldikl\u0259ri \u00fc\u00e7\u00fcn t\u0259\u015f\u0259kk\u00fcr\u00fcm\u00fc bildirir\u0259m&#8221;"},"content":{"rendered":"<p><strong>Noyabr\u0131n 15-d\u0259 Heyd\u0259r \u018fliyev M\u0259rk\u0259zind\u0259 rusiyal\u0131 yumorist, teleapar\u0131c\u0131, \u015foumen v\u0259 m\u00fc\u011f\u0259nni Maksim Qalkinin yarad\u0131c\u0131l\u0131q ax\u015fam\u0131 ke\u00e7irilib.<\/strong><\/p>\n<p><strong>ARANTV.AZ<\/strong>\u00a0<a href=\"https:\/\/az.trend.az\/\" target=\"_blank\" rel=\"noopener\">Trend<\/a>-\u0259 istinad\u0259n x\u0259b\u0259r verir ki, t\u0259dbird\u0259 Az\u0259rbaycan Prezidenti \u0130lham \u018fliyev, birinci xan\u0131m Mehriban \u018fliyeva v\u0259 q\u0131zlar\u0131 Leyla \u018fliyeva i\u015ftirak edib.<\/p>\n<p>Maksim Qalkin \u00f6z izl\u0259yicil\u0259ri il\u0259 yarad\u0131c\u0131l\u0131q gec\u0259sinin sonunda s\u0259hn\u0259d\u0259n \u00e7\u0259kil\u0259n video payla\u015f\u0131b. Az\u0259rbaycan Prezidenti \u0130lham \u018fliyev, Birinci xan\u0131m Mehriban \u018fliyeva v\u0259 q\u0131zlar\u0131 Leyla \u018fliyeva onunla g\u00f6r\u00fc\u015f\u00fcb.<\/p>\n<p>Artist konsert bar\u0259d\u0259 \u00f6z t\u0259\u0259ss\u00fcratlar\u0131n\u0131 yaz\u0131b: &#8220;\u0130nan\u0131lmaz s\u0259mimi q\u0259bula g\u00f6r\u0259 \u00e7ox sa\u011f ol, Bak\u0131! Az\u0259rbaycan Prezidenti \u0130lham \u018fliyev v\u0259 birinci xan\u0131m Mehriban \u018fliyevaya ail\u0259si il\u0259 birg\u0259 vaxt tap\u0131b konsertim\u0259 g\u0259ldikl\u0259ri \u00fc\u00e7\u00fcn t\u0259\u015f\u0259kk\u00fcr\u00fcm\u00fc bildirir\u0259m. Art\u0131q iyirmi ildir ki, m\u0259n Bak\u0131da solo konsertl\u0259rl\u0259 i\u015ftirak edir\u0259m v\u0259 h\u0259mi\u015f\u0259 g\u00f6z\u0259l az\u0259rbaycanl\u0131 tama\u015fa\u00e7\u0131lardan z\u00f6vq al\u0131ram. Qar\u015f\u0131da is\u0259 Kreml konserti var!&#8221;<\/p>\n<p>Qeyd ed\u0259k ki, Maksim Qalkin tama\u015fa\u00e7\u0131lar qar\u015f\u0131s\u0131nda &#8220;stand up&#8221; \u015fousu il\u0259 \u00e7\u0131x\u0131\u015f edib. O, Rusiya v\u0259 Avropan\u0131n m\u0259\u015fhur s\u0259n\u0259tkarlar\u0131n\u0131n, o c\u00fcml\u0259d\u0259n Anna German, Lyudmila Z\u0131kina, Lev Le\u015f\u015fenko, Vladimir Vinokur, Dima Bilan, Valeri Leontyev, Filipp Kirkorov, Valeri Meladze, Toto Kutunyo, Co Dassen v\u0259 ba\u015fqa tan\u0131nm\u0131\u015f ifa\u00e7\u0131lar\u0131n mahn\u0131lar\u0131na parodiyalar t\u0259qdim edib.<\/p>\n<p>Gec\u0259nin maraql\u0131 m\u0259qamlar\u0131ndan biri is\u0259 Maksim Qalkinin d\u00fcnya \u015f\u00f6hr\u0259tli m\u00fc\u011f\u0259nni v\u0259 b\u0259st\u0259kar M\u00fcsl\u00fcm Maqomayevin repertuar\u0131ndan &#8220;Mavi \u0259b\u0259dilik&#8221; mahn\u0131s\u0131n\u0131 ifa etm\u0259si oldu. D\u00fcnya \u015f\u00f6hr\u0259tli s\u0259n\u0259tkar Alla Puqa\u00e7ovan\u0131n repertuar\u0131ndan &#8220;Arlekino&#8221; mahn\u0131s\u0131n\u0131 oxumas\u0131n\u0131 da tama\u015fa\u00e7\u0131lar alq\u0131\u015flarla qar\u015f\u0131lad\u0131lar.<\/p>\n<p>Maksim Qalkinin t\u0259qdim etdiyi proqramlar \u00f6z\u00fcnd\u0259 parodiya, mahn\u0131, yumor, m\u0259\u015fhur televiziya \u015foular\u0131ndan konsert n\u00f6mr\u0259l\u0259rini birl\u0259\u015fdirir. O, auditoriyan\u0131 hiss edir v\u0259 tama\u015fa\u00e7\u0131lar\u0131 il\u0259 \u015fou boyu \u00fcnsiyy\u0259t qurur. Bu ax\u015fam da istisna olmad\u0131.<\/p>\n<p>\u0130ki saat davam ed\u0259n gec\u0259d\u0259 tama\u015fa\u00e7\u0131 g\u00fcl\u00fc\u015f\u00fcn\u00fcn, sevinc \u0259hval-ruhiyy\u0259sinin ard\u0131-aras\u0131 k\u0259silmirdi. Yarad\u0131c\u0131l\u0131q ax\u015fam\u0131 h\u0259r k\u0259s\u0259 xo\u015f \u0259hval-ruhiyy\u0259 b\u0259x\u015f etdi.<\/p>\n","protected":false},"excerpt":{"rendered":"<p>Noyabr\u0131n 15-d\u0259 Heyd\u0259r \u018fliyev M\u0259rk\u0259zind\u0259 rusiyal\u0131 yumorist, teleapar\u0131c\u0131, \u015foumen v\u0259 m\u00fc\u011f\u0259nni Maksim Qalkinin yarad\u0131c\u0131l\u0131q ax\u015fam\u0131 ke\u00e7irilib. ARANTV.AZ\u00a0Trend-\u0259 istinad\u0259n x\u0259b\u0259r verir ki, t\u0259dbird\u0259 Az\u0259rbaycan Prezidenti \u0130lham \u018fliyev, birinci xan\u0131m Mehriban \u018fliyeva v\u0259 q\u0131zlar\u0131 Leyla \u018fliyeva i\u015ftirak edib. Maksim Qalkin \u00f6z izl\u0259yicil\u0259ri il\u0259 yarad\u0131c\u0131l\u0131q gec\u0259sinin sonunda s\u0259hn\u0259d\u0259n \u00e7\u0259kil\u0259n video payla\u015f\u0131b. Az\u0259rbaycan Prezidenti \u0130lham \u018fliyev, Birinci xan\u0131m Mehriban \u018fliyeva v\u0259 q\u0131zlar\u0131 Leyla \u018fliyeva onunla g\u00f6r\u00fc\u015f\u00fcb. Artist konsert bar\u0259d\u0259 \u00f6z t\u0259\u0259ss\u00fcratlar\u0131n\u0131 yaz\u0131b: &#8220;\u0130nan\u0131lmaz s\u0259mimi q\u0259bula g\u00f6r\u0259 \u00e7ox sa\u011f ol, Bak\u0131! Az\u0259rbaycan Prezidenti \u0130lham \u018fliyev v\u0259 birinci xan\u0131m Mehriban \u018fliyevaya ail\u0259si il\u0259 birg\u0259 vaxt tap\u0131b&hellip;<\/p>\n","protected":false},"author":2,"featured_media":97136,"comment_status":"closed","ping_status":"closed","sticky":false,"template":"","format":"standard","meta":{"om_disable_all_campaigns":false,"_monsterinsights_skip_tracking":false,"_monsterinsights_sitenote_active":false,"_monsterinsights_sitenote_note":"","_monsterinsights_sitenote_category":0},"categories":[4],"tags":[],"aioseo_notices":[],"gutentor_comment":0,"rttpg_featured_image_url":{"full":["https:\/\/arantv.az\/wp-content\/uploads\/2019\/11\/802808.jpg",800,600,false],"landscape":["https:\/\/arantv.az\/wp-content\/uploads\/2019\/11\/802808.jpg",800,600,false],"portraits":["https:\/\/arantv.az\/wp-content\/uploads\/2019\/11\/802808.jpg",800,600,false],"thumbnail":["https:\/\/arantv.az\/wp-content\/uploads\/2019\/11\/802808-150x150.jpg",150,150,true],"medium":["https:\/\/arantv.az\/wp-content\/uploads\/2019\/11\/802808-300x225.jpg",300,225,true],"large":["https:\/\/arantv.az\/wp-content\/uploads\/2019\/11\/802808.jpg",640,480,false],"1536x1536":["https:\/\/arantv.az\/wp-content\/uploads\/2019\/11\/802808.jpg",800,600,false],"2048x2048":["https:\/\/arantv.az\/wp-content\/uploads\/2019\/11\/802808.jpg",800,600,false],"post-thumbnail":["https:\/\/arantv.az\/wp-content\/uploads\/2019\/11\/802808-240x172.jpg",240,172,true],"advps-thumb-one":["https:\/\/arantv.az\/wp-content\/uploads\/2019\/11\/802808.jpg",800,600,false]},"rttpg_author":{"display_name":"V\u00fcsal Rafiqo\u011flu","author_link":"https:\/\/arantv.az\/?author=2"},"rttpg_comment":0,"rttpg_category":"<a href=\"https:\/\/arantv.az\/?cat=4\" rel=\"category\">Siyas\u0259t<\/a>","rttpg_excerpt":"Noyabr\u0131n 15-d\u0259 Heyd\u0259r \u018fliyev M\u0259rk\u0259zind\u0259 rusiyal\u0131 yumorist, teleapar\u0131c\u0131, \u015foumen v\u0259 m\u00fc\u011f\u0259nni Maksim Qalkinin yarad\u0131c\u0131l\u0131q ax\u015fam\u0131 ke\u00e7irilib. ARANTV.AZ\u00a0Trend-\u0259 istinad\u0259n x\u0259b\u0259r verir ki, t\u0259dbird\u0259 Az\u0259rbaycan Prezidenti \u0130lham \u018fliyev, birinci xan\u0131m Mehriban \u018fliyeva v\u0259 q\u0131zlar\u0131 Leyla \u018fliyeva i\u015ftirak edib. Maksim Qalkin \u00f6z izl\u0259yicil\u0259ri il\u0259 yarad\u0131c\u0131l\u0131q gec\u0259sinin sonunda s\u0259hn\u0259d\u0259n \u00e7\u0259kil\u0259n video payla\u015f\u0131b. Az\u0259rbaycan Prezidenti \u0130lham \u018fliyev, Birinci xan\u0131m Mehriban&hellip;","_links":{"self":[{"href":"https:\/\/arantv.az\/index.php?rest_route=\/wp\/v2\/posts\/97135"}],"collection":[{"href":"https:\/\/arantv.az\/index.php?rest_route=\/wp\/v2\/posts"}],"about":[{"href":"https:\/\/arantv.az\/index.php?rest_route=\/wp\/v2\/types\/post"}],"author":[{"embeddable":true,"href":"https:\/\/arantv.az\/index.php?rest_route=\/wp\/v2\/users\/2"}],"replies":[{"embeddable":true,"href":"https:\/\/arantv.az\/index.php?rest_route=%2Fwp%2Fv2%2Fcomments&post=97135"}],"version-history":[{"count":0,"href":"https:\/\/arantv.az\/index.php?rest_route=\/wp\/v2\/posts\/97135\/revisions"}],"wp:featuredmedia":[{"embeddable":true,"href":"https:\/\/arantv.az\/index.php?rest_route=\/wp\/v2\/media\/97136"}],"wp:attachment":[{"href":"https:\/\/arantv.az\/index.php?rest_route=%2Fwp%2Fv2%2Fmedia&parent=97135"}],"wp:term":[{"taxonomy":"category","embeddable":true,"href":"https:\/\/arantv.az\/index.php?rest_route=%2Fwp%2Fv2%2Fcategories&post=97135"},{"taxonomy":"post_tag","embeddable":true,"href":"https:\/\/arantv.az\/index.php?rest_route=%2Fwp%2Fv2%2Ftags&post=97135"}],"curies":[{"name":"wp","href":"https:\/\/api.w.org\/{rel}","templated":true}]}}