{"id":97211,"date":"2019-11-16T15:01:36","date_gmt":"2019-11-16T12:01:36","guid":{"rendered":"http:\/\/arantv.az\/?p=97211"},"modified":"2019-11-16T15:01:36","modified_gmt":"2019-11-16T12:01:36","slug":"vilay%c9%99t-eyvazov-interpolun-milli-m%c9%99rk%c9%99zi-burosunun-yeni-r%c9%99isini-kollektiv%c9%99-t%c9%99qdim-etdi","status":"publish","type":"post","link":"https:\/\/arantv.az\/?p=97211","title":{"rendered":"Vilay\u0259t Eyvazov \u0130nterpolun Milli M\u0259rk\u0259zi B\u00fcrosunun yeni r\u0259isini kollektiv\u0259 t\u0259qdim etdi"},"content":{"rendered":"<p>Bu g\u00fcn Daxili \u0130\u015fl\u0259r naziri, general-polkovnik Vilay\u0259t Eyvazov \u0130nterpolun Milli M\u0259rk\u0259zi B\u00fcrosuna ged\u0259r\u0259k qurumun yeni r\u0259isi polis polkovniki \u018flaslan A\u011fayevi \u015f\u0259xsi hey\u0259t\u0259 t\u0259qdim edib, xidm\u0259ti f\u0259aliyy\u0259tin daha s\u0259m\u0259r\u0259li v\u0259 effektiv t\u0259min edilm\u0259si \u00fc\u00e7\u00fcn t\u0259l\u0259b v\u0259 t\u00f6vsiy\u0259l\u0259rini verib.<\/p>\n<div id=\"AdviadNativeVideo0\" class=\"AdviadNativeVideo\"><\/div>\n<p>Bu bar\u0259d\u0259 Daxili \u0130\u015fl\u0259r Nazirliyinin M\u0259tbuat Xidm\u0259tind\u0259n m\u0259lumat verilib.<\/p>\n<p>Xat\u0131rladaq ki, V.Eyvazovun \u0259mri il\u0259 polis polkovniki \u018flaslan A\u011fayev Az\u0259rbaycan Respublikas\u0131nda \u0130nterpolun Milli M\u0259rk\u0259zi B\u00fcrosunun r\u0259isi t\u0259yin edilib.<\/p>\n","protected":false},"excerpt":{"rendered":"<p>Bu g\u00fcn Daxili \u0130\u015fl\u0259r naziri, general-polkovnik Vilay\u0259t Eyvazov \u0130nterpolun Milli M\u0259rk\u0259zi B\u00fcrosuna ged\u0259r\u0259k qurumun yeni r\u0259isi polis polkovniki \u018flaslan A\u011fayevi \u015f\u0259xsi hey\u0259t\u0259 t\u0259qdim edib, xidm\u0259ti f\u0259aliyy\u0259tin daha s\u0259m\u0259r\u0259li v\u0259 effektiv t\u0259min edilm\u0259si \u00fc\u00e7\u00fcn t\u0259l\u0259b v\u0259 t\u00f6vsiy\u0259l\u0259rini verib. Bu bar\u0259d\u0259 Daxili \u0130\u015fl\u0259r Nazirliyinin M\u0259tbuat Xidm\u0259tind\u0259n m\u0259lumat verilib. Xat\u0131rladaq ki, V.Eyvazovun \u0259mri il\u0259 polis polkovniki \u018flaslan A\u011fayev Az\u0259rbaycan Respublikas\u0131nda \u0130nterpolun Milli M\u0259rk\u0259zi B\u00fcrosunun r\u0259isi t\u0259yin edilib.<\/p>\n","protected":false},"author":2,"featured_media":97212,"comment_status":"closed","ping_status":"closed","sticky":false,"template":"","format":"standard","meta":{"om_disable_all_campaigns":false,"_monsterinsights_skip_tracking":false,"_monsterinsights_sitenote_active":false,"_monsterinsights_sitenote_note":"","_monsterinsights_sitenote_category":0},"categories":[1],"tags":[],"aioseo_notices":[],"gutentor_comment":0,"rttpg_featured_image_url":{"full":["https:\/\/arantv.az\/wp-content\/uploads\/2019\/11\/IMG_0007.jpg",620,413,false],"landscape":["https:\/\/arantv.az\/wp-content\/uploads\/2019\/11\/IMG_0007.jpg",620,413,false],"portraits":["https:\/\/arantv.az\/wp-content\/uploads\/2019\/11\/IMG_0007.jpg",620,413,false],"thumbnail":["https:\/\/arantv.az\/wp-content\/uploads\/2019\/11\/IMG_0007-150x150.jpg",150,150,true],"medium":["https:\/\/arantv.az\/wp-content\/uploads\/2019\/11\/IMG_0007-300x200.jpg",300,200,true],"large":["https:\/\/arantv.az\/wp-content\/uploads\/2019\/11\/IMG_0007.jpg",620,413,false],"1536x1536":["https:\/\/arantv.az\/wp-content\/uploads\/2019\/11\/IMG_0007.jpg",620,413,false],"2048x2048":["https:\/\/arantv.az\/wp-content\/uploads\/2019\/11\/IMG_0007.jpg",620,413,false],"post-thumbnail":["https:\/\/arantv.az\/wp-content\/uploads\/2019\/11\/IMG_0007-240x172.jpg",240,172,true],"advps-thumb-one":["https:\/\/arantv.az\/wp-content\/uploads\/2019\/11\/IMG_0007.jpg",620,413,false]},"rttpg_author":{"display_name":"V\u00fcsal Rafiqo\u011flu","author_link":"https:\/\/arantv.az\/?author=2"},"rttpg_comment":0,"rttpg_category":"<a href=\"https:\/\/arantv.az\/?cat=1\" rel=\"category\">C\u0259miyy\u0259t<\/a>","rttpg_excerpt":"Bu g\u00fcn Daxili \u0130\u015fl\u0259r naziri, general-polkovnik Vilay\u0259t Eyvazov \u0130nterpolun Milli M\u0259rk\u0259zi B\u00fcrosuna ged\u0259r\u0259k qurumun yeni r\u0259isi polis polkovniki \u018flaslan A\u011fayevi \u015f\u0259xsi hey\u0259t\u0259 t\u0259qdim edib, xidm\u0259ti f\u0259aliyy\u0259tin daha s\u0259m\u0259r\u0259li v\u0259 effektiv t\u0259min edilm\u0259si \u00fc\u00e7\u00fcn t\u0259l\u0259b v\u0259 t\u00f6vsiy\u0259l\u0259rini verib. Bu bar\u0259d\u0259 Daxili \u0130\u015fl\u0259r Nazirliyinin M\u0259tbuat Xidm\u0259tind\u0259n m\u0259lumat verilib. Xat\u0131rladaq ki, V.Eyvazovun \u0259mri il\u0259 polis polkovniki \u018flaslan A\u011fayev&hellip;","_links":{"self":[{"href":"https:\/\/arantv.az\/index.php?rest_route=\/wp\/v2\/posts\/97211"}],"collection":[{"href":"https:\/\/arantv.az\/index.php?rest_route=\/wp\/v2\/posts"}],"about":[{"href":"https:\/\/arantv.az\/index.php?rest_route=\/wp\/v2\/types\/post"}],"author":[{"embeddable":true,"href":"https:\/\/arantv.az\/index.php?rest_route=\/wp\/v2\/users\/2"}],"replies":[{"embeddable":true,"href":"https:\/\/arantv.az\/index.php?rest_route=%2Fwp%2Fv2%2Fcomments&post=97211"}],"version-history":[{"count":0,"href":"https:\/\/arantv.az\/index.php?rest_route=\/wp\/v2\/posts\/97211\/revisions"}],"wp:featuredmedia":[{"embeddable":true,"href":"https:\/\/arantv.az\/index.php?rest_route=\/wp\/v2\/media\/97212"}],"wp:attachment":[{"href":"https:\/\/arantv.az\/index.php?rest_route=%2Fwp%2Fv2%2Fmedia&parent=97211"}],"wp:term":[{"taxonomy":"category","embeddable":true,"href":"https:\/\/arantv.az\/index.php?rest_route=%2Fwp%2Fv2%2Fcategories&post=97211"},{"taxonomy":"post_tag","embeddable":true,"href":"https:\/\/arantv.az\/index.php?rest_route=%2Fwp%2Fv2%2Ftags&post=97211"}],"curies":[{"name":"wp","href":"https:\/\/api.w.org\/{rel}","templated":true}]}}