{"id":97223,"date":"2019-11-16T15:06:47","date_gmt":"2019-11-16T12:06:47","guid":{"rendered":"http:\/\/arantv.az\/?p=97223"},"modified":"2019-11-16T15:06:47","modified_gmt":"2019-11-16T12:06:47","slug":"az%c9%99rbaycanli-t%c9%99rcum%c9%99cinin-suali-dunya-m%c9%99tbuatinda-beyl-kimdir","status":"publish","type":"post","link":"https:\/\/arantv.az\/?p=97223","title":{"rendered":"Az\u0259rbaycanl\u0131 t\u0259rc\u00fcm\u0259\u00e7inin sual\u0131 d\u00fcnya m\u0259tbuat\u0131nda: &#8220;Beyl kimdir?&#8221;"},"content":{"rendered":"<p>A\u00c7-2020-nin se\u00e7m\u0259 m\u0259rh\u0259l\u0259sinin Az\u0259rbaycan &#8211; Uels oyunu \u00f6nc\u0259si qonaq komandan\u0131n m\u0259tbuat konfrans\u0131 zaman\u0131 ya\u015fanan biab\u0131r\u00e7\u0131l\u0131q Britaniya m\u0259tbuat\u0131nda da i\u015f\u0131qland\u0131r\u0131l\u0131b.<\/p>\n<p>D\u00fcnyaca m\u0259\u015fhur &#8220;The Sun&#8221; n\u0259\u015fri d\u0259 s\u00f6z\u00fcged\u0259n hadis\u0259d\u0259n yaz\u0131b. &#8220;Rayan Giqqz\u0259 q\u0259rib\u0259 \u015f\u0259kild\u0259 veril\u0259n &#8220;Qaret Beyl kimdir&#8221; sual\u0131ndan sonra Uels Futbol Assosiasiyas\u0131 m\u0259tbuat konfrans\u0131 \u00fc\u00e7\u00fcn yeni t\u0259rc\u00fcm\u0259\u00e7i t\u0259l\u0259b etdi&#8221; ba\u015fl\u0131ql\u0131 x\u0259b\u0259rd\u0259 deyilir: &#8220;Bu sualdan sonra Giqqzin m\u0259tbuat konfrans\u0131 korland\u0131. Yerli federasiya t\u0259r\u0259find\u0259n t\u0259yin olunan t\u0259cr\u00fcb\u0259siz v\u0259 az m\u0259lumatl\u0131 xan\u0131m t\u0259rc\u00fcm\u0259\u00e7i Beyli tan\u0131mad\u0131\u011f\u0131 \u00fc\u00e7\u00fcn t\u0259dbird\u0259n k\u0259narla\u015fd\u0131r\u0131ld\u0131. Bundan ba\u015fqa, t\u0259rc\u00fcm\u0259\u00e7inin Giqqzin s\u0259sl\u0259ndirdiyi fikirl\u0259ri yenid\u0259n onunla m\u00fczakir\u0259 etm\u0259si d\u0259 ba\u015f m\u0259\u015fq\u00e7ini m\u0259yus etdi&#8221;.<\/p>\n<p>&#8220;Besoccer.com&#8221; sayt\u0131nda ged\u0259n &#8220;Assosiasiya r\u0259smisi t\u0259rc\u00fcm\u0259\u00e7inin &#8220;Qaret Beyl kimdir&#8221; sual\u0131na q\u0259z\u0259bl\u0259ndi&#8221; ba\u015fl\u0131ql\u0131 x\u0259b\u0259rd\u0259 d\u0259 m\u0259tbuat konfrans\u0131ndak\u0131 hadis\u0259y\u0259 yer verilib: &#8220;Giqqzin m\u0259tbuat konfrans\u0131nda i\u015fl\u0259r el\u0259 d\u0259 yax\u015f\u0131 getm\u0259di. T\u0259rc\u00fcm\u0259\u00e7i dan\u0131\u015fma\u011fa ba\u015flayanda ham\u0131 t\u0259\u0259cc\u00fcbl\u0259ndi. Giqqz suallara \u00e7\u0259tinlikl\u0259 cavab verirdi. Getdikc\u0259 h\u0259r \u015fey daha da pisl\u0259\u015fdi. T\u0259rc\u00fcm\u0259\u00e7i Uelsin d\u00fcnyaca tan\u0131nm\u0131\u015f ulduzu haqda soru\u015fdu v\u0259 onsuz da q\u0259z\u0259bli olan Giqqzin qula\u011f\u0131na &#8220;Qaret Beyl kimdir&#8221; dey\u0259 p\u0131\u00e7\u0131ldad\u0131. Bundan sonra UEFA n\u00fcmay\u0259nd\u0259si t\u0259c\u00fcm\u0259\u00e7ini d\u0259yi\u015fm\u0259li oldu&#8221;.<\/p>\n<p>Qeyd ed\u0259k ki, m\u0259\u015fhur &#8220;Daily Mail&#8221; q\u0259zeti d\u0259 &#8220;The Sun&#8221;a istinad\u0259n bu x\u0259b\u0259ri verib.<\/p>\n<p>\/\/\/Sportinfo.az<\/p>\n","protected":false},"excerpt":{"rendered":"<p>A\u00c7-2020-nin se\u00e7m\u0259 m\u0259rh\u0259l\u0259sinin Az\u0259rbaycan &#8211; Uels oyunu \u00f6nc\u0259si qonaq komandan\u0131n m\u0259tbuat konfrans\u0131 zaman\u0131 ya\u015fanan biab\u0131r\u00e7\u0131l\u0131q Britaniya m\u0259tbuat\u0131nda da i\u015f\u0131qland\u0131r\u0131l\u0131b. D\u00fcnyaca m\u0259\u015fhur &#8220;The Sun&#8221; n\u0259\u015fri d\u0259 s\u00f6z\u00fcged\u0259n hadis\u0259d\u0259n yaz\u0131b. &#8220;Rayan Giqqz\u0259 q\u0259rib\u0259 \u015f\u0259kild\u0259 veril\u0259n &#8220;Qaret Beyl kimdir&#8221; sual\u0131ndan sonra Uels Futbol Assosiasiyas\u0131 m\u0259tbuat konfrans\u0131 \u00fc\u00e7\u00fcn yeni t\u0259rc\u00fcm\u0259\u00e7i t\u0259l\u0259b etdi&#8221; ba\u015fl\u0131ql\u0131 x\u0259b\u0259rd\u0259 deyilir: &#8220;Bu sualdan sonra Giqqzin m\u0259tbuat konfrans\u0131 korland\u0131. Yerli federasiya t\u0259r\u0259find\u0259n t\u0259yin olunan t\u0259cr\u00fcb\u0259siz v\u0259 az m\u0259lumatl\u0131 xan\u0131m t\u0259rc\u00fcm\u0259\u00e7i Beyli tan\u0131mad\u0131\u011f\u0131 \u00fc\u00e7\u00fcn t\u0259dbird\u0259n k\u0259narla\u015fd\u0131r\u0131ld\u0131. Bundan ba\u015fqa, t\u0259rc\u00fcm\u0259\u00e7inin Giqqzin s\u0259sl\u0259ndirdiyi fikirl\u0259ri yenid\u0259n onunla m\u00fczakir\u0259 etm\u0259si d\u0259 ba\u015f m\u0259\u015fq\u00e7ini m\u0259yus etdi&#8221;. &#8220;Besoccer.com&#8221;&hellip;<\/p>\n","protected":false},"author":2,"featured_media":97224,"comment_status":"closed","ping_status":"closed","sticky":false,"template":"","format":"standard","meta":{"om_disable_all_campaigns":false,"_monsterinsights_skip_tracking":false,"_monsterinsights_sitenote_active":false,"_monsterinsights_sitenote_note":"","_monsterinsights_sitenote_category":0},"categories":[1],"tags":[],"aioseo_notices":[],"gutentor_comment":0,"rttpg_featured_image_url":{"full":["https:\/\/arantv.az\/wp-content\/uploads\/2019\/11\/86C5ACA7-4A59-40FC-8B8A-178390AA3756.jpe.jpg",634,423,false],"landscape":["https:\/\/arantv.az\/wp-content\/uploads\/2019\/11\/86C5ACA7-4A59-40FC-8B8A-178390AA3756.jpe.jpg",634,423,false],"portraits":["https:\/\/arantv.az\/wp-content\/uploads\/2019\/11\/86C5ACA7-4A59-40FC-8B8A-178390AA3756.jpe.jpg",634,423,false],"thumbnail":["https:\/\/arantv.az\/wp-content\/uploads\/2019\/11\/86C5ACA7-4A59-40FC-8B8A-178390AA3756.jpe-150x150.jpg",150,150,true],"medium":["https:\/\/arantv.az\/wp-content\/uploads\/2019\/11\/86C5ACA7-4A59-40FC-8B8A-178390AA3756.jpe-300x200.jpg",300,200,true],"large":["https:\/\/arantv.az\/wp-content\/uploads\/2019\/11\/86C5ACA7-4A59-40FC-8B8A-178390AA3756.jpe.jpg",634,423,false],"1536x1536":["https:\/\/arantv.az\/wp-content\/uploads\/2019\/11\/86C5ACA7-4A59-40FC-8B8A-178390AA3756.jpe.jpg",634,423,false],"2048x2048":["https:\/\/arantv.az\/wp-content\/uploads\/2019\/11\/86C5ACA7-4A59-40FC-8B8A-178390AA3756.jpe.jpg",634,423,false],"post-thumbnail":["https:\/\/arantv.az\/wp-content\/uploads\/2019\/11\/86C5ACA7-4A59-40FC-8B8A-178390AA3756.jpe-240x172.jpg",240,172,true],"advps-thumb-one":["https:\/\/arantv.az\/wp-content\/uploads\/2019\/11\/86C5ACA7-4A59-40FC-8B8A-178390AA3756.jpe.jpg",634,423,false]},"rttpg_author":{"display_name":"V\u00fcsal Rafiqo\u011flu","author_link":"https:\/\/arantv.az\/?author=2"},"rttpg_comment":0,"rttpg_category":"<a href=\"https:\/\/arantv.az\/?cat=1\" rel=\"category\">C\u0259miyy\u0259t<\/a>","rttpg_excerpt":"A\u00c7-2020-nin se\u00e7m\u0259 m\u0259rh\u0259l\u0259sinin Az\u0259rbaycan &#8211; Uels oyunu \u00f6nc\u0259si qonaq komandan\u0131n m\u0259tbuat konfrans\u0131 zaman\u0131 ya\u015fanan biab\u0131r\u00e7\u0131l\u0131q Britaniya m\u0259tbuat\u0131nda da i\u015f\u0131qland\u0131r\u0131l\u0131b. D\u00fcnyaca m\u0259\u015fhur &#8220;The Sun&#8221; n\u0259\u015fri d\u0259 s\u00f6z\u00fcged\u0259n hadis\u0259d\u0259n yaz\u0131b. &#8220;Rayan Giqqz\u0259 q\u0259rib\u0259 \u015f\u0259kild\u0259 veril\u0259n &#8220;Qaret Beyl kimdir&#8221; sual\u0131ndan sonra Uels Futbol Assosiasiyas\u0131 m\u0259tbuat konfrans\u0131 \u00fc\u00e7\u00fcn yeni t\u0259rc\u00fcm\u0259\u00e7i t\u0259l\u0259b etdi&#8221; ba\u015fl\u0131ql\u0131 x\u0259b\u0259rd\u0259 deyilir: &#8220;Bu sualdan sonra Giqqzin&hellip;","_links":{"self":[{"href":"https:\/\/arantv.az\/index.php?rest_route=\/wp\/v2\/posts\/97223"}],"collection":[{"href":"https:\/\/arantv.az\/index.php?rest_route=\/wp\/v2\/posts"}],"about":[{"href":"https:\/\/arantv.az\/index.php?rest_route=\/wp\/v2\/types\/post"}],"author":[{"embeddable":true,"href":"https:\/\/arantv.az\/index.php?rest_route=\/wp\/v2\/users\/2"}],"replies":[{"embeddable":true,"href":"https:\/\/arantv.az\/index.php?rest_route=%2Fwp%2Fv2%2Fcomments&post=97223"}],"version-history":[{"count":0,"href":"https:\/\/arantv.az\/index.php?rest_route=\/wp\/v2\/posts\/97223\/revisions"}],"wp:featuredmedia":[{"embeddable":true,"href":"https:\/\/arantv.az\/index.php?rest_route=\/wp\/v2\/media\/97224"}],"wp:attachment":[{"href":"https:\/\/arantv.az\/index.php?rest_route=%2Fwp%2Fv2%2Fmedia&parent=97223"}],"wp:term":[{"taxonomy":"category","embeddable":true,"href":"https:\/\/arantv.az\/index.php?rest_route=%2Fwp%2Fv2%2Fcategories&post=97223"},{"taxonomy":"post_tag","embeddable":true,"href":"https:\/\/arantv.az\/index.php?rest_route=%2Fwp%2Fv2%2Ftags&post=97223"}],"curies":[{"name":"wp","href":"https:\/\/api.w.org\/{rel}","templated":true}]}}