{"id":97235,"date":"2019-11-16T15:21:55","date_gmt":"2019-11-16T12:21:55","guid":{"rendered":"http:\/\/arantv.az\/?p=97235"},"modified":"2019-11-16T15:21:55","modified_gmt":"2019-11-16T12:21:55","slug":"ev-yiy%c9%99l%c9%99rini-g%c9%99l%c9%99n-ild%c9%99n-n%c9%99-gozl%c9%99yir-50-manat-verm%c9%99y%c9%99n%c9%99-30-manat-c%c9%99rim%c9%99-sonra-yen%c9%99-c%c9%99rim%c9%99","status":"publish","type":"post","link":"https:\/\/arantv.az\/?p=97235","title":{"rendered":"Ev yiy\u0259l\u0259rini g\u0259l\u0259n ild\u0259n n\u0259 g\u00f6zl\u0259yir&#8230; &#8211; 50 manat verm\u0259y\u0259n\u0259 30 manat c\u0259rim\u0259, sonra yen\u0259 c\u0259rim\u0259"},"content":{"rendered":"<p><strong>2011-ci ilin iyunundan\u00a0q\u0259bul edil\u0259n, 2012-ci ilin yanvar\u0131ndan r\u0259sm\u0259n q\u00fcvv\u0259y\u0259 min\u0259n\u00a0\u00a0v\u0259 indiy\u0259d\u0259k icra olunmam\u0131\u015f qalan &#8220;\u0130cbari s\u0131\u011fortalar haqq\u0131nda&#8221; Qanunun da\u015f\u0131nmaz \u0259mlakla ba\u011fl\u0131 m\u00fcdd\u0259alar\u0131 2020-ci ilin yanvar\u0131ndan etibar\u0259n\u00a0c\u0259za mexanizml\u0259ri il\u0259 i\u015f\u0259 d\u00fc\u015f\u0259c\u0259k.<\/strong><\/p>\n<div class=\"content\">\n<p>Bel\u0259 ki, yeni ild\u0259n qanunun da\u015f\u0131nmaz \u0259mlak\u0131n s\u0131\u011fortas\u0131n\u0131 icbari ed\u0259n 2-ci f\u0259slinin icras\u0131na s\u0259rt n\u0259zar\u0259t mexanizmi t\u0259tbiq olunacaq. \u00d6z \u0259mlak\u0131n\u0131 s\u0131\u011forta etdirm\u0259kd\u0259n yay\u0131nanlara qar\u015f\u0131 qanunvericilik \u0259sas\u0131nda m\u0259suliyy\u0259t t\u0259dbirl\u0259ri t\u0259tbiq edil\u0259c\u0259k. Y\u0259ni da\u015f\u0131nmaz \u0259mlak\u0131n\u0131 icbari s\u0131\u011forta etdirm\u0259y\u0259nl\u0259r c\u0259rim\u0259l\u0259n\u0259c\u0259k, \u00fcst\u0259lik bu c\u0259rim\u0259 mexanizmi t\u0259xmin\u0259n avtomobill\u0259rin m\u0259cburi s\u0131\u011fortas\u0131ndan yay\u0131nmaya g\u00f6r\u0259 t\u0259tbiq edil\u0259n mexanizmi xat\u0131rlad\u0131r. Bu m\u0259s\u0259l\u0259 haz\u0131rda sosial \u015f\u0259b\u0259k\u0259l\u0259rd\u0259 m\u00fczakir\u0259 olunmaqdad\u0131r.<\/p>\n<p><em><strong>Bak\u0131da evi olan 50 manat, regionlarda 30 manat&#8230;<\/strong><\/em><\/p>\n<p><strong>ARANTV.AZ<\/strong> virtualaz.org-a istinad\u0259n bildirir ki, haz\u0131rda n\u0259zar\u0259t etm\u0259k \u00fc\u00e7\u00fcn m\u0259lumat bazalar\u0131n\u0131n inteqrasiyas\u0131 prosesi gedir, sisteml\u0259r birl\u0259\u015fdirilir. Sisteml\u0259rin birl\u0259\u015fdirilm\u0259si \u00fc\u00e7\u00fcn i\u015fl\u0259r bu ilin sonunda ba\u015fa \u00e7atacaq v\u0259 bu sistem g\u0259l\u0259n ild\u0259n i\u015f\u0259 d\u00fc\u015f\u0259c\u0259k. \u0130cbari S\u0131\u011forta B\u00fcrosunun sistemind\u0259 &#8220;kup\u00e7a&#8221;s\u0131 olanlar g\u00f6r\u00fcn\u0259c\u0259k. \u018fg\u0259r m\u0259nzilin s\u0131\u011fortas\u0131 yoxdursa, h\u0259min \u015f\u0259xsin mailin\u0259 v\u0259 yaxud telefonuna mesaj g\u00f6nd\u0259ril\u0259c\u0259k.<\/p>\n<p>Da\u015f\u0131nmaz \u0259mlaka g\u00f6r\u0259 bir illik s\u0131\u011forta haqq\u0131 Bak\u0131 \u015f\u0259h\u0259rind\u0259 50 manat, Sumqay\u0131t, G\u0259nc\u0259, Nax\u00e7\u0131van \u015f\u0259h\u0259rl\u0259rind\u0259 40 manat, dig\u0259r ya\u015fay\u0131\u015f m\u0259nt\u0259q\u0259l\u0259ri v\u0259 b\u00f6lg\u0259l\u0259rd\u0259 is\u0259 30 manatd\u0131r.<\/p>\n<p><img src=\"https:\/\/i.virtualaz.org\/305985_src.jpg\" \/><\/p>\n<p>S\u0131\u011forta hadis\u0259si ba\u015f verdikd\u0259n sonra s\u0131\u011forta \u015firk\u0259ti \u0259mlak sahibin\u0259 Bak\u0131 \u015f\u0259h\u0259rind\u0259 maksimim 25 min manat, Sumqay\u0131t, G\u0259nc\u0259, Nax\u00e7\u0131van \u015f\u0259h\u0259rl\u0259rind\u0259 maksimim 20 min manat, dig\u0259r ya\u015fay\u0131\u015f m\u0259nt\u0259q\u0259l\u0259ri v\u0259 b\u00f6lg\u0259l\u0259rd\u0259 is\u0259 maksimim 15 min manat \u00f6d\u0259yir. \u0130cbari s\u0131\u011forta m\u00fcqavil\u0259sinin ba\u011flanmamas\u0131na g\u00f6r\u0259 c\u0259rim\u0259l\u0259rin t\u0259tbiqi is\u0259 &#8220;\u0130nzibati X\u0259talar M\u0259c\u0259ll\u0259si&#8221;nin 569-cu madd\u0259si il\u0259 t\u0259nziml\u0259nir.<\/p>\n<p><em><strong>\u00d6d\u0259m\u0259y\u0259ni c\u0259rim\u0259 g\u00f6zl\u0259y\u0259c\u0259k<\/strong><\/em><\/p>\n<p>\u0130cbari s\u0131\u011forta m\u00fcqavil\u0259sinin ba\u011flanmamas\u0131na g\u00f6r\u0259 fiziki \u015f\u0259xsl\u0259r\u0259 30 manat, v\u0259zif\u0259li \u015f\u0259xsl\u0259r\u0259 80 manat, h\u00fcquqi \u015f\u0259xsl\u0259r\u0259 is\u0259 200 manat c\u0259rim\u0259 n\u0259z\u0259rd\u0259 tutulub.\u00a0\u00a020 g\u00fcn \u0259rzind\u0259 icbari s\u0131\u011forta m\u00fcqavil\u0259si ba\u011flanmasa \u0259mlak sahibi yenid\u0259n eyni m\u0259bl\u0259\u011fd\u0259 c\u0259rim\u0259 edilir.<\/p>\n<p>B\u0259s s\u0259kkiz il \u0259vv\u0259l qanunvericilik bazas\u0131 formala\u015fm\u0131\u015f da\u015f\u0131nmaz \u0259mlak\u0131n s\u0131\u011fortas\u0131 haqq\u0131nda qanunun t\u0259tbiqi niy\u0259 l\u0259ngiyib?\u00a0\u00a0\u018fmlak s\u0131\u011fortas\u0131n\u0131 \u00f6d\u0259m\u0259k niy\u0259 k\u00f6n\u00fcll\u00fc yox, m\u0259cburi xarakter da\u015f\u0131y\u0131r? Bu prosesd\u0259\u00a0qazananlar kiml\u0259r\u00a0olacaq?<\/p>\n<p>Da\u015f\u0131nmaz \u0259mlak eksperti Ramil Osmanl\u0131n\u0131n\u00a0virtualaz.org-a bildirdiyin\u0259 g\u00f6r\u0259, beyn\u0259lxalq t\u0259cr\u00fcb\u0259 il\u0259 yana\u015fsaq, bu proses k\u00f6n\u00fcll\u00fc olmal\u0131 idi. Amma Az\u0259rbaycan h\u00f6kum\u0259ti hesab edir ki, k\u00f6n\u00fcll\u00fc \u0259mlak s\u0131\u011fortas\u0131n\u0131 h\u0259yata ke\u00e7irm\u0259k \u00e7\u0259tin ola bil\u0259r v\u0259 bu m\u0259nada daha optimal varant kimi bu m\u0259sl\u0259nin \u00fcz\u0259rind\u0259 dayan\u0131blar.<\/p>\n<p><img src=\"https:\/\/i.virtualaz.org\/305987_src.jpg\" \/><\/p>\n<p><em><strong>&#8220;He\u00e7 olmasa c\u0259rim\u0259 m\u0259s\u0259l\u0259sind\u0259 yum\u015faq variant se\u00e7ilm\u0259liydi&#8230;&#8221;<\/strong><\/em><\/p>\n<p><strong>&#8220;H\u00f6kum\u0259tin q\u0259rar\u0131na g\u00f6r\u0259, yaln\u0131z c\u0259rim\u0259\u00a0\u00a0t\u0259tbiqi il\u0259 \u0259halini bu m\u0259s\u0259l\u0259y\u0259 y\u00f6n\u0259ltm\u0259k m\u00fcmk\u00fcn olacaq. Amma hesab edir\u0259m ki, c\u0259rim\u0259l\u0259rin m\u00fcdd\u0259ti olduqca q\u0131sad\u0131r. Avtomobill\u0259rin icbari s\u0131\u011fortas\u0131nda oldu\u011fu kimi v\u0259t\u0259nda\u015f 20 g\u00fcn \u0259rzind\u0259 s\u0131\u011forta olunmursa, c\u0259rim\u0259 t\u0259tbiqin\u0259 ba\u015flan\u0131l\u0131r. \u018fslind\u0259 bel\u0259 olmamal\u0131d\u0131r, bir optimal variant tap\u0131lmal\u0131d\u0131r. \u018fhalini s\u0131\u011fortaya c\u0259lb etm\u0259k \u00fc\u00e7\u00fcn icbari yol se\u00e7ils\u0259 d\u0259, c\u0259rim\u0259l\u0259nm\u0259 m\u0259s\u0259l\u0259sind\u0259 he\u00e7 olmasa, bir az loyal variant se\u00e7ilm\u0259li idi. T\u0259\u0259ss\u00fcf ki, q\u0259rar bu \u015f\u0259kild\u0259dir. Y\u0259qin ki, ilin birinci r\u00fcb\u00fcnd\u0259 m\u0259s\u0259l\u0259nin n\u0259 q\u0259d\u0259r optimal olmas\u0131 m\u00fc\u0259yy\u0259nl\u0259\u015f\u0259c\u0259k&#8221;<\/strong>, &#8211; ekspert deyib.<\/p>\n<p>R. Osmanl\u0131n\u0131n fikrinc\u0259, qanunun\u00a0\u00a0da\u015f\u0131nmaz \u0259mlakla ba\u011fl\u0131 m\u00fcdd\u0259alar\u0131n\u0131n bu vaxta q\u0259d\u0259r gecikm\u0259si Az\u0259rbaycanda \u0259mlak\u0131n qeydiyyat\u0131n\u0131n tam olaraq ba\u015fa \u00e7atmamas\u0131 il\u0259 ba\u011fl\u0131d\u0131r: &#8220;Preidentin \u00e7oxm\u0259nzilli binalarda \u0259mlak\u0131n istismara q\u0259bulu il\u0259 ba\u011fl\u0131 f\u0259rman\u0131 var. O prosesin icras\u0131 h\u0259yata ke\u00e7irilir, g\u0259l\u0259n ild\u0259n is\u0259 s\u0259n\u0259dsiz f\u0259rdi ya\u015fay\u0131\u015f evl\u0259rinin qeydiyyata al\u0131nmas\u0131 prosesinin ba\u015flanaca\u011f\u0131 g\u00f6zl\u0259nilir. \u018fslind\u0259 bu proses tam bit\u0259nd\u0259n sonra bu m\u0259s\u0259l\u0259ni qabartmaq d\u00fczg\u00fcn olard\u0131. N\u00f6vb\u0259ti ild\u0259 bu bar\u0259d\u0259 fikir s\u00f6yl\u0259m\u0259k m\u00fcmk\u00fcn olacaq&#8221;.<\/p>\n<p><img src=\"https:\/\/i.virtualaz.org\/305986_src.jpg\" \/><\/p>\n<p><em><strong>S\u0131\u011forta \u015firk\u0259tl\u0259ri \u00fc\u00e7\u00fcn n\u0259h\u0259ng g\u0259lir imkan\u0131 a\u00e7\u0131l\u0131r<\/strong><\/em><\/p>\n<p>\u018fg\u0259r bu mexanizm i\u015f\u0259 d\u00fc\u015fs\u0259 v\u0259 da\u015f\u0131nmaz \u0259mlak\u0131 olanlar \u00f6z \u0259mlaklar\u0131n\u0131 m\u0259cbur\u0259n s\u0131\u011forta etdirs\u0259 o zaman s\u0131\u011forta \u015firk\u0259tl\u0259ri \u00fc\u00e7\u00fcn n\u0259h\u0259ng g\u0259lir imkan\u0131 a\u00e7\u0131lm\u0131\u015f olur. Do\u011frudur, h\u0259l\u0259lik bu g\u0259lirl\u0259rin v\u0259 da\u015f\u0131nmaz \u0259mlakdan m\u0259cburi s\u0131\u011forta y\u0131\u011f\u0131mlar\u0131n\u0131n h\u0259cminin n\u0259 q\u0259d\u0259r ola bil\u0259c\u0259yini hesablamay\u0131blar.<\/p>\n<p>S\u0131\u011forta \u015firk\u0259til\u0259rinin bu biznesd\u0259n n\u0259 q\u0259d\u0259r qazana bil\u0259c\u0259yi haqda dan\u0131\u015fan ekspert hesab edir ki, haz\u0131rda ya\u015fay\u0131\u015f fondu il\u0259 ba\u011fl\u0131 statistik r\u0259q\u0259ml\u0259r d\u0259 d\u0259qiq deyil.\u00a0\u0130lin sonunda Statsistika Komit\u0259si bu bar\u0259d\u0259 r\u0259smi r\u0259q\u0259ml\u0259ri a\u00e7\u0131qlad\u0131qdan sonra y\u0131\u011f\u0131mla ba\u011fl\u0131 d\u0259qiq r\u0259q\u0259m s\u00f6yl\u0259m\u0259k olar.<\/p>\n<p>C\u0259rim\u0259 t\u0259tbiqini h\u0259yata ke\u00e7ir\u0259c\u0259k \u0130cbari S\u0131\u011forta B\u00fcrosundan is\u0259 prosesin niy\u0259 m\u0259cburi xarakter da\u015f\u0131mas\u0131na cavab olaraq bildirdil\u0259r ki, bu m\u0259s\u0259l\u0259 qanunla m\u00fc\u0259yy\u0259nl\u0259\u015fir.<\/p>\n<p><strong>&#8220;\u0130cbari s\u0131\u011fortalar haqq\u0131nda&#8221; Qanun 2011-ci ild\u0259 q\u0259bul olunub. Bu m\u0259s\u0259l\u0259 indiy\u0259d\u0259k insanlar\u0131n \u00f6z \u00f6hd\u0259sin\u0259 burax\u0131lm\u0131\u015fd\u0131. Lakin da\u015f\u0131nmaz \u0259mlak\u0131n\u0131 s\u0131\u011forta ed\u0259nl\u0259rin faizi az idi. Ona g\u00f6r\u0259 d\u0259, 2020-ci ild\u0259n n\u0259z\u0259rd\u0259 tutulub ki c\u0259rim\u0259 mexanizmin\u0259 ba\u015flan\u0131ls\u0131n,\u0259hali bu prosesd\u0259 aktivl\u0259\u015fdirilsin&#8221;<\/strong>, &#8211; \u0130cbari S\u0131\u011forta B\u00fcrosunun \u0259m\u0259kda\u015f\u0131 Zaman Zahirzad\u0259 virtualaz.org-a bildirib.<\/p>\n<\/div>\n","protected":false},"excerpt":{"rendered":"<p>2011-ci ilin iyunundan\u00a0q\u0259bul edil\u0259n, 2012-ci ilin yanvar\u0131ndan r\u0259sm\u0259n q\u00fcvv\u0259y\u0259 min\u0259n\u00a0\u00a0v\u0259 indiy\u0259d\u0259k icra olunmam\u0131\u015f qalan &#8220;\u0130cbari s\u0131\u011fortalar haqq\u0131nda&#8221; Qanunun da\u015f\u0131nmaz \u0259mlakla ba\u011fl\u0131 m\u00fcdd\u0259alar\u0131 2020-ci ilin yanvar\u0131ndan etibar\u0259n\u00a0c\u0259za mexanizml\u0259ri il\u0259 i\u015f\u0259 d\u00fc\u015f\u0259c\u0259k. Bel\u0259 ki, yeni ild\u0259n qanunun da\u015f\u0131nmaz \u0259mlak\u0131n s\u0131\u011fortas\u0131n\u0131 icbari ed\u0259n 2-ci f\u0259slinin icras\u0131na s\u0259rt n\u0259zar\u0259t mexanizmi t\u0259tbiq olunacaq. \u00d6z \u0259mlak\u0131n\u0131 s\u0131\u011forta etdirm\u0259kd\u0259n yay\u0131nanlara qar\u015f\u0131 qanunvericilik \u0259sas\u0131nda m\u0259suliyy\u0259t t\u0259dbirl\u0259ri t\u0259tbiq edil\u0259c\u0259k. Y\u0259ni da\u015f\u0131nmaz \u0259mlak\u0131n\u0131 icbari s\u0131\u011forta etdirm\u0259y\u0259nl\u0259r c\u0259rim\u0259l\u0259n\u0259c\u0259k, \u00fcst\u0259lik bu c\u0259rim\u0259 mexanizmi t\u0259xmin\u0259n avtomobill\u0259rin m\u0259cburi s\u0131\u011fortas\u0131ndan yay\u0131nmaya g\u00f6r\u0259 t\u0259tbiq edil\u0259n mexanizmi xat\u0131rlad\u0131r. Bu m\u0259s\u0259l\u0259 haz\u0131rda sosial \u015f\u0259b\u0259k\u0259l\u0259rd\u0259 m\u00fczakir\u0259 olunmaqdad\u0131r. Bak\u0131da evi&hellip;<\/p>\n","protected":false},"author":2,"featured_media":97236,"comment_status":"closed","ping_status":"closed","sticky":false,"template":"","format":"standard","meta":{"om_disable_all_campaigns":false,"_monsterinsights_skip_tracking":false,"_monsterinsights_sitenote_active":false,"_monsterinsights_sitenote_note":"","_monsterinsights_sitenote_category":0},"categories":[1],"tags":[],"aioseo_notices":[],"gutentor_comment":0,"rttpg_featured_image_url":{"full":["https:\/\/arantv.az\/wp-content\/uploads\/2019\/11\/menzil_2485776.jpg",800,600,false],"landscape":["https:\/\/arantv.az\/wp-content\/uploads\/2019\/11\/menzil_2485776.jpg",800,600,false],"portraits":["https:\/\/arantv.az\/wp-content\/uploads\/2019\/11\/menzil_2485776.jpg",800,600,false],"thumbnail":["https:\/\/arantv.az\/wp-content\/uploads\/2019\/11\/menzil_2485776-150x150.jpg",150,150,true],"medium":["https:\/\/arantv.az\/wp-content\/uploads\/2019\/11\/menzil_2485776-300x225.jpg",300,225,true],"large":["https:\/\/arantv.az\/wp-content\/uploads\/2019\/11\/menzil_2485776.jpg",640,480,false],"1536x1536":["https:\/\/arantv.az\/wp-content\/uploads\/2019\/11\/menzil_2485776.jpg",800,600,false],"2048x2048":["https:\/\/arantv.az\/wp-content\/uploads\/2019\/11\/menzil_2485776.jpg",800,600,false],"post-thumbnail":["https:\/\/arantv.az\/wp-content\/uploads\/2019\/11\/menzil_2485776-240x172.jpg",240,172,true],"advps-thumb-one":["https:\/\/arantv.az\/wp-content\/uploads\/2019\/11\/menzil_2485776.jpg",800,600,false]},"rttpg_author":{"display_name":"V\u00fcsal Rafiqo\u011flu","author_link":"https:\/\/arantv.az\/?author=2"},"rttpg_comment":0,"rttpg_category":"<a href=\"https:\/\/arantv.az\/?cat=1\" rel=\"category\">C\u0259miyy\u0259t<\/a>","rttpg_excerpt":"2011-ci ilin iyunundan\u00a0q\u0259bul edil\u0259n, 2012-ci ilin yanvar\u0131ndan r\u0259sm\u0259n q\u00fcvv\u0259y\u0259 min\u0259n\u00a0\u00a0v\u0259 indiy\u0259d\u0259k icra olunmam\u0131\u015f qalan &#8220;\u0130cbari s\u0131\u011fortalar haqq\u0131nda&#8221; Qanunun da\u015f\u0131nmaz \u0259mlakla ba\u011fl\u0131 m\u00fcdd\u0259alar\u0131 2020-ci ilin yanvar\u0131ndan etibar\u0259n\u00a0c\u0259za mexanizml\u0259ri il\u0259 i\u015f\u0259 d\u00fc\u015f\u0259c\u0259k. Bel\u0259 ki, yeni ild\u0259n qanunun da\u015f\u0131nmaz \u0259mlak\u0131n s\u0131\u011fortas\u0131n\u0131 icbari ed\u0259n 2-ci f\u0259slinin icras\u0131na s\u0259rt n\u0259zar\u0259t mexanizmi t\u0259tbiq olunacaq. \u00d6z \u0259mlak\u0131n\u0131 s\u0131\u011forta etdirm\u0259kd\u0259n yay\u0131nanlara qar\u015f\u0131 qanunvericilik&hellip;","_links":{"self":[{"href":"https:\/\/arantv.az\/index.php?rest_route=\/wp\/v2\/posts\/97235"}],"collection":[{"href":"https:\/\/arantv.az\/index.php?rest_route=\/wp\/v2\/posts"}],"about":[{"href":"https:\/\/arantv.az\/index.php?rest_route=\/wp\/v2\/types\/post"}],"author":[{"embeddable":true,"href":"https:\/\/arantv.az\/index.php?rest_route=\/wp\/v2\/users\/2"}],"replies":[{"embeddable":true,"href":"https:\/\/arantv.az\/index.php?rest_route=%2Fwp%2Fv2%2Fcomments&post=97235"}],"version-history":[{"count":0,"href":"https:\/\/arantv.az\/index.php?rest_route=\/wp\/v2\/posts\/97235\/revisions"}],"wp:featuredmedia":[{"embeddable":true,"href":"https:\/\/arantv.az\/index.php?rest_route=\/wp\/v2\/media\/97236"}],"wp:attachment":[{"href":"https:\/\/arantv.az\/index.php?rest_route=%2Fwp%2Fv2%2Fmedia&parent=97235"}],"wp:term":[{"taxonomy":"category","embeddable":true,"href":"https:\/\/arantv.az\/index.php?rest_route=%2Fwp%2Fv2%2Fcategories&post=97235"},{"taxonomy":"post_tag","embeddable":true,"href":"https:\/\/arantv.az\/index.php?rest_route=%2Fwp%2Fv2%2Ftags&post=97235"}],"curies":[{"name":"wp","href":"https:\/\/api.w.org\/{rel}","templated":true}]}}