{"id":97304,"date":"2019-11-18T08:54:51","date_gmt":"2019-11-18T05:54:51","guid":{"rendered":"http:\/\/arantv.az\/?p=97304"},"modified":"2019-11-18T08:54:51","modified_gmt":"2019-11-18T05:54:51","slug":"ceylan-bu-d%c9%99f%c9%99-klipini-c%c9%99zac%c9%99km%c9%99-mu%c9%99ssis%c9%99sind%c9%99-c%c9%99kdirdi","status":"publish","type":"post","link":"https:\/\/arantv.az\/?p=97304","title":{"rendered":"Ceylan bu d\u0259f\u0259 klipini c\u0259za\u00e7\u0259km\u0259 m\u00fc\u0259ssis\u0259sind\u0259 \u00e7\u0259kdirdi"},"content":{"rendered":"<p>T\u00fcrkiy\u0259nin m\u0259\u015fhur ifa\u00e7\u0131s\u0131 Ceylan &#8220;Cennetim ol&#8221; adl\u0131 mahn\u0131s\u0131na \u00e7\u0259kil\u0259n klipini t\u0259qdim edib.<strong> ARANTV.AZ<\/strong> x\u0259b\u0259r verir ki, ekran i\u015fi Qara d\u0259nizin mirvarisi Sinopda yerl\u0259\u015f\u0259n c\u0259za\u00e7\u0259km\u0259 m\u00fc\u0259ssis\u0259sind\u0259 lent\u0259 al\u0131n\u0131b. 6 saata \u00e7\u0259kil\u0259n klip \u00fcz\u0259rind\u0259 11 n\u0259f\u0259r yarad\u0131c\u0131 hey\u0259t \u00e7al\u0131\u015f\u0131b. Klipin rejissorlar\u0131 \u0130dil Dizdar v\u0259 Said Da\u011fdevirendir. &#8220;Cennetim ol&#8221; mahn\u0131s\u0131n\u0131n musiqisi v\u0259 s\u00f6zl\u0259ri Ebru Elver\u0259 m\u0259xsusdur.<\/p>\n<p><iframe loading=\"lazy\" width=\"640\" height=\"360\" src=\"https:\/\/www.youtube.com\/embed\/74dMThdOObA?feature=oembed\" frameborder=\"0\" allow=\"accelerometer; autoplay; encrypted-media; gyroscope; picture-in-picture\" allowfullscreen><\/iframe><\/p>\n","protected":false},"excerpt":{"rendered":"<p>T\u00fcrkiy\u0259nin m\u0259\u015fhur ifa\u00e7\u0131s\u0131 Ceylan &#8220;Cennetim ol&#8221; adl\u0131 mahn\u0131s\u0131na \u00e7\u0259kil\u0259n klipini t\u0259qdim edib. ARANTV.AZ x\u0259b\u0259r verir ki, ekran i\u015fi Qara d\u0259nizin mirvarisi Sinopda yerl\u0259\u015f\u0259n c\u0259za\u00e7\u0259km\u0259 m\u00fc\u0259ssis\u0259sind\u0259 lent\u0259 al\u0131n\u0131b. 6 saata \u00e7\u0259kil\u0259n klip \u00fcz\u0259rind\u0259 11 n\u0259f\u0259r yarad\u0131c\u0131 hey\u0259t \u00e7al\u0131\u015f\u0131b. Klipin rejissorlar\u0131 \u0130dil Dizdar v\u0259 Said Da\u011fdevirendir. &#8220;Cennetim ol&#8221; mahn\u0131s\u0131n\u0131n musiqisi v\u0259 s\u00f6zl\u0259ri Ebru Elver\u0259 m\u0259xsusdur.<\/p>\n","protected":false},"author":2,"featured_media":97305,"comment_status":"closed","ping_status":"closed","sticky":false,"template":"","format":"standard","meta":{"om_disable_all_campaigns":false,"_monsterinsights_skip_tracking":false,"_monsterinsights_sitenote_active":false,"_monsterinsights_sitenote_note":"","_monsterinsights_sitenote_category":0},"categories":[20],"tags":[],"aioseo_notices":[],"gutentor_comment":0,"rttpg_featured_image_url":{"full":["https:\/\/arantv.az\/wp-content\/uploads\/2019\/11\/75603912_415649445768933_7851422339911647232_n.jpg",640,388,false],"landscape":["https:\/\/arantv.az\/wp-content\/uploads\/2019\/11\/75603912_415649445768933_7851422339911647232_n.jpg",640,388,false],"portraits":["https:\/\/arantv.az\/wp-content\/uploads\/2019\/11\/75603912_415649445768933_7851422339911647232_n.jpg",640,388,false],"thumbnail":["https:\/\/arantv.az\/wp-content\/uploads\/2019\/11\/75603912_415649445768933_7851422339911647232_n-150x150.jpg",150,150,true],"medium":["https:\/\/arantv.az\/wp-content\/uploads\/2019\/11\/75603912_415649445768933_7851422339911647232_n-300x182.jpg",300,182,true],"large":["https:\/\/arantv.az\/wp-content\/uploads\/2019\/11\/75603912_415649445768933_7851422339911647232_n.jpg",640,388,false],"1536x1536":["https:\/\/arantv.az\/wp-content\/uploads\/2019\/11\/75603912_415649445768933_7851422339911647232_n.jpg",640,388,false],"2048x2048":["https:\/\/arantv.az\/wp-content\/uploads\/2019\/11\/75603912_415649445768933_7851422339911647232_n.jpg",640,388,false],"post-thumbnail":["https:\/\/arantv.az\/wp-content\/uploads\/2019\/11\/75603912_415649445768933_7851422339911647232_n-240x172.jpg",240,172,true],"advps-thumb-one":["https:\/\/arantv.az\/wp-content\/uploads\/2019\/11\/75603912_415649445768933_7851422339911647232_n.jpg",640,388,false]},"rttpg_author":{"display_name":"V\u00fcsal Rafiqo\u011flu","author_link":"https:\/\/arantv.az\/?author=2"},"rttpg_comment":0,"rttpg_category":"<a href=\"https:\/\/arantv.az\/?cat=20\" rel=\"category\">\u015eou biznes<\/a>","rttpg_excerpt":"T\u00fcrkiy\u0259nin m\u0259\u015fhur ifa\u00e7\u0131s\u0131 Ceylan &#8220;Cennetim ol&#8221; adl\u0131 mahn\u0131s\u0131na \u00e7\u0259kil\u0259n klipini t\u0259qdim edib. ARANTV.AZ x\u0259b\u0259r verir ki, ekran i\u015fi Qara d\u0259nizin mirvarisi Sinopda yerl\u0259\u015f\u0259n c\u0259za\u00e7\u0259km\u0259 m\u00fc\u0259ssis\u0259sind\u0259 lent\u0259 al\u0131n\u0131b. 6 saata \u00e7\u0259kil\u0259n klip \u00fcz\u0259rind\u0259 11 n\u0259f\u0259r yarad\u0131c\u0131 hey\u0259t \u00e7al\u0131\u015f\u0131b. Klipin rejissorlar\u0131 \u0130dil Dizdar v\u0259 Said Da\u011fdevirendir. &#8220;Cennetim ol&#8221; mahn\u0131s\u0131n\u0131n musiqisi v\u0259 s\u00f6zl\u0259ri Ebru Elver\u0259 m\u0259xsusdur.","_links":{"self":[{"href":"https:\/\/arantv.az\/index.php?rest_route=\/wp\/v2\/posts\/97304"}],"collection":[{"href":"https:\/\/arantv.az\/index.php?rest_route=\/wp\/v2\/posts"}],"about":[{"href":"https:\/\/arantv.az\/index.php?rest_route=\/wp\/v2\/types\/post"}],"author":[{"embeddable":true,"href":"https:\/\/arantv.az\/index.php?rest_route=\/wp\/v2\/users\/2"}],"replies":[{"embeddable":true,"href":"https:\/\/arantv.az\/index.php?rest_route=%2Fwp%2Fv2%2Fcomments&post=97304"}],"version-history":[{"count":0,"href":"https:\/\/arantv.az\/index.php?rest_route=\/wp\/v2\/posts\/97304\/revisions"}],"wp:featuredmedia":[{"embeddable":true,"href":"https:\/\/arantv.az\/index.php?rest_route=\/wp\/v2\/media\/97305"}],"wp:attachment":[{"href":"https:\/\/arantv.az\/index.php?rest_route=%2Fwp%2Fv2%2Fmedia&parent=97304"}],"wp:term":[{"taxonomy":"category","embeddable":true,"href":"https:\/\/arantv.az\/index.php?rest_route=%2Fwp%2Fv2%2Fcategories&post=97304"},{"taxonomy":"post_tag","embeddable":true,"href":"https:\/\/arantv.az\/index.php?rest_route=%2Fwp%2Fv2%2Ftags&post=97304"}],"curies":[{"name":"wp","href":"https:\/\/api.w.org\/{rel}","templated":true}]}}