{"id":97328,"date":"2019-11-18T09:15:27","date_gmt":"2019-11-18T06:15:27","guid":{"rendered":"http:\/\/arantv.az\/?p=97328"},"modified":"2019-11-18T09:15:27","modified_gmt":"2019-11-18T06:15:27","slug":"bakida-avtomobil-qadini-vuraraq-agir-x%c9%99sar%c9%99t-yetirib","status":"publish","type":"post","link":"https:\/\/arantv.az\/?p=97328","title":{"rendered":"Bak\u0131da avtomobil qad\u0131n\u0131 vuraraq a\u011f\u0131r x\u0259sar\u0259t yetirib"},"content":{"rendered":"<p>Bak\u0131n\u0131n Yasamal rayonunda bir n\u0259f\u0259rin x\u0259sar\u0259t almas\u0131 il\u0259 n\u0259tic\u0259l\u0259n\u0259n yol-n\u0259qliyyat hadis\u0259si ba\u015f verib.<\/p>\n<p><b>ARANTV.AZ\u00a0<\/b>apa.az-a istinad\u0259n x\u0259b\u0259r verir ki, minik avtomobili rayon \u0259razisind\u0259 yolu ke\u00e7m\u0259k ist\u0259y\u0259n orta ya\u015fl\u0131 Ay\u015f\u0259n Quliyevan\u0131 vuraraq x\u0259sar\u0259t yetirib.<\/p>\n<div><\/div>\n<p>Yaral\u0131 x\u0259st\u0259xanaya yerl\u0259\u015fdirilib. Ona qapal\u0131 k\u0259ll\u0259-beyin travmas\u0131, qolun \u0259zilmi\u015f yaras\u0131 diaqnozu qoyulub.<br \/>\nFaktla ba\u011fl\u0131 Yasamal Rayon Polis \u0130dar\u0259sind\u0259 ara\u015fd\u0131rma apar\u0131l\u0131r.<\/p>\n","protected":false},"excerpt":{"rendered":"<p>Bak\u0131n\u0131n Yasamal rayonunda bir n\u0259f\u0259rin x\u0259sar\u0259t almas\u0131 il\u0259 n\u0259tic\u0259l\u0259n\u0259n yol-n\u0259qliyyat hadis\u0259si ba\u015f verib. ARANTV.AZ\u00a0apa.az-a istinad\u0259n x\u0259b\u0259r verir ki, minik avtomobili rayon \u0259razisind\u0259 yolu ke\u00e7m\u0259k ist\u0259y\u0259n orta ya\u015fl\u0131 Ay\u015f\u0259n Quliyevan\u0131 vuraraq x\u0259sar\u0259t yetirib. Yaral\u0131 x\u0259st\u0259xanaya yerl\u0259\u015fdirilib. Ona qapal\u0131 k\u0259ll\u0259-beyin travmas\u0131, qolun \u0259zilmi\u015f yaras\u0131 diaqnozu qoyulub. Faktla ba\u011fl\u0131 Yasamal Rayon Polis \u0130dar\u0259sind\u0259 ara\u015fd\u0131rma apar\u0131l\u0131r.<\/p>\n","protected":false},"author":2,"featured_media":97329,"comment_status":"closed","ping_status":"closed","sticky":false,"template":"","format":"standard","meta":{"om_disable_all_campaigns":false,"_monsterinsights_skip_tracking":false,"_monsterinsights_sitenote_active":false,"_monsterinsights_sitenote_note":"","_monsterinsights_sitenote_category":0},"categories":[5],"tags":[],"aioseo_notices":[],"gutentor_comment":0,"rttpg_featured_image_url":{"full":["https:\/\/arantv.az\/wp-content\/uploads\/2019\/11\/15740565101501151675_tecilitibbiyardim.jpg",550,346,false],"landscape":["https:\/\/arantv.az\/wp-content\/uploads\/2019\/11\/15740565101501151675_tecilitibbiyardim.jpg",550,346,false],"portraits":["https:\/\/arantv.az\/wp-content\/uploads\/2019\/11\/15740565101501151675_tecilitibbiyardim.jpg",550,346,false],"thumbnail":["https:\/\/arantv.az\/wp-content\/uploads\/2019\/11\/15740565101501151675_tecilitibbiyardim-150x150.jpg",150,150,true],"medium":["https:\/\/arantv.az\/wp-content\/uploads\/2019\/11\/15740565101501151675_tecilitibbiyardim-300x189.jpg",300,189,true],"large":["https:\/\/arantv.az\/wp-content\/uploads\/2019\/11\/15740565101501151675_tecilitibbiyardim.jpg",550,346,false],"1536x1536":["https:\/\/arantv.az\/wp-content\/uploads\/2019\/11\/15740565101501151675_tecilitibbiyardim.jpg",550,346,false],"2048x2048":["https:\/\/arantv.az\/wp-content\/uploads\/2019\/11\/15740565101501151675_tecilitibbiyardim.jpg",550,346,false],"post-thumbnail":["https:\/\/arantv.az\/wp-content\/uploads\/2019\/11\/15740565101501151675_tecilitibbiyardim-240x172.jpg",240,172,true],"advps-thumb-one":["https:\/\/arantv.az\/wp-content\/uploads\/2019\/11\/15740565101501151675_tecilitibbiyardim.jpg",550,346,false]},"rttpg_author":{"display_name":"V\u00fcsal Rafiqo\u011flu","author_link":"https:\/\/arantv.az\/?author=2"},"rttpg_comment":0,"rttpg_category":"<a href=\"https:\/\/arantv.az\/?cat=5\" rel=\"category\">Hadis\u0259<\/a>","rttpg_excerpt":"Bak\u0131n\u0131n Yasamal rayonunda bir n\u0259f\u0259rin x\u0259sar\u0259t almas\u0131 il\u0259 n\u0259tic\u0259l\u0259n\u0259n yol-n\u0259qliyyat hadis\u0259si ba\u015f verib. ARANTV.AZ\u00a0apa.az-a istinad\u0259n x\u0259b\u0259r verir ki, minik avtomobili rayon \u0259razisind\u0259 yolu ke\u00e7m\u0259k ist\u0259y\u0259n orta ya\u015fl\u0131 Ay\u015f\u0259n Quliyevan\u0131 vuraraq x\u0259sar\u0259t yetirib. Yaral\u0131 x\u0259st\u0259xanaya yerl\u0259\u015fdirilib. Ona qapal\u0131 k\u0259ll\u0259-beyin travmas\u0131, qolun \u0259zilmi\u015f yaras\u0131 diaqnozu qoyulub. Faktla ba\u011fl\u0131 Yasamal Rayon Polis \u0130dar\u0259sind\u0259 ara\u015fd\u0131rma apar\u0131l\u0131r.","_links":{"self":[{"href":"https:\/\/arantv.az\/index.php?rest_route=\/wp\/v2\/posts\/97328"}],"collection":[{"href":"https:\/\/arantv.az\/index.php?rest_route=\/wp\/v2\/posts"}],"about":[{"href":"https:\/\/arantv.az\/index.php?rest_route=\/wp\/v2\/types\/post"}],"author":[{"embeddable":true,"href":"https:\/\/arantv.az\/index.php?rest_route=\/wp\/v2\/users\/2"}],"replies":[{"embeddable":true,"href":"https:\/\/arantv.az\/index.php?rest_route=%2Fwp%2Fv2%2Fcomments&post=97328"}],"version-history":[{"count":0,"href":"https:\/\/arantv.az\/index.php?rest_route=\/wp\/v2\/posts\/97328\/revisions"}],"wp:featuredmedia":[{"embeddable":true,"href":"https:\/\/arantv.az\/index.php?rest_route=\/wp\/v2\/media\/97329"}],"wp:attachment":[{"href":"https:\/\/arantv.az\/index.php?rest_route=%2Fwp%2Fv2%2Fmedia&parent=97328"}],"wp:term":[{"taxonomy":"category","embeddable":true,"href":"https:\/\/arantv.az\/index.php?rest_route=%2Fwp%2Fv2%2Fcategories&post=97328"},{"taxonomy":"post_tag","embeddable":true,"href":"https:\/\/arantv.az\/index.php?rest_route=%2Fwp%2Fv2%2Ftags&post=97328"}],"curies":[{"name":"wp","href":"https:\/\/api.w.org\/{rel}","templated":true}]}}