{"id":97398,"date":"2019-11-18T10:36:58","date_gmt":"2019-11-18T07:36:58","guid":{"rendered":"http:\/\/arantv.az\/?p=97398"},"modified":"2019-11-18T10:36:58","modified_gmt":"2019-11-18T07:36:58","slug":"bas-nazir-%c9%99halinin-saglamligi-il%c9%99-bagli-qurumlara-tapsiriq-verdi","status":"publish","type":"post","link":"https:\/\/arantv.az\/?p=97398","title":{"rendered":"Ba\u015f nazir \u0259halinin sa\u011flaml\u0131\u011f\u0131 il\u0259 ba\u011fl\u0131 qurumlara tap\u015f\u0131r\u0131q verdi"},"content":{"rendered":"<p>Ba\u015f nazir \u018fli \u018fs\u0259dov \u0259halinin sa\u011flaml\u0131\u011f\u0131n\u0131n qorunmas\u0131 il\u0259 ba\u011fl\u0131 s\u0259r\u0259ncam imzalay\u0131b.<\/p>\n<p><b>ARANTV.AZ<\/b>-\u0131n m\u0259lumat\u0131na g\u00f6r\u0259, s\u0259r\u0259ncamda g\u00f6st\u0259rilib ki, Az\u0259rbaycan qanunlar\u0131n\u0131n v\u0259 Prezidentin aktlar\u0131n\u0131n \u201c\u018fhalinin sa\u011flaml\u0131\u011f\u0131n\u0131n qorunmas\u0131 haqq\u0131nda\u201d qanunda d\u0259yi\u015fiklik edilm\u0259si bar\u0259d\u0259\u201d 2019-cu il 27 iyun tarixli 1628-VQD n\u00f6mr\u0259li qanuna uy\u011funla\u015fd\u0131r\u0131lmas\u0131 il\u0259 ba\u011fl\u0131 t\u0259klifl\u0259r 20 g\u00fcn m\u00fcdd\u0259tind\u0259 Nazirl\u0259r Kabinetin\u0259 t\u0259qdim edilm\u0259lidir.<\/p>\n<p>Qeyd ed\u0259k ki, \u018fdliyy\u0259 Nazirliyi t\u0259klifl\u0259ri S\u0259hiyy\u0259 Nazirliyi, \u0130cbari Tibbi S\u0131\u011forta \u00fczr\u0259 D\u00f6vl\u0259t Agentliyi v\u0259 icra prosesind\u0259 m\u00fc\u0259yy\u0259n edil\u0259c\u0259k dig\u0259r aidiyy\u0259ti d\u00f6vl\u0259t orqanlar\u0131 raz\u0131la\u015fd\u0131rmal\u0131d\u0131r.<\/p>\n<div id=\"AdviadNativeVideo0\" class=\"AdviadNativeVideo\"><\/div>\n<p>\u201c\u018fhalinin sa\u011flaml\u0131\u011f\u0131n\u0131n qorunmas\u0131 haqq\u0131nda\u201d qanunun 7-1-ci madd\u0259sinin 3-c\u00fc hiss\u0259sind\u0259 n\u0259z\u0259rd\u0259 tutulmu\u015f orqan (qurum) bar\u0259d\u0259 t\u0259klifl\u0259r 10 g\u00fcn m\u00fcdd\u0259tind\u0259 Nazirl\u0259r Kabinetin\u0259 t\u0259qdim olunmal\u0131d\u0131r.<\/p>\n<p>S\u0259r\u0259ncamda qeyd olunub ki, S\u0259hiyy\u0259 Nazirliyi \u018fdliyy\u0259 Nazirliyi, \u0130cbari Tibbi S\u0131\u011forta \u00fczr\u0259 D\u00f6vl\u0259t Agentliyi v\u0259 icra prosesind\u0259 m\u00fc\u0259yy\u0259n edil\u0259c\u0259k dig\u0259r aidiyy\u0259ti d\u00f6vl\u0259t orqanlar\u0131 il\u0259 raz\u0131la\u015fd\u0131rmaqla, \u201c\u018fhalinin sa\u011flaml\u0131\u011f\u0131n\u0131n qorunmas\u0131 haqq\u0131nda\u201d qanunun 7-1-ci madd\u0259sinin 2-ci hiss\u0259sin\u0259 uy\u011fun olaraq, tibb m\u00fc\u0259ssis\u0259l\u0259rinin akkreditasiya qaydas\u0131n\u0131n layih\u0259sini bir ay m\u00fcdd\u0259tind\u0259 Nazirl\u0259r Kabinetin\u0259 t\u0259qdim etsin.<\/p>\n<p>S\u0259n\u0259dd\u0259 raz\u0131la\u015fma prosesinin i\u015ftirak\u00e7\u0131lar\u0131 bu s\u0259r\u0259ncam\u0131n icras\u0131 il\u0259 ba\u011fl\u0131 normayaratma v\u0259zif\u0259l\u0259rind\u0259n ir\u0259li g\u0259l\u0259n m\u0259s\u0259l\u0259l\u0259r \u00fczr\u0259 m\u00fcvafiq t\u0259dbirl\u0259r g\u00f6r\u00fclm\u0259si icra v\u0259ziyy\u0259ti t\u0259l\u0259b etdikd\u0259, m\u0259lumatlar\u0131 icra \u00fc\u00e7\u00fcn ayr\u0131lm\u0131\u015f m\u00fcdd\u0259tin birinci yar\u0131s\u0131 ba\u015fa \u00e7atanad\u0259k Nazirl\u0259r Kabinetin\u0259 t\u0259qdim etm\u0259lidirl\u0259r.<\/p>\n<p>Eyni zamanda, h\u00fcquqi aktlar\u0131n layih\u0259l\u0259rini \u0259sas icra\u00e7\u0131ya t\u0259qdim ed\u0259n subyektl\u0259r \u201cNormativ h\u00fcquqi aktlar haqq\u0131nda\u201d Konstitusiya qanununun 48.2-ci, 48.3-c\u00fc v\u0259 48.5-ci madd\u0259l\u0259rinin t\u0259l\u0259bl\u0259rin\u0259 \u0259m\u0259l edilm\u0259si t\u0259min olunmal\u0131d\u0131r.<\/p>\n<p>M\u0259rk\u0259zi icra hakimiyy\u0259ti orqanlar\u0131 bir aydan gec olmayaraq \u00f6z s\u0259lahiyy\u0259tl\u0259ri daxilind\u0259 normayaratma v\u0259zif\u0259l\u0259rind\u0259n ir\u0259li g\u0259l\u0259n t\u0259dbirl\u0259r g\u00f6rm\u0259lidir.<\/p>\n<p>Bildirilib ki, m\u0259rk\u0259zi icra hakimiyy\u0259ti orqanlar\u0131 normativ h\u00fcquqi aktlar\u0131n\u0131n v\u0259 ya t\u0259klifl\u0259rinin olmad\u0131\u011f\u0131 bar\u0259d\u0259 m\u0259lumat\u0131 \u018fdliyy\u0259 Nazirliyin\u0259 t\u0259qdim etsinl\u0259r.<\/p>\n<p>\u0130cra v\u0259ziyy\u0259ti t\u0259l\u0259b etdikd\u0259 is\u0259, Nazirl\u0259r Kabinetin\u0259 m\u0259lumat verm\u0259lidirl\u0259r.<\/p>\n<p>\u018fdliyy\u0259 Nazirliyi m\u0259rk\u0259zi icra hakimiyy\u0259ti orqanlar\u0131n\u0131n normativ h\u00fcquqi aktlar\u0131n\u0131n v\u0259 normativ xarakterli aktlar\u0131n qanuna uy\u011funla\u015fd\u0131r\u0131lmas\u0131n\u0131 t\u0259min etm\u0259lidir.<\/p>\n<p>Bu bar\u0259d\u0259 iki ay m\u00fcdd\u0259tind\u0259 Nazirl\u0259r Kabinetin\u0259 m\u0259lumat verm\u0259lidir.Oxu.Az<\/p>\n","protected":false},"excerpt":{"rendered":"<p>Ba\u015f nazir \u018fli \u018fs\u0259dov \u0259halinin sa\u011flaml\u0131\u011f\u0131n\u0131n qorunmas\u0131 il\u0259 ba\u011fl\u0131 s\u0259r\u0259ncam imzalay\u0131b. ARANTV.AZ-\u0131n m\u0259lumat\u0131na g\u00f6r\u0259, s\u0259r\u0259ncamda g\u00f6st\u0259rilib ki, Az\u0259rbaycan qanunlar\u0131n\u0131n v\u0259 Prezidentin aktlar\u0131n\u0131n \u201c\u018fhalinin sa\u011flaml\u0131\u011f\u0131n\u0131n qorunmas\u0131 haqq\u0131nda\u201d qanunda d\u0259yi\u015fiklik edilm\u0259si bar\u0259d\u0259\u201d 2019-cu il 27 iyun tarixli 1628-VQD n\u00f6mr\u0259li qanuna uy\u011funla\u015fd\u0131r\u0131lmas\u0131 il\u0259 ba\u011fl\u0131 t\u0259klifl\u0259r 20 g\u00fcn m\u00fcdd\u0259tind\u0259 Nazirl\u0259r Kabinetin\u0259 t\u0259qdim edilm\u0259lidir. Qeyd ed\u0259k ki, \u018fdliyy\u0259 Nazirliyi t\u0259klifl\u0259ri S\u0259hiyy\u0259 Nazirliyi, \u0130cbari Tibbi S\u0131\u011forta \u00fczr\u0259 D\u00f6vl\u0259t Agentliyi v\u0259 icra prosesind\u0259 m\u00fc\u0259yy\u0259n edil\u0259c\u0259k dig\u0259r aidiyy\u0259ti d\u00f6vl\u0259t orqanlar\u0131 raz\u0131la\u015fd\u0131rmal\u0131d\u0131r. \u201c\u018fhalinin sa\u011flaml\u0131\u011f\u0131n\u0131n qorunmas\u0131 haqq\u0131nda\u201d qanunun 7-1-ci madd\u0259sinin 3-c\u00fc hiss\u0259sind\u0259 n\u0259z\u0259rd\u0259 tutulmu\u015f orqan (qurum) bar\u0259d\u0259 t\u0259klifl\u0259r 10 g\u00fcn&hellip;<\/p>\n","protected":false},"author":2,"featured_media":97399,"comment_status":"closed","ping_status":"closed","sticky":false,"template":"","format":"standard","meta":{"om_disable_all_campaigns":false,"_monsterinsights_skip_tracking":false,"_monsterinsights_sitenote_active":false,"_monsterinsights_sitenote_note":"","_monsterinsights_sitenote_category":0},"categories":[1],"tags":[],"aioseo_notices":[],"gutentor_comment":0,"rttpg_featured_image_url":{"full":["https:\/\/arantv.az\/wp-content\/uploads\/2019\/11\/109145364_6375224e-2377-48cb-8a74-987b0264dcc5.jpg",620,349,false],"landscape":["https:\/\/arantv.az\/wp-content\/uploads\/2019\/11\/109145364_6375224e-2377-48cb-8a74-987b0264dcc5.jpg",620,349,false],"portraits":["https:\/\/arantv.az\/wp-content\/uploads\/2019\/11\/109145364_6375224e-2377-48cb-8a74-987b0264dcc5.jpg",620,349,false],"thumbnail":["https:\/\/arantv.az\/wp-content\/uploads\/2019\/11\/109145364_6375224e-2377-48cb-8a74-987b0264dcc5-150x150.jpg",150,150,true],"medium":["https:\/\/arantv.az\/wp-content\/uploads\/2019\/11\/109145364_6375224e-2377-48cb-8a74-987b0264dcc5-300x169.jpg",300,169,true],"large":["https:\/\/arantv.az\/wp-content\/uploads\/2019\/11\/109145364_6375224e-2377-48cb-8a74-987b0264dcc5.jpg",620,349,false],"1536x1536":["https:\/\/arantv.az\/wp-content\/uploads\/2019\/11\/109145364_6375224e-2377-48cb-8a74-987b0264dcc5.jpg",620,349,false],"2048x2048":["https:\/\/arantv.az\/wp-content\/uploads\/2019\/11\/109145364_6375224e-2377-48cb-8a74-987b0264dcc5.jpg",620,349,false],"post-thumbnail":["https:\/\/arantv.az\/wp-content\/uploads\/2019\/11\/109145364_6375224e-2377-48cb-8a74-987b0264dcc5-240x172.jpg",240,172,true],"advps-thumb-one":["https:\/\/arantv.az\/wp-content\/uploads\/2019\/11\/109145364_6375224e-2377-48cb-8a74-987b0264dcc5.jpg",620,349,false]},"rttpg_author":{"display_name":"V\u00fcsal Rafiqo\u011flu","author_link":"https:\/\/arantv.az\/?author=2"},"rttpg_comment":0,"rttpg_category":"<a href=\"https:\/\/arantv.az\/?cat=1\" rel=\"category\">C\u0259miyy\u0259t<\/a>","rttpg_excerpt":"Ba\u015f nazir \u018fli \u018fs\u0259dov \u0259halinin sa\u011flaml\u0131\u011f\u0131n\u0131n qorunmas\u0131 il\u0259 ba\u011fl\u0131 s\u0259r\u0259ncam imzalay\u0131b. ARANTV.AZ-\u0131n m\u0259lumat\u0131na g\u00f6r\u0259, s\u0259r\u0259ncamda g\u00f6st\u0259rilib ki, Az\u0259rbaycan qanunlar\u0131n\u0131n v\u0259 Prezidentin aktlar\u0131n\u0131n \u201c\u018fhalinin sa\u011flaml\u0131\u011f\u0131n\u0131n qorunmas\u0131 haqq\u0131nda\u201d qanunda d\u0259yi\u015fiklik edilm\u0259si bar\u0259d\u0259\u201d 2019-cu il 27 iyun tarixli 1628-VQD n\u00f6mr\u0259li qanuna uy\u011funla\u015fd\u0131r\u0131lmas\u0131 il\u0259 ba\u011fl\u0131 t\u0259klifl\u0259r 20 g\u00fcn m\u00fcdd\u0259tind\u0259 Nazirl\u0259r Kabinetin\u0259 t\u0259qdim edilm\u0259lidir. Qeyd ed\u0259k ki, \u018fdliyy\u0259 Nazirliyi t\u0259klifl\u0259ri&hellip;","_links":{"self":[{"href":"https:\/\/arantv.az\/index.php?rest_route=\/wp\/v2\/posts\/97398"}],"collection":[{"href":"https:\/\/arantv.az\/index.php?rest_route=\/wp\/v2\/posts"}],"about":[{"href":"https:\/\/arantv.az\/index.php?rest_route=\/wp\/v2\/types\/post"}],"author":[{"embeddable":true,"href":"https:\/\/arantv.az\/index.php?rest_route=\/wp\/v2\/users\/2"}],"replies":[{"embeddable":true,"href":"https:\/\/arantv.az\/index.php?rest_route=%2Fwp%2Fv2%2Fcomments&post=97398"}],"version-history":[{"count":0,"href":"https:\/\/arantv.az\/index.php?rest_route=\/wp\/v2\/posts\/97398\/revisions"}],"wp:featuredmedia":[{"embeddable":true,"href":"https:\/\/arantv.az\/index.php?rest_route=\/wp\/v2\/media\/97399"}],"wp:attachment":[{"href":"https:\/\/arantv.az\/index.php?rest_route=%2Fwp%2Fv2%2Fmedia&parent=97398"}],"wp:term":[{"taxonomy":"category","embeddable":true,"href":"https:\/\/arantv.az\/index.php?rest_route=%2Fwp%2Fv2%2Fcategories&post=97398"},{"taxonomy":"post_tag","embeddable":true,"href":"https:\/\/arantv.az\/index.php?rest_route=%2Fwp%2Fv2%2Ftags&post=97398"}],"curies":[{"name":"wp","href":"https:\/\/api.w.org\/{rel}","templated":true}]}}