{"id":97470,"date":"2019-11-18T11:55:22","date_gmt":"2019-11-18T08:55:22","guid":{"rendered":"http:\/\/arantv.az\/?p=97470"},"modified":"2019-11-18T11:55:22","modified_gmt":"2019-11-18T08:55:22","slug":"insanlar-qapisi-aciq-avtobusdan-acimis-x%c9%99mir-kimi-dasirlar","status":"publish","type":"post","link":"https:\/\/arantv.az\/?p=97470","title":{"rendered":"&#8220;\u0130nsanlar qap\u0131s\u0131 a\u00e7\u0131q avtobusdan ac\u0131m\u0131\u015f x\u0259mir kimi da\u015f\u0131rlar&#8221;"},"content":{"rendered":"<p>H\u0259r s\u0259h\u0259r 29 n\u00f6mr\u0259li mar\u015frut avtobusu qap\u0131s\u0131 a\u00e7\u0131q \u015f\u0259kild\u0259 h\u0259r\u0259k\u0259t edir, insanlar da i\u00e7ind\u0259n ac\u0131m\u0131\u015f x\u0259mir kimi da\u015f\u0131rlar.<\/p>\n<p>Bu s\u00f6zl\u0259ri &#8220;qafqazinfo&#8221;ya \u015fikay\u0259tind\u0259 N\u0259simi rayon sakini G\u00fclnar\u0259 Abbasova deyib. \u015eikay\u0259t\u00e7i bildirib ki, h\u0259r g\u00fcn i\u015f\u0259 Badamdar-Avtova\u011fzal mar\u015frutu il\u0259 i\u015fl\u0259y\u0259n 29 n\u00f6mr\u0259li avtobusla gedir:<\/p>\n<p>&#8220;Ancaq buna getm\u0259k dem\u0259k olmaz. M\u0259nzil ba\u015f\u0131na \u00e7atana kimi s\u0131xl\u0131qdan b\u00fct\u00fcn \u0259s\u0259bl\u0259rimiz korlan\u0131r. El\u0259 g\u00fcn yoxdur ki, avtobus qap\u0131lar\u0131 a\u00e7\u0131q h\u0259r\u0259k\u0259t etm\u0259sin. H\u0259r an insanlar\u0131n \u00f6l\u00fcm t\u0259hl\u00fck\u0259si var, buna s\u0259ssiz qalmaq olmaz&#8221;.<\/p>\n<p>M\u0259s\u0259l\u0259 il\u0259 ba\u011fl\u0131 Bak\u0131 N\u0259qliyyat Agentliyinin M\u0259tbuat xidm\u0259tinin r\u0259hb\u0259ri Mais A\u011fayev qafqazinfo-ya bildirib ki, \u015fikay\u0259t \u0259sas\u0131nda haz\u0131rda ara\u015fd\u0131rma apar\u0131l\u0131r. Mar\u015frut x\u0259tti \u00fczr\u0259 da\u015f\u0131y\u0131c\u0131 \u015firk\u0259t m\u0259rk\u0259z\u0259 \u00e7a\u011f\u0131r\u0131laraq ona s\u0259rni\u015finl\u0259ri narahat ed\u0259n m\u0259qamlarla ba\u011fl\u0131 x\u0259b\u0259rdarl\u0131q edil\u0259c\u0259k.<\/p>\n","protected":false},"excerpt":{"rendered":"<p>H\u0259r s\u0259h\u0259r 29 n\u00f6mr\u0259li mar\u015frut avtobusu qap\u0131s\u0131 a\u00e7\u0131q \u015f\u0259kild\u0259 h\u0259r\u0259k\u0259t edir, insanlar da i\u00e7ind\u0259n ac\u0131m\u0131\u015f x\u0259mir kimi da\u015f\u0131rlar. Bu s\u00f6zl\u0259ri &#8220;qafqazinfo&#8221;ya \u015fikay\u0259tind\u0259 N\u0259simi rayon sakini G\u00fclnar\u0259 Abbasova deyib. \u015eikay\u0259t\u00e7i bildirib ki, h\u0259r g\u00fcn i\u015f\u0259 Badamdar-Avtova\u011fzal mar\u015frutu il\u0259 i\u015fl\u0259y\u0259n 29 n\u00f6mr\u0259li avtobusla gedir: &#8220;Ancaq buna getm\u0259k dem\u0259k olmaz. M\u0259nzil ba\u015f\u0131na \u00e7atana kimi s\u0131xl\u0131qdan b\u00fct\u00fcn \u0259s\u0259bl\u0259rimiz korlan\u0131r. El\u0259 g\u00fcn yoxdur ki, avtobus qap\u0131lar\u0131 a\u00e7\u0131q h\u0259r\u0259k\u0259t etm\u0259sin. H\u0259r an insanlar\u0131n \u00f6l\u00fcm t\u0259hl\u00fck\u0259si var, buna s\u0259ssiz qalmaq olmaz&#8221;. M\u0259s\u0259l\u0259 il\u0259 ba\u011fl\u0131 Bak\u0131 N\u0259qliyyat Agentliyinin M\u0259tbuat xidm\u0259tinin r\u0259hb\u0259ri Mais A\u011fayev qafqazinfo-ya bildirib ki, \u015fikay\u0259t \u0259sas\u0131nda&hellip;<\/p>\n","protected":false},"author":2,"featured_media":97471,"comment_status":"closed","ping_status":"closed","sticky":false,"template":"","format":"standard","meta":{"om_disable_all_campaigns":false,"_monsterinsights_skip_tracking":false,"_monsterinsights_sitenote_active":false,"_monsterinsights_sitenote_note":"","_monsterinsights_sitenote_category":0},"categories":[1],"tags":[],"aioseo_notices":[],"gutentor_comment":0,"rttpg_featured_image_url":{"full":["https:\/\/arantv.az\/wp-content\/uploads\/2019\/11\/78_61574066535.jpg",649,487,false],"landscape":["https:\/\/arantv.az\/wp-content\/uploads\/2019\/11\/78_61574066535.jpg",649,487,false],"portraits":["https:\/\/arantv.az\/wp-content\/uploads\/2019\/11\/78_61574066535.jpg",649,487,false],"thumbnail":["https:\/\/arantv.az\/wp-content\/uploads\/2019\/11\/78_61574066535-150x150.jpg",150,150,true],"medium":["https:\/\/arantv.az\/wp-content\/uploads\/2019\/11\/78_61574066535-300x225.jpg",300,225,true],"large":["https:\/\/arantv.az\/wp-content\/uploads\/2019\/11\/78_61574066535.jpg",640,480,false],"1536x1536":["https:\/\/arantv.az\/wp-content\/uploads\/2019\/11\/78_61574066535.jpg",649,487,false],"2048x2048":["https:\/\/arantv.az\/wp-content\/uploads\/2019\/11\/78_61574066535.jpg",649,487,false],"post-thumbnail":["https:\/\/arantv.az\/wp-content\/uploads\/2019\/11\/78_61574066535-240x172.jpg",240,172,true],"advps-thumb-one":["https:\/\/arantv.az\/wp-content\/uploads\/2019\/11\/78_61574066535.jpg",649,487,false]},"rttpg_author":{"display_name":"V\u00fcsal Rafiqo\u011flu","author_link":"https:\/\/arantv.az\/?author=2"},"rttpg_comment":0,"rttpg_category":"<a href=\"https:\/\/arantv.az\/?cat=1\" rel=\"category\">C\u0259miyy\u0259t<\/a>","rttpg_excerpt":"H\u0259r s\u0259h\u0259r 29 n\u00f6mr\u0259li mar\u015frut avtobusu qap\u0131s\u0131 a\u00e7\u0131q \u015f\u0259kild\u0259 h\u0259r\u0259k\u0259t edir, insanlar da i\u00e7ind\u0259n ac\u0131m\u0131\u015f x\u0259mir kimi da\u015f\u0131rlar. Bu s\u00f6zl\u0259ri &#8220;qafqazinfo&#8221;ya \u015fikay\u0259tind\u0259 N\u0259simi rayon sakini G\u00fclnar\u0259 Abbasova deyib. \u015eikay\u0259t\u00e7i bildirib ki, h\u0259r g\u00fcn i\u015f\u0259 Badamdar-Avtova\u011fzal mar\u015frutu il\u0259 i\u015fl\u0259y\u0259n 29 n\u00f6mr\u0259li avtobusla gedir: &#8220;Ancaq buna getm\u0259k dem\u0259k olmaz. M\u0259nzil ba\u015f\u0131na \u00e7atana kimi s\u0131xl\u0131qdan b\u00fct\u00fcn \u0259s\u0259bl\u0259rimiz korlan\u0131r.&hellip;","_links":{"self":[{"href":"https:\/\/arantv.az\/index.php?rest_route=\/wp\/v2\/posts\/97470"}],"collection":[{"href":"https:\/\/arantv.az\/index.php?rest_route=\/wp\/v2\/posts"}],"about":[{"href":"https:\/\/arantv.az\/index.php?rest_route=\/wp\/v2\/types\/post"}],"author":[{"embeddable":true,"href":"https:\/\/arantv.az\/index.php?rest_route=\/wp\/v2\/users\/2"}],"replies":[{"embeddable":true,"href":"https:\/\/arantv.az\/index.php?rest_route=%2Fwp%2Fv2%2Fcomments&post=97470"}],"version-history":[{"count":0,"href":"https:\/\/arantv.az\/index.php?rest_route=\/wp\/v2\/posts\/97470\/revisions"}],"wp:featuredmedia":[{"embeddable":true,"href":"https:\/\/arantv.az\/index.php?rest_route=\/wp\/v2\/media\/97471"}],"wp:attachment":[{"href":"https:\/\/arantv.az\/index.php?rest_route=%2Fwp%2Fv2%2Fmedia&parent=97470"}],"wp:term":[{"taxonomy":"category","embeddable":true,"href":"https:\/\/arantv.az\/index.php?rest_route=%2Fwp%2Fv2%2Fcategories&post=97470"},{"taxonomy":"post_tag","embeddable":true,"href":"https:\/\/arantv.az\/index.php?rest_route=%2Fwp%2Fv2%2Ftags&post=97470"}],"curies":[{"name":"wp","href":"https:\/\/api.w.org\/{rel}","templated":true}]}}