{"id":97494,"date":"2019-11-18T12:11:19","date_gmt":"2019-11-18T09:11:19","guid":{"rendered":"http:\/\/arantv.az\/?p=97494"},"modified":"2019-11-18T12:11:19","modified_gmt":"2019-11-18T09:11:19","slug":"evd%c9%99n-meyiti-tapilan-mu%c9%99llimin-olum-s%c9%99b%c9%99bi-m%c9%99lum-oldu-t%c9%99f%c9%99rruat","status":"publish","type":"post","link":"https:\/\/arantv.az\/?p=97494","title":{"rendered":"Evd\u0259n meyiti tap\u0131lan m\u00fc\u0259llimin \u00f6l\u00fcm s\u0259b\u0259bi m\u0259lum oldu &#8211; T\u018fF\u018fRR\u00dcAT"},"content":{"rendered":"<p>C\u0259lilabad rayonunda kiray\u0259 ya\u015fad\u0131\u011f\u0131 evd\u0259n meyiti tap\u0131lan g\u0259nc m\u00fc\u0259llimin s\u0259b\u0259bi m\u0259lum olub.<\/p>\n<p><strong>ARANTV.AZ<\/strong>\u00a0 x\u0259b\u0259r verir ki, Yard\u0131ml\u0131 rayon sakini, 1983-c\u00fc il t\u0259v\u0259ll\u00fcdl\u00fc Z\u0259f\u0259r \u015eirzad o\u011flu Miriyevin ilkin \u00f6l\u00fcm s\u0259b\u0259binin pnevmoniya oldu\u011fu bildirilir.<\/p>\n<p>Qeyd ed\u0259k ki, rayonun Ma\u015fl\u0131q k\u0259nd orta m\u0259kt\u0259bind\u0259 riyaziyyat m\u00fc\u0259llimi i\u015fl\u0259y\u0259n Z.M\u0130riyevin kiray\u0259 qald\u0131\u011f\u0131 evd\u0259 meyidi a\u015fkar edilib.<\/p>\n<p>M\u0259lumata g\u00f6r\u0259, m\u0259rhumun atas\u0131 o\u011fluna d\u0259f\u0259l\u0259rl\u0259 z\u0259ng ets\u0259 d\u0259, telefona cavab verm\u0259yib. Daha sonra atas\u0131 ev sahibin\u0259 z\u0259ng vurub. Ev sahibi d\u0259 m\u00fc\u0259llimi \u00f6l\u00fc v\u0259ziyy\u0259td\u0259 a\u015fkar ed\u0259r\u0259k, m\u00fcvafiq orqanlara m\u0259lumat verib.<\/p>\n<p>Faktla ba\u011fl\u0131 ara\u015fd\u0131rma apar\u0131l\u0131r.BiG.AZ<\/p>\n","protected":false},"excerpt":{"rendered":"<p>C\u0259lilabad rayonunda kiray\u0259 ya\u015fad\u0131\u011f\u0131 evd\u0259n meyiti tap\u0131lan g\u0259nc m\u00fc\u0259llimin s\u0259b\u0259bi m\u0259lum olub. ARANTV.AZ\u00a0 x\u0259b\u0259r verir ki, Yard\u0131ml\u0131 rayon sakini, 1983-c\u00fc il t\u0259v\u0259ll\u00fcdl\u00fc Z\u0259f\u0259r \u015eirzad o\u011flu Miriyevin ilkin \u00f6l\u00fcm s\u0259b\u0259binin pnevmoniya oldu\u011fu bildirilir. Qeyd ed\u0259k ki, rayonun Ma\u015fl\u0131q k\u0259nd orta m\u0259kt\u0259bind\u0259 riyaziyyat m\u00fc\u0259llimi i\u015fl\u0259y\u0259n Z.M\u0130riyevin kiray\u0259 qald\u0131\u011f\u0131 evd\u0259 meyidi a\u015fkar edilib. M\u0259lumata g\u00f6r\u0259, m\u0259rhumun atas\u0131 o\u011fluna d\u0259f\u0259l\u0259rl\u0259 z\u0259ng ets\u0259 d\u0259, telefona cavab verm\u0259yib. Daha sonra atas\u0131 ev sahibin\u0259 z\u0259ng vurub. Ev sahibi d\u0259 m\u00fc\u0259llimi \u00f6l\u00fc v\u0259ziyy\u0259td\u0259 a\u015fkar ed\u0259r\u0259k, m\u00fcvafiq orqanlara m\u0259lumat verib. Faktla ba\u011fl\u0131 ara\u015fd\u0131rma apar\u0131l\u0131r.BiG.AZ<\/p>\n","protected":false},"author":2,"featured_media":97495,"comment_status":"closed","ping_status":"closed","sticky":false,"template":"","format":"standard","meta":{"om_disable_all_campaigns":false,"_monsterinsights_skip_tracking":false,"_monsterinsights_sitenote_active":false,"_monsterinsights_sitenote_note":"","_monsterinsights_sitenote_category":0},"categories":[5],"tags":[],"aioseo_notices":[],"gutentor_comment":0,"rttpg_featured_image_url":{"full":["https:\/\/arantv.az\/wp-content\/uploads\/2019\/11\/43_71574067204.jpg",600,400,false],"landscape":["https:\/\/arantv.az\/wp-content\/uploads\/2019\/11\/43_71574067204.jpg",600,400,false],"portraits":["https:\/\/arantv.az\/wp-content\/uploads\/2019\/11\/43_71574067204.jpg",600,400,false],"thumbnail":["https:\/\/arantv.az\/wp-content\/uploads\/2019\/11\/43_71574067204-150x150.jpg",150,150,true],"medium":["https:\/\/arantv.az\/wp-content\/uploads\/2019\/11\/43_71574067204-300x200.jpg",300,200,true],"large":["https:\/\/arantv.az\/wp-content\/uploads\/2019\/11\/43_71574067204.jpg",600,400,false],"1536x1536":["https:\/\/arantv.az\/wp-content\/uploads\/2019\/11\/43_71574067204.jpg",600,400,false],"2048x2048":["https:\/\/arantv.az\/wp-content\/uploads\/2019\/11\/43_71574067204.jpg",600,400,false],"post-thumbnail":["https:\/\/arantv.az\/wp-content\/uploads\/2019\/11\/43_71574067204-240x172.jpg",240,172,true],"advps-thumb-one":["https:\/\/arantv.az\/wp-content\/uploads\/2019\/11\/43_71574067204.jpg",600,400,false]},"rttpg_author":{"display_name":"V\u00fcsal Rafiqo\u011flu","author_link":"https:\/\/arantv.az\/?author=2"},"rttpg_comment":0,"rttpg_category":"<a href=\"https:\/\/arantv.az\/?cat=5\" rel=\"category\">Hadis\u0259<\/a>","rttpg_excerpt":"C\u0259lilabad rayonunda kiray\u0259 ya\u015fad\u0131\u011f\u0131 evd\u0259n meyiti tap\u0131lan g\u0259nc m\u00fc\u0259llimin s\u0259b\u0259bi m\u0259lum olub. ARANTV.AZ\u00a0 x\u0259b\u0259r verir ki, Yard\u0131ml\u0131 rayon sakini, 1983-c\u00fc il t\u0259v\u0259ll\u00fcdl\u00fc Z\u0259f\u0259r \u015eirzad o\u011flu Miriyevin ilkin \u00f6l\u00fcm s\u0259b\u0259binin pnevmoniya oldu\u011fu bildirilir. Qeyd ed\u0259k ki, rayonun Ma\u015fl\u0131q k\u0259nd orta m\u0259kt\u0259bind\u0259 riyaziyyat m\u00fc\u0259llimi i\u015fl\u0259y\u0259n Z.M\u0130riyevin kiray\u0259 qald\u0131\u011f\u0131 evd\u0259 meyidi a\u015fkar edilib. M\u0259lumata g\u00f6r\u0259, m\u0259rhumun atas\u0131 o\u011fluna&hellip;","_links":{"self":[{"href":"https:\/\/arantv.az\/index.php?rest_route=\/wp\/v2\/posts\/97494"}],"collection":[{"href":"https:\/\/arantv.az\/index.php?rest_route=\/wp\/v2\/posts"}],"about":[{"href":"https:\/\/arantv.az\/index.php?rest_route=\/wp\/v2\/types\/post"}],"author":[{"embeddable":true,"href":"https:\/\/arantv.az\/index.php?rest_route=\/wp\/v2\/users\/2"}],"replies":[{"embeddable":true,"href":"https:\/\/arantv.az\/index.php?rest_route=%2Fwp%2Fv2%2Fcomments&post=97494"}],"version-history":[{"count":0,"href":"https:\/\/arantv.az\/index.php?rest_route=\/wp\/v2\/posts\/97494\/revisions"}],"wp:featuredmedia":[{"embeddable":true,"href":"https:\/\/arantv.az\/index.php?rest_route=\/wp\/v2\/media\/97495"}],"wp:attachment":[{"href":"https:\/\/arantv.az\/index.php?rest_route=%2Fwp%2Fv2%2Fmedia&parent=97494"}],"wp:term":[{"taxonomy":"category","embeddable":true,"href":"https:\/\/arantv.az\/index.php?rest_route=%2Fwp%2Fv2%2Fcategories&post=97494"},{"taxonomy":"post_tag","embeddable":true,"href":"https:\/\/arantv.az\/index.php?rest_route=%2Fwp%2Fv2%2Ftags&post=97494"}],"curies":[{"name":"wp","href":"https:\/\/api.w.org\/{rel}","templated":true}]}}