{"id":97506,"date":"2019-11-18T12:17:43","date_gmt":"2019-11-18T09:17:43","guid":{"rendered":"http:\/\/arantv.az\/?p=97506"},"modified":"2019-11-18T12:17:43","modified_gmt":"2019-11-18T09:17:43","slug":"xaricd%c9%99-doktorantura-s%c9%99viyy%c9%99sind%c9%99-t%c9%99hsilin-maliyy%c9%99l%c9%99sdirilm%c9%99sinin-s%c9%99rtl%c9%99ri-aciqlandi","status":"publish","type":"post","link":"https:\/\/arantv.az\/?p=97506","title":{"rendered":"Xaricd\u0259 doktorantura s\u0259viyy\u0259sind\u0259 t\u0259hsilin maliyy\u0259l\u0259\u015fdirilm\u0259sinin \u015f\u0259rtl\u0259ri a\u00e7\u0131qland\u0131"},"content":{"rendered":"<p>Az\u0259rbaycan v\u0259t\u0259nda\u015flar\u0131n\u0131n xaricd\u0259 doktorantura s\u0259viyy\u0259si \u00fczr\u0259 t\u0259hsili \u00fc\u00e7\u00fcn prioritet ixtisas istiqam\u0259tl\u0259rin\u0259 uy\u011fun olaraq yerli ali t\u0259hsil v\u0259 elm m\u00fc\u0259ssis\u0259l\u0259ri \u00fc\u00e7\u00fcn pe\u015f\u0259kar m\u00fct\u0259x\u0259ssisl\u0259rin yeti\u015fdirilm\u0259si h\u0259yata ke\u00e7iril\u0259c\u0259k.<\/p>\n<p><b>ARANTV.AZ<\/b>-\u0131n m\u0259lumat\u0131na g\u00f6r\u0259 bunu T\u0259hsil Nazirliyinin Beyn\u0259lxalq \u0259m\u0259kda\u015fl\u0131q \u015f\u00f6b\u0259sinin m\u00fcdiri Nicat M\u0259mm\u0259dli \u201c2019-2023-c\u00fc ill\u0259r \u00fc\u00e7\u00fcn Az\u0259rbaycan Respublikas\u0131nda ali t\u0259hsil sisteminin beyn\u0259lxalq r\u0259qab\u0259tliliyinin art\u0131r\u0131lmas\u0131 \u00fczr\u0259 D\u00f6vl\u0259t Proqram\u0131\u201d \u00e7\u0259r\u00e7iv\u0259sind\u0259 Az\u0259rbaycan Respublikas\u0131 v\u0259t\u0259nda\u015flar\u0131n\u0131n xaricd\u0259 doktorantura s\u0259viyy\u0259sind\u0259 t\u0259hsilinin maliyy\u0259l\u0259\u015fdirilm\u0259si v\u0259 se\u00e7imin\u0259 dair Qaydalarla ba\u011fl\u0131 ke\u00e7iril\u0259n m\u0259tbuat konfrans\u0131nda deyib.<\/p>\n<p>Onun s\u00f6zl\u0259rin\u0259 g\u00f6r\u0259, haz\u0131rda reytinqd\u0259 ad\u0131 olan universitetd\u0259 t\u0259hsil alan Az\u0259rbaycan v\u0259t\u0259nda\u015flar\u0131 da bu proqrama m\u00fcraci\u0259t ed\u0259r\u0259k t\u0259hsill\u0259rinin maliyy\u0259l\u0259\u015fm\u0259sini ist\u0259y\u0259 bil\u0259rl\u0259r:<\/p>\n<p>\u201c\u018fsas t\u0259l\u0259bl\u0259rd\u0259n biri \u00fc\u00e7t\u0259r\u0259fli m\u00fcqavil\u0259nin olmas\u0131d\u0131r. Maliyy\u0259 hiss\u0259si yen\u0259 d\u0259 Az\u0259rbaycan D\u00f6vl\u0259t Neft Fondu t\u0259r\u0259find\u0259n \u00f6d\u0259nil\u0259c\u0259k. Doktorantura s\u0259viyy\u0259si \u00fczr\u0259 istiqam\u0259tl\u0259r may ay\u0131ndan m\u00fc\u0259yy\u0259nl\u0259\u015fib.<\/p>\n<p>B\u00fct\u00fcn ixtisaslar\u0131 \u00f6z\u00fcnd\u0259 ehtiva edir. 2020-ci ilin yaz semestri \u00fc\u00e7\u00fcn s\u00f6z\u00fcged\u0259n D\u00f6vl\u0259t Proqram\u0131 \u00e7\u0259r\u00e7iv\u0259sind\u0259 xaricd\u0259 doktorantura t\u0259hsili \u00fc\u00e7\u00fcn bu g\u00fcnd\u0259n m\u00fcvafiq elan verilib. S\u0259n\u0259d q\u0259bulu ild\u0259 iki\u00a0d\u0259f\u0259 apar\u0131lacaq. Sentyabrdan n\u00f6vb\u0259ti semestr \u00fc\u00e7\u00fcn s\u0259n\u0259d q\u0259bulu olacaq\u201d.<\/p>\n<p>Qeyd olunub ki, xaricd\u0259 doktorantura t\u0259hsilinin maliyy\u0259l\u0259\u015fdirilm\u0259si n\u0259tic\u0259sind\u0259 Az\u0259rbaycan\u00a0 v\u0259t\u0259nda\u015flar\u0131n\u0131n \u201cTimes Higher Education (THE) World University Rankings\u201d, \u201cAcademic Ranking of World Universities (Shanghai)\u201d reytinq siyah\u0131lar\u0131nda ilk 500-d\u0259 yer alan n\u00fcfuzlu ali t\u0259hsil m\u00fc\u0259ssis\u0259l\u0259rind\u0259 doktorantura t\u0259hsilinin maliyy\u0259l\u0259\u015fdirilm\u0259si, yerli ali t\u0259hsil m\u00fc\u0259ssis\u0259l\u0259ri il\u0259 ba\u011flanacaq \u00fc\u00e7t\u0259r\u0259fli m\u00fcqavil\u0259 n\u0259tic\u0259sind\u0259 D\u00f6vl\u0259t Proqram\u0131 \u00e7\u0259r\u00e7iv\u0259sind\u0259 doktorantura s\u0259viyy\u0259si \u00fczr\u0259 t\u0259hsil alm\u0131\u015f m\u0259zunlar\u0131n akademik v\u0259 ya inzibati olaraq i\u015fl\u0259 t\u0259minat\u0131, h\u0259m\u00e7inin D\u00f6vl\u0259t Proqram\u0131 \u00e7\u0259r\u00e7iv\u0259sind\u0259 xaricd\u0259 doktorantura s\u0259viyy\u0259sind\u0259 t\u0259hsil alm\u0131\u015f \u015f\u0259xsl\u0259rin \u0259ld\u0259 etdikl\u0259ri beyn\u0259lxalq t\u0259cr\u00fcb\u0259nin Az\u0259rbaycanda elmi-pedaqoji sah\u0259d\u0259 t\u0259tbiqi, \u00f6lk\u0259nin \u0259m\u0259k bazar\u0131n\u0131n t\u0259l\u0259bat\u0131 \u0259sas\u0131nda m\u00fc\u0259yy\u0259n olunmu\u015f pe\u015f\u0259 v\u0259 ixtisaslar \u00fczr\u0259 y\u00fcks\u0259k t\u0259dqiqat bacar\u0131qlar\u0131na malik kadr potensial\u0131n\u0131n formala\u015fd\u0131r\u0131lmas\u0131na nail olunmas\u0131 v\u0259 yerli ali t\u0259hsil sisteminin beyn\u0259lxalq r\u0259qab\u0259tliliyinin art\u0131r\u0131lmas\u0131 n\u0259z\u0259rd\u0259 tutulur.Oxu.Az<\/p>\n","protected":false},"excerpt":{"rendered":"<p>Az\u0259rbaycan v\u0259t\u0259nda\u015flar\u0131n\u0131n xaricd\u0259 doktorantura s\u0259viyy\u0259si \u00fczr\u0259 t\u0259hsili \u00fc\u00e7\u00fcn prioritet ixtisas istiqam\u0259tl\u0259rin\u0259 uy\u011fun olaraq yerli ali t\u0259hsil v\u0259 elm m\u00fc\u0259ssis\u0259l\u0259ri \u00fc\u00e7\u00fcn pe\u015f\u0259kar m\u00fct\u0259x\u0259ssisl\u0259rin yeti\u015fdirilm\u0259si h\u0259yata ke\u00e7iril\u0259c\u0259k. ARANTV.AZ-\u0131n m\u0259lumat\u0131na g\u00f6r\u0259 bunu T\u0259hsil Nazirliyinin Beyn\u0259lxalq \u0259m\u0259kda\u015fl\u0131q \u015f\u00f6b\u0259sinin m\u00fcdiri Nicat M\u0259mm\u0259dli \u201c2019-2023-c\u00fc ill\u0259r \u00fc\u00e7\u00fcn Az\u0259rbaycan Respublikas\u0131nda ali t\u0259hsil sisteminin beyn\u0259lxalq r\u0259qab\u0259tliliyinin art\u0131r\u0131lmas\u0131 \u00fczr\u0259 D\u00f6vl\u0259t Proqram\u0131\u201d \u00e7\u0259r\u00e7iv\u0259sind\u0259 Az\u0259rbaycan Respublikas\u0131 v\u0259t\u0259nda\u015flar\u0131n\u0131n xaricd\u0259 doktorantura s\u0259viyy\u0259sind\u0259 t\u0259hsilinin maliyy\u0259l\u0259\u015fdirilm\u0259si v\u0259 se\u00e7imin\u0259 dair Qaydalarla ba\u011fl\u0131 ke\u00e7iril\u0259n m\u0259tbuat konfrans\u0131nda deyib. Onun s\u00f6zl\u0259rin\u0259 g\u00f6r\u0259, haz\u0131rda reytinqd\u0259 ad\u0131 olan universitetd\u0259 t\u0259hsil alan Az\u0259rbaycan v\u0259t\u0259nda\u015flar\u0131 da bu proqrama m\u00fcraci\u0259t ed\u0259r\u0259k t\u0259hsill\u0259rinin maliyy\u0259l\u0259\u015fm\u0259sini ist\u0259y\u0259 bil\u0259rl\u0259r:&hellip;<\/p>\n","protected":false},"author":2,"featured_media":97507,"comment_status":"closed","ping_status":"closed","sticky":false,"template":"","format":"standard","meta":{"om_disable_all_campaigns":false,"_monsterinsights_skip_tracking":false,"_monsterinsights_sitenote_active":false,"_monsterinsights_sitenote_note":"","_monsterinsights_sitenote_category":0},"categories":[1],"tags":[],"aioseo_notices":[],"gutentor_comment":0,"rttpg_featured_image_url":{"full":["https:\/\/arantv.az\/wp-content\/uploads\/2019\/11\/xaricde.jpg",620,413,false],"landscape":["https:\/\/arantv.az\/wp-content\/uploads\/2019\/11\/xaricde.jpg",620,413,false],"portraits":["https:\/\/arantv.az\/wp-content\/uploads\/2019\/11\/xaricde.jpg",620,413,false],"thumbnail":["https:\/\/arantv.az\/wp-content\/uploads\/2019\/11\/xaricde-150x150.jpg",150,150,true],"medium":["https:\/\/arantv.az\/wp-content\/uploads\/2019\/11\/xaricde-300x200.jpg",300,200,true],"large":["https:\/\/arantv.az\/wp-content\/uploads\/2019\/11\/xaricde.jpg",620,413,false],"1536x1536":["https:\/\/arantv.az\/wp-content\/uploads\/2019\/11\/xaricde.jpg",620,413,false],"2048x2048":["https:\/\/arantv.az\/wp-content\/uploads\/2019\/11\/xaricde.jpg",620,413,false],"post-thumbnail":["https:\/\/arantv.az\/wp-content\/uploads\/2019\/11\/xaricde-240x172.jpg",240,172,true],"advps-thumb-one":["https:\/\/arantv.az\/wp-content\/uploads\/2019\/11\/xaricde.jpg",620,413,false]},"rttpg_author":{"display_name":"V\u00fcsal Rafiqo\u011flu","author_link":"https:\/\/arantv.az\/?author=2"},"rttpg_comment":0,"rttpg_category":"<a href=\"https:\/\/arantv.az\/?cat=1\" rel=\"category\">C\u0259miyy\u0259t<\/a>","rttpg_excerpt":"Az\u0259rbaycan v\u0259t\u0259nda\u015flar\u0131n\u0131n xaricd\u0259 doktorantura s\u0259viyy\u0259si \u00fczr\u0259 t\u0259hsili \u00fc\u00e7\u00fcn prioritet ixtisas istiqam\u0259tl\u0259rin\u0259 uy\u011fun olaraq yerli ali t\u0259hsil v\u0259 elm m\u00fc\u0259ssis\u0259l\u0259ri \u00fc\u00e7\u00fcn pe\u015f\u0259kar m\u00fct\u0259x\u0259ssisl\u0259rin yeti\u015fdirilm\u0259si h\u0259yata ke\u00e7iril\u0259c\u0259k. ARANTV.AZ-\u0131n m\u0259lumat\u0131na g\u00f6r\u0259 bunu T\u0259hsil Nazirliyinin Beyn\u0259lxalq \u0259m\u0259kda\u015fl\u0131q \u015f\u00f6b\u0259sinin m\u00fcdiri Nicat M\u0259mm\u0259dli \u201c2019-2023-c\u00fc ill\u0259r \u00fc\u00e7\u00fcn Az\u0259rbaycan Respublikas\u0131nda ali t\u0259hsil sisteminin beyn\u0259lxalq r\u0259qab\u0259tliliyinin art\u0131r\u0131lmas\u0131 \u00fczr\u0259 D\u00f6vl\u0259t Proqram\u0131\u201d \u00e7\u0259r\u00e7iv\u0259sind\u0259 Az\u0259rbaycan Respublikas\u0131 v\u0259t\u0259nda\u015flar\u0131n\u0131n&hellip;","_links":{"self":[{"href":"https:\/\/arantv.az\/index.php?rest_route=\/wp\/v2\/posts\/97506"}],"collection":[{"href":"https:\/\/arantv.az\/index.php?rest_route=\/wp\/v2\/posts"}],"about":[{"href":"https:\/\/arantv.az\/index.php?rest_route=\/wp\/v2\/types\/post"}],"author":[{"embeddable":true,"href":"https:\/\/arantv.az\/index.php?rest_route=\/wp\/v2\/users\/2"}],"replies":[{"embeddable":true,"href":"https:\/\/arantv.az\/index.php?rest_route=%2Fwp%2Fv2%2Fcomments&post=97506"}],"version-history":[{"count":0,"href":"https:\/\/arantv.az\/index.php?rest_route=\/wp\/v2\/posts\/97506\/revisions"}],"wp:featuredmedia":[{"embeddable":true,"href":"https:\/\/arantv.az\/index.php?rest_route=\/wp\/v2\/media\/97507"}],"wp:attachment":[{"href":"https:\/\/arantv.az\/index.php?rest_route=%2Fwp%2Fv2%2Fmedia&parent=97506"}],"wp:term":[{"taxonomy":"category","embeddable":true,"href":"https:\/\/arantv.az\/index.php?rest_route=%2Fwp%2Fv2%2Fcategories&post=97506"},{"taxonomy":"post_tag","embeddable":true,"href":"https:\/\/arantv.az\/index.php?rest_route=%2Fwp%2Fv2%2Ftags&post=97506"}],"curies":[{"name":"wp","href":"https:\/\/api.w.org\/{rel}","templated":true}]}}