{"id":97510,"date":"2019-11-18T12:18:54","date_gmt":"2019-11-18T09:18:54","guid":{"rendered":"http:\/\/arantv.az\/?p=97510"},"modified":"2019-11-18T12:18:54","modified_gmt":"2019-11-18T09:18:54","slug":"komit%c9%99-s%c9%99dri-qadin-sahibkarligin-inkisafi-yoxsullugun-azalmasina-yardim-edir","status":"publish","type":"post","link":"https:\/\/arantv.az\/?p=97510","title":{"rendered":"Komit\u0259 s\u0259dri: &#8220;Qad\u0131n sahibkarl\u0131\u011f\u0131n inki\u015faf\u0131 yoxsullu\u011fun azalmas\u0131na yard\u0131m edir&#8221;"},"content":{"rendered":"<blockquote><p><em><strong>Az\u0259rbaycanda qad\u0131n sahibkarlar\u0131n say\u0131 ilb\u0259il art\u0131r.<\/strong><\/em><\/p><\/blockquote>\n<p><strong>ARANTV.AZ<\/strong>\u00a0\u00a0<a href=\"http:\/\/az.trend.az\/\" target=\"_blank\" rel=\"noopener\">Trend<\/a>-\u0259 istinad\u0259n bildirir ki,\u00a0bunu &#8220;\u00dcf\u00fcqd\u0259 yeni f\u00fcrs\u0259tl\u0259r: Qad\u0131n sahibkarlara ya\u015f\u0131l i\u015f\u0131q&#8221; forumunda Ail\u0259, Qad\u0131n v\u0259 U\u015faq Probleml\u0259ri D\u00f6vl\u0259t Komit\u0259sinin s\u0259dri Hicran H\u00fcseynova bildirib.<\/p>\n<p>H.H\u00fcseynova deyib ki, qad\u0131n sahibkarlar\u0131n say\u0131n\u0131n artmas\u0131 \u0259halinin h\u0259yat s\u0259viyy\u0259sinin y\u00fcks\u0259lm\u0259si, yeni i\u015f yerl\u0259rinin a\u00e7\u0131lmas\u0131na s\u0259b\u0259b olur:<\/p>\n<p>&#8220;Qad\u0131nlar\u0131n pe\u015f\u0259 ixtisas kurslar\u0131na c\u0259lb edilm\u0259si daha da g\u00fccl\u0259nm\u0259lidir. Sahibkar qad\u0131nlar \u00fc\u00e7\u00fcn yeni bazarlara \u00e7\u0131x\u0131\u015f imkanlar\u0131 yarad\u0131lmal\u0131d\u0131r. Qad\u0131n sahibkarl\u0131\u011f\u0131n inki\u015faf\u0131 yoxsullu\u011fun azalmas\u0131na yard\u0131m edir. Xarici \u00f6lk\u0259l\u0259rd\u0259 f\u0259aliyy\u0259t g\u00f6st\u0259r\u0259n Az\u0259rbaycan Ticar\u0259t Evl\u0259rind\u0259 qad\u0131n sahibkarlar\u0131n istehsal etdiyi m\u0259hsullar\u0131n ixrac\u0131 daha da art\u0131r\u0131lmal\u0131d\u0131r&#8221;.<\/p>\n<p>Komit\u0259 s\u0259dri \u0259lav\u0259 edib ki, Az\u0259rbaycan\u0131n 8 rayonunda resurs m\u0259rk\u0259zl\u0259rinin yarad\u0131lmas\u0131 n\u0259tic\u0259sind\u0259 145 qad\u0131n \u015f\u0259xsi biznesini qurub.<\/p>\n<p>H.H\u00fcseynova vur\u011fulay\u0131b ki, b\u00fct\u00f6vl\u00fckd\u0259 m\u0259rk\u0259zl\u0259r vasit\u0259sil\u0259 6500-d\u0259n \u00e7ox \u00fczv\u00fc olan g\u00fccl\u00fc qad\u0131n \u015f\u0259b\u0259k\u0259si m\u00f6vcuddur.<\/p>\n","protected":false},"excerpt":{"rendered":"<p>Az\u0259rbaycanda qad\u0131n sahibkarlar\u0131n say\u0131 ilb\u0259il art\u0131r. ARANTV.AZ\u00a0\u00a0Trend-\u0259 istinad\u0259n bildirir ki,\u00a0bunu &#8220;\u00dcf\u00fcqd\u0259 yeni f\u00fcrs\u0259tl\u0259r: Qad\u0131n sahibkarlara ya\u015f\u0131l i\u015f\u0131q&#8221; forumunda Ail\u0259, Qad\u0131n v\u0259 U\u015faq Probleml\u0259ri D\u00f6vl\u0259t Komit\u0259sinin s\u0259dri Hicran H\u00fcseynova bildirib. H.H\u00fcseynova deyib ki, qad\u0131n sahibkarlar\u0131n say\u0131n\u0131n artmas\u0131 \u0259halinin h\u0259yat s\u0259viyy\u0259sinin y\u00fcks\u0259lm\u0259si, yeni i\u015f yerl\u0259rinin a\u00e7\u0131lmas\u0131na s\u0259b\u0259b olur: &#8220;Qad\u0131nlar\u0131n pe\u015f\u0259 ixtisas kurslar\u0131na c\u0259lb edilm\u0259si daha da g\u00fccl\u0259nm\u0259lidir. Sahibkar qad\u0131nlar \u00fc\u00e7\u00fcn yeni bazarlara \u00e7\u0131x\u0131\u015f imkanlar\u0131 yarad\u0131lmal\u0131d\u0131r. Qad\u0131n sahibkarl\u0131\u011f\u0131n inki\u015faf\u0131 yoxsullu\u011fun azalmas\u0131na yard\u0131m edir. Xarici \u00f6lk\u0259l\u0259rd\u0259 f\u0259aliyy\u0259t g\u00f6st\u0259r\u0259n Az\u0259rbaycan Ticar\u0259t Evl\u0259rind\u0259 qad\u0131n sahibkarlar\u0131n istehsal etdiyi m\u0259hsullar\u0131n ixrac\u0131 daha da art\u0131r\u0131lmal\u0131d\u0131r&#8221;. Komit\u0259 s\u0259dri \u0259lav\u0259 edib&hellip;<\/p>\n","protected":false},"author":2,"featured_media":97511,"comment_status":"closed","ping_status":"closed","sticky":false,"template":"","format":"standard","meta":{"om_disable_all_campaigns":false,"_monsterinsights_skip_tracking":false,"_monsterinsights_sitenote_active":false,"_monsterinsights_sitenote_note":"","_monsterinsights_sitenote_category":0},"categories":[1],"tags":[],"aioseo_notices":[],"gutentor_comment":0,"rttpg_featured_image_url":{"full":["https:\/\/arantv.az\/wp-content\/uploads\/2019\/11\/803083.jpg",800,600,false],"landscape":["https:\/\/arantv.az\/wp-content\/uploads\/2019\/11\/803083.jpg",800,600,false],"portraits":["https:\/\/arantv.az\/wp-content\/uploads\/2019\/11\/803083.jpg",800,600,false],"thumbnail":["https:\/\/arantv.az\/wp-content\/uploads\/2019\/11\/803083-150x150.jpg",150,150,true],"medium":["https:\/\/arantv.az\/wp-content\/uploads\/2019\/11\/803083-300x225.jpg",300,225,true],"large":["https:\/\/arantv.az\/wp-content\/uploads\/2019\/11\/803083.jpg",640,480,false],"1536x1536":["https:\/\/arantv.az\/wp-content\/uploads\/2019\/11\/803083.jpg",800,600,false],"2048x2048":["https:\/\/arantv.az\/wp-content\/uploads\/2019\/11\/803083.jpg",800,600,false],"post-thumbnail":["https:\/\/arantv.az\/wp-content\/uploads\/2019\/11\/803083-240x172.jpg",240,172,true],"advps-thumb-one":["https:\/\/arantv.az\/wp-content\/uploads\/2019\/11\/803083.jpg",800,600,false]},"rttpg_author":{"display_name":"V\u00fcsal Rafiqo\u011flu","author_link":"https:\/\/arantv.az\/?author=2"},"rttpg_comment":0,"rttpg_category":"<a href=\"https:\/\/arantv.az\/?cat=1\" rel=\"category\">C\u0259miyy\u0259t<\/a>","rttpg_excerpt":"Az\u0259rbaycanda qad\u0131n sahibkarlar\u0131n say\u0131 ilb\u0259il art\u0131r. ARANTV.AZ\u00a0\u00a0Trend-\u0259 istinad\u0259n bildirir ki,\u00a0bunu &#8220;\u00dcf\u00fcqd\u0259 yeni f\u00fcrs\u0259tl\u0259r: Qad\u0131n sahibkarlara ya\u015f\u0131l i\u015f\u0131q&#8221; forumunda Ail\u0259, Qad\u0131n v\u0259 U\u015faq Probleml\u0259ri D\u00f6vl\u0259t Komit\u0259sinin s\u0259dri Hicran H\u00fcseynova bildirib. H.H\u00fcseynova deyib ki, qad\u0131n sahibkarlar\u0131n say\u0131n\u0131n artmas\u0131 \u0259halinin h\u0259yat s\u0259viyy\u0259sinin y\u00fcks\u0259lm\u0259si, yeni i\u015f yerl\u0259rinin a\u00e7\u0131lmas\u0131na s\u0259b\u0259b olur: &#8220;Qad\u0131nlar\u0131n pe\u015f\u0259 ixtisas kurslar\u0131na c\u0259lb edilm\u0259si daha da g\u00fccl\u0259nm\u0259lidir.&hellip;","_links":{"self":[{"href":"https:\/\/arantv.az\/index.php?rest_route=\/wp\/v2\/posts\/97510"}],"collection":[{"href":"https:\/\/arantv.az\/index.php?rest_route=\/wp\/v2\/posts"}],"about":[{"href":"https:\/\/arantv.az\/index.php?rest_route=\/wp\/v2\/types\/post"}],"author":[{"embeddable":true,"href":"https:\/\/arantv.az\/index.php?rest_route=\/wp\/v2\/users\/2"}],"replies":[{"embeddable":true,"href":"https:\/\/arantv.az\/index.php?rest_route=%2Fwp%2Fv2%2Fcomments&post=97510"}],"version-history":[{"count":0,"href":"https:\/\/arantv.az\/index.php?rest_route=\/wp\/v2\/posts\/97510\/revisions"}],"wp:featuredmedia":[{"embeddable":true,"href":"https:\/\/arantv.az\/index.php?rest_route=\/wp\/v2\/media\/97511"}],"wp:attachment":[{"href":"https:\/\/arantv.az\/index.php?rest_route=%2Fwp%2Fv2%2Fmedia&parent=97510"}],"wp:term":[{"taxonomy":"category","embeddable":true,"href":"https:\/\/arantv.az\/index.php?rest_route=%2Fwp%2Fv2%2Fcategories&post=97510"},{"taxonomy":"post_tag","embeddable":true,"href":"https:\/\/arantv.az\/index.php?rest_route=%2Fwp%2Fv2%2Ftags&post=97510"}],"curies":[{"name":"wp","href":"https:\/\/api.w.org\/{rel}","templated":true}]}}