{"id":97514,"date":"2019-11-18T12:20:00","date_gmt":"2019-11-18T09:20:00","guid":{"rendered":"http:\/\/arantv.az\/?p=97514"},"modified":"2019-11-18T12:20:00","modified_gmt":"2019-11-18T09:20:00","slug":"qadin-sahibkarliginin-inkisaf-etdirilm%c9%99si-qarsida-duran-prioritet-m%c9%99s%c9%99l%c9%99l%c9%99rd%c9%99ndir-kobia-idar%c9%99-hey%c9%99tinin-s%c9%99dri","status":"publish","type":"post","link":"https:\/\/arantv.az\/?p=97514","title":{"rendered":"&#8220;Qad\u0131n sahibkarl\u0131\u011f\u0131n\u0131n inki\u015faf etdirilm\u0259si qar\u015f\u0131da duran prioritet m\u0259s\u0259l\u0259l\u0259rd\u0259ndir&#8221; &#8211; KOB\u0130A \u0130dar\u0259 Hey\u0259tinin s\u0259dri"},"content":{"rendered":"<blockquote><p><em><strong>Sahibkarl\u0131q, x\u00fcsusil\u0259 ki\u00e7ik v\u0259 orta biznes h\u0259mi\u015f\u0259 oldu\u011fu kimi Prezident \u0130lham \u018fliyevin r\u0259hb\u0259rliyi il\u0259 h\u0259yata ke\u00e7iril\u0259n islahatlar\u0131n haz\u0131rk\u0131 m\u0259rh\u0259l\u0259sinin m\u0259rk\u0259zind\u0259 dayan\u0131r.<\/strong><\/em><\/p><\/blockquote>\n<p><strong>ARANTV.AZ<\/strong>\u00a0\u00a0<a href=\"https:\/\/az.trend.az\/\" target=\"_blank\" rel=\"noopener\">Trend<\/a>-\u0259 istinad\u0259n x\u0259b\u0259r verir ki, bunu &#8220;\u00dcf\u00fcqd\u0259 yeni f\u00fcrs\u0259tl\u0259r: Qad\u0131n sahibkarlara ya\u015f\u0131l i\u015f\u0131q&#8221; forumunda Ki\u00e7ik v\u0259 Orta Biznesin \u0130nki\u015faf\u0131 Agentliyinin (KOB\u0130A) \u0130dar\u0259 Hey\u0259tinin s\u0259dri Orxan M\u0259mm\u0259dov deyib.<\/p>\n<p>O.M\u0259mm\u0259dov bildirib ki, \u00f6lk\u0259mizd\u0259 sahibkarl\u0131\u011f\u0131n inki\u015faf\u0131na \u0259saslanan, diversifikasiya olunmu\u015f, r\u0259qab\u0259tqabiliyy\u0259tli v\u0259 dayan\u0131ql\u0131 iqtisadi art\u0131m\u0131 t\u0259min ed\u0259n milli iqtisadiyyat\u0131n formala\u015fd\u0131r\u0131lmas\u0131na nail olmaq d\u00f6vl\u0259t siyas\u0259tinin ba\u015fl\u0131ca h\u0259d\u0259fl\u0259rind\u0259dir:<\/p>\n<p>&#8220;Son ill\u0259r \u00f6lk\u0259d\u0259 apar\u0131lan u\u011furlu iqtisadi islahatlar n\u0259tic\u0259sind\u0259 bu sah\u0259d\u0259 bir s\u0131ra \u0259h\u0259miyy\u0259tli nailiyy\u0259tl\u0259r \u0259ld\u0259 olunub, biznes v\u0259 investisiya m\u00fchiti daha da yax\u015f\u0131la\u015fd\u0131r\u0131l\u0131b, sahibkarlar, o c\u00fcml\u0259d\u0259n qad\u0131n sahibkarl\u0131\u011f\u0131 c\u0259miyy\u0259timizin apar\u0131c\u0131 q\u00fcvv\u0259sin\u0259 \u00e7evrilib. \u00d6lk\u0259mizd\u0259 qad\u0131nlar\u0131n iqtisadi t\u0259\u015f\u0259bb\u00fcskarl\u0131\u011f\u0131n\u0131n art\u0131r\u0131lmas\u0131 sosial-iqtisadi inki\u015faf\u0131n, o c\u00fcml\u0259d\u0259n m\u0259\u015f\u011fullu\u011fun t\u0259min olunmas\u0131 bax\u0131m\u0131ndan m\u00fch\u00fcm \u0259h\u0259miyy\u0259t k\u0259sb edir. Sevindirici hald\u0131r ki, art\u0131q qad\u0131nlar\u0131m\u0131z \u00f6lk\u0259mizd\u0259 sahibkarl\u0131\u011f\u0131n inki\u015faf\u0131nda m\u00fch\u00fcm rol oynay\u0131r v\u0259 biznes f\u0259aliyy\u0259ti il\u0259 f\u0259al \u015f\u0259kild\u0259 m\u0259\u015f\u011ful olurlar&#8221;.<\/p>\n<p>KOB\u0130A \u0130dar\u0259 Hey\u0259tinin s\u0259dri vur\u011fulay\u0131b ki, qad\u0131n sahibkarl\u0131\u011f\u0131n\u0131n inki\u015faf etdirilm\u0259si d\u0259 Agentliyin qar\u015f\u0131s\u0131nda duran prioritet m\u0259s\u0259l\u0259l\u0259rd\u0259ndir: &#8220;Agentlik t\u0259r\u0259find\u0259n qad\u0131n sahibkarl\u0131\u011f\u0131n\u0131n t\u0259\u015fviq edilm\u0259si, ki\u00e7ik v\u0259 orta sahibkarlar aras\u0131nda qad\u0131nlar\u0131n say\u0131n\u0131n daha da art\u0131r\u0131lmas\u0131 v\u0259 bu m\u0259qs\u0259dl\u0259 d\u0259 m\u00fcvafiq mexanizml\u0259rin yarad\u0131lmas\u0131 istiqam\u0259tind\u0259 z\u0259ruri t\u0259dbirl\u0259r h\u0259yata ke\u00e7irilir. Bununla yana\u015f\u0131, qad\u0131n sahibkarlara informasiya d\u0259st\u0259yi verm\u0259k \u00fc\u00e7\u00fcn qad\u0131nlar\u0131n sahibkarl\u0131qla ba\u011fl\u0131 z\u0259ruri olan m\u0259lumatlara \u0259l\u00e7atanl\u0131l\u0131\u011f\u0131n\u0131n t\u0259min edilm\u0259si m\u0259qs\u0259dil\u0259 Agentliyin internet s\u0259hif\u0259sind\u0259 x\u00fcsusi b\u00f6lm\u0259 yarad\u0131l\u0131b v\u0259 m\u00fcnt\u0259z\u0259m olaraq qad\u0131n sahibkarlar il\u0259 ba\u011fl\u0131 m\u0259lumatlar bu s\u0259hif\u0259d\u0259 \u00f6z \u0259ksini tap\u0131r. Xalq yarad\u0131c\u0131l\u0131\u011f\u0131 sah\u0259l\u0259ri il\u0259 ba\u011fl\u0131 kreativ s\u0259naye biznesi nisb\u0259t\u0259n yeni sah\u0259 olsa da, d\u00fcnyada art\u0131q bir sektor kimi formala\u015f\u0131b. Bir s\u0131ra \u00f6lk\u0259l\u0259rd\u0259, h\u0259tta \u00dcm\u00fcmi Daxili M\u0259hsulda v\u0259 ixracda \u0259h\u0259miyy\u0259tli paya malik olub. X\u00fcsusil\u0259 B\u00f6y\u00fck Britaniya, C\u0259nubi Koreya, \u00c7in, T\u00fcrkiy\u0259nin bu sah\u0259d\u0259 uzunm\u00fcdd\u0259tli inki\u015faf yolu m\u00fch\u00fcm u\u011furlarla m\u00fc\u015fay\u0259t edilm\u0259kd\u0259dir. Dig\u0259r sah\u0259l\u0259rl\u0259 yana\u015f\u0131, \u00f6lk\u0259mizd\u0259 kreativ s\u0259nayenin yaranmas\u0131 v\u0259 inki\u015faf\u0131 istiqam\u0259tind\u0259 ir\u0259lil\u0259yi\u015fl\u0259r hiss edilm\u0259kd\u0259dir. \u0130nc\u0259s\u0259n\u0259t sah\u0259l\u0259ri il\u0259 ba\u011fl\u0131 biznes f\u0259aliyy\u0259tl\u0259rinin s\u0259naye hal\u0131na g\u0259tirilm\u0259si is\u0259 bir s\u0131ra m\u0259s\u0259l\u0259l\u0259ri aktual edir. \u0130lk add\u0131m kimi kreativ s\u0259nayenin inki\u015faf potensial\u0131na dair ara\u015fd\u0131rman\u0131n apar\u0131lmas\u0131n\u0131 z\u0259ruri hesab edirik. M\u00fcqayis\u0259li \u00fcst\u00fcnl\u00fck \u0259sas\u0131nda apar\u0131lacaq bu ara\u015fd\u0131rma \u00f6lk\u0259mizin bu sah\u0259d\u0259 r\u0259qab\u0259tqabiliyy\u0259tlilik seqmentl\u0259rinin m\u00fc\u0259yy\u0259n edilm\u0259sin\u0259 v\u0259 g\u0259l\u0259c\u0259kd\u0259 d\u0259st\u0259k t\u0259dbirl\u0259rinin \u00fcnvanl\u0131l\u0131\u011f\u0131n\u0131n v\u0259 bu \u0259sasda s\u0259m\u0259r\u0259liliyinin t\u0259min edilm\u0259sin\u0259 \u015f\u0259rait yaradacaq. Qeyd olunan ara\u015fd\u0131rma s\u0259n\u0259di, eyni zamanda bu sah\u0259d\u0259 \u00f6lk\u0259mizin h\u0259d\u0259fl\u0259rinin m\u00fc\u0259yy\u0259n edilm\u0259si \u00fc\u00e7\u00fcn baza rolunu oynayacaq.<\/p>\n<p>Dig\u0259r bir m\u00fch\u00fcm m\u0259s\u0259l\u0259 bu sah\u0259nin \u0259hat\u0259li statistikas\u0131n\u0131n olmamas\u0131 il\u0259 ba\u011fl\u0131d\u0131r. Bu \u00e7at\u0131\u015fmazl\u0131q sah\u0259nin m\u00f6vcud v\u0259ziyy\u0259tinin v\u0259 inki\u015faf trendl\u0259rinin m\u00fc\u0259yy\u0259n edilm\u0259sind\u0259 \u00e7\u0259rinlik yarad\u0131r.<\/p>\n<p>Bu biznes d\u0259 \u00f6lk\u0259d\u0259 sahibkarl\u0131\u011f\u0131n inki\u015faf\u0131na y\u00f6n\u0259lmi\u015f t\u0259\u015fkilati-iqtisadi modell\u0259r v\u0259 \u00e7oxsayl\u0131 d\u0259st\u0259k t\u0259dbirl\u0259rind\u0259n faydalana bil\u0259r. T\u0259bii ki, sah\u0259nin \u00f6z\u00fcn\u0259m\u0259xsus c\u0259h\u0259tl\u0259ri, spesifik d\u0259st\u0259k v\u0259 t\u0259nziml\u0259m\u0259 al\u0259tl\u0259ri t\u0259l\u0259b ed\u0259 bil\u0259r. Agentlik olaraq f\u0259aliyy\u0259timizi d\u00f6vl\u0259t qurumlar\u0131 v\u0259 sahibkarlarla s\u0131x \u0259m\u0259kda\u015fl\u0131q \u015f\u0259raitind\u0259, d\u00f6vl\u0259t-sahibkar dialoqu \u015f\u0259raitind\u0259 qurma\u011fa \u00e7al\u0131\u015f\u0131r\u0131q. Bu bax\u0131mdan maraql\u0131 t\u0259r\u0259fl\u0259rin i\u015ftirak\u0131 il\u0259 bu sah\u0259nin inki\u015faf\u0131 il\u0259 ba\u011fl\u0131 m\u0259s\u0259l\u0259l\u0259rin d\u0259 m\u00fczakir\u0259sini diqq\u0259t m\u0259rk\u0259zind\u0259 saxlayaca\u011f\u0131q&#8221;.<\/p>\n","protected":false},"excerpt":{"rendered":"<p>Sahibkarl\u0131q, x\u00fcsusil\u0259 ki\u00e7ik v\u0259 orta biznes h\u0259mi\u015f\u0259 oldu\u011fu kimi Prezident \u0130lham \u018fliyevin r\u0259hb\u0259rliyi il\u0259 h\u0259yata ke\u00e7iril\u0259n islahatlar\u0131n haz\u0131rk\u0131 m\u0259rh\u0259l\u0259sinin m\u0259rk\u0259zind\u0259 dayan\u0131r. ARANTV.AZ\u00a0\u00a0Trend-\u0259 istinad\u0259n x\u0259b\u0259r verir ki, bunu &#8220;\u00dcf\u00fcqd\u0259 yeni f\u00fcrs\u0259tl\u0259r: Qad\u0131n sahibkarlara ya\u015f\u0131l i\u015f\u0131q&#8221; forumunda Ki\u00e7ik v\u0259 Orta Biznesin \u0130nki\u015faf\u0131 Agentliyinin (KOB\u0130A) \u0130dar\u0259 Hey\u0259tinin s\u0259dri Orxan M\u0259mm\u0259dov deyib. O.M\u0259mm\u0259dov bildirib ki, \u00f6lk\u0259mizd\u0259 sahibkarl\u0131\u011f\u0131n inki\u015faf\u0131na \u0259saslanan, diversifikasiya olunmu\u015f, r\u0259qab\u0259tqabiliyy\u0259tli v\u0259 dayan\u0131ql\u0131 iqtisadi art\u0131m\u0131 t\u0259min ed\u0259n milli iqtisadiyyat\u0131n formala\u015fd\u0131r\u0131lmas\u0131na nail olmaq d\u00f6vl\u0259t siyas\u0259tinin ba\u015fl\u0131ca h\u0259d\u0259fl\u0259rind\u0259dir: &#8220;Son ill\u0259r \u00f6lk\u0259d\u0259 apar\u0131lan u\u011furlu iqtisadi islahatlar n\u0259tic\u0259sind\u0259 bu sah\u0259d\u0259 bir s\u0131ra \u0259h\u0259miyy\u0259tli nailiyy\u0259tl\u0259r \u0259ld\u0259 olunub, biznes&hellip;<\/p>\n","protected":false},"author":2,"featured_media":97515,"comment_status":"closed","ping_status":"closed","sticky":false,"template":"","format":"standard","meta":{"om_disable_all_campaigns":false,"_monsterinsights_skip_tracking":false,"_monsterinsights_sitenote_active":false,"_monsterinsights_sitenote_note":"","_monsterinsights_sitenote_category":0},"categories":[1],"tags":[],"aioseo_notices":[],"gutentor_comment":0,"rttpg_featured_image_url":{"full":["https:\/\/arantv.az\/wp-content\/uploads\/2019\/11\/803111.jpg",800,600,false],"landscape":["https:\/\/arantv.az\/wp-content\/uploads\/2019\/11\/803111.jpg",800,600,false],"portraits":["https:\/\/arantv.az\/wp-content\/uploads\/2019\/11\/803111.jpg",800,600,false],"thumbnail":["https:\/\/arantv.az\/wp-content\/uploads\/2019\/11\/803111-150x150.jpg",150,150,true],"medium":["https:\/\/arantv.az\/wp-content\/uploads\/2019\/11\/803111-300x225.jpg",300,225,true],"large":["https:\/\/arantv.az\/wp-content\/uploads\/2019\/11\/803111.jpg",640,480,false],"1536x1536":["https:\/\/arantv.az\/wp-content\/uploads\/2019\/11\/803111.jpg",800,600,false],"2048x2048":["https:\/\/arantv.az\/wp-content\/uploads\/2019\/11\/803111.jpg",800,600,false],"post-thumbnail":["https:\/\/arantv.az\/wp-content\/uploads\/2019\/11\/803111-240x172.jpg",240,172,true],"advps-thumb-one":["https:\/\/arantv.az\/wp-content\/uploads\/2019\/11\/803111.jpg",800,600,false]},"rttpg_author":{"display_name":"V\u00fcsal Rafiqo\u011flu","author_link":"https:\/\/arantv.az\/?author=2"},"rttpg_comment":0,"rttpg_category":"<a href=\"https:\/\/arantv.az\/?cat=1\" rel=\"category\">C\u0259miyy\u0259t<\/a>","rttpg_excerpt":"Sahibkarl\u0131q, x\u00fcsusil\u0259 ki\u00e7ik v\u0259 orta biznes h\u0259mi\u015f\u0259 oldu\u011fu kimi Prezident \u0130lham \u018fliyevin r\u0259hb\u0259rliyi il\u0259 h\u0259yata ke\u00e7iril\u0259n islahatlar\u0131n haz\u0131rk\u0131 m\u0259rh\u0259l\u0259sinin m\u0259rk\u0259zind\u0259 dayan\u0131r. ARANTV.AZ\u00a0\u00a0Trend-\u0259 istinad\u0259n x\u0259b\u0259r verir ki, bunu &#8220;\u00dcf\u00fcqd\u0259 yeni f\u00fcrs\u0259tl\u0259r: Qad\u0131n sahibkarlara ya\u015f\u0131l i\u015f\u0131q&#8221; forumunda Ki\u00e7ik v\u0259 Orta Biznesin \u0130nki\u015faf\u0131 Agentliyinin (KOB\u0130A) \u0130dar\u0259 Hey\u0259tinin s\u0259dri Orxan M\u0259mm\u0259dov deyib. O.M\u0259mm\u0259dov bildirib ki, \u00f6lk\u0259mizd\u0259 sahibkarl\u0131\u011f\u0131n inki\u015faf\u0131na \u0259saslanan,&hellip;","_links":{"self":[{"href":"https:\/\/arantv.az\/index.php?rest_route=\/wp\/v2\/posts\/97514"}],"collection":[{"href":"https:\/\/arantv.az\/index.php?rest_route=\/wp\/v2\/posts"}],"about":[{"href":"https:\/\/arantv.az\/index.php?rest_route=\/wp\/v2\/types\/post"}],"author":[{"embeddable":true,"href":"https:\/\/arantv.az\/index.php?rest_route=\/wp\/v2\/users\/2"}],"replies":[{"embeddable":true,"href":"https:\/\/arantv.az\/index.php?rest_route=%2Fwp%2Fv2%2Fcomments&post=97514"}],"version-history":[{"count":0,"href":"https:\/\/arantv.az\/index.php?rest_route=\/wp\/v2\/posts\/97514\/revisions"}],"wp:featuredmedia":[{"embeddable":true,"href":"https:\/\/arantv.az\/index.php?rest_route=\/wp\/v2\/media\/97515"}],"wp:attachment":[{"href":"https:\/\/arantv.az\/index.php?rest_route=%2Fwp%2Fv2%2Fmedia&parent=97514"}],"wp:term":[{"taxonomy":"category","embeddable":true,"href":"https:\/\/arantv.az\/index.php?rest_route=%2Fwp%2Fv2%2Fcategories&post=97514"},{"taxonomy":"post_tag","embeddable":true,"href":"https:\/\/arantv.az\/index.php?rest_route=%2Fwp%2Fv2%2Ftags&post=97514"}],"curies":[{"name":"wp","href":"https:\/\/api.w.org\/{rel}","templated":true}]}}