{"id":97518,"date":"2019-11-18T12:20:47","date_gmt":"2019-11-18T09:20:47","guid":{"rendered":"http:\/\/arantv.az\/?p=97518"},"modified":"2019-11-18T12:20:47","modified_gmt":"2019-11-18T09:20:47","slug":"r%c9%99isin-qardasi-x%c9%99z%c9%99rd%c9%99-faci%c9%99vi-s%c9%99kild%c9%99-h%c9%99lak-oldu-meyiti-axtarilir","status":"publish","type":"post","link":"https:\/\/arantv.az\/?p=97518","title":{"rendered":"R\u0259isin qarda\u015f\u0131 X\u0259z\u0259rd\u0259 faci\u0259vi \u015f\u0259kild\u0259 h\u0259lak oldu &#8211; Meyiti axtar\u0131l\u0131r"},"content":{"rendered":"<p><strong>X\u0259z\u0259r d\u0259nizind\u0259 neft\u00e7i itkin d\u00fc\u015f\u00fcb.<\/strong><\/p>\n<p><strong>ARANTV.AZ\u00a0<\/strong> qafqazinfo-ya istinad\u0259n x\u0259b\u0259r verir ki, Neft\u00e7il\u0259rin H\u00fcquqlar\u0131n\u0131n M\u00fcdafi\u0259 \u0130ctimai Birliyinin s\u0259dri Mirvari Q\u0259hr\u0259manl\u0131 bildirib ki, Ab\u015feron Neft-Qaz \u00c7\u0131xarma \u0130dar\u0259sinin estakadas\u0131nda \u0130lqar \u015e\u0259rifov adl\u0131 \u015f\u0259xs bal\u0131q tutark\u0259n suya d\u00fc\u015f\u0259r\u0259k h\u0259lak olub.<\/p>\n<p>M\u0259lumata g\u00f6r\u0259, \u0130.\u015e\u0259rifov SOCAR-\u0131n Maliyy\u0259 v\u0259 U\u00e7ot \u0130dar\u0259sinin r\u0259isi V\u00fcqar \u015e\u0259rifovun qarda\u015f\u0131d\u0131r.<\/p>\n<p>SOCAR-\u0131n m\u0259tbuat katibi \u0130brahim \u018fhm\u0259dov &#8220;Qafqazinfo&#8221;ya a\u00e7\u0131qlamas\u0131nda bildirib ki, \u0130lqar \u015e\u0259rifov onlar\u0131n yox, &#8220;Azgerneft&#8221; MMC-nin i\u015f\u00e7idir: &#8220;\u0130ki g\u00fcn \u00f6nc\u0259 Ab\u015feron NQ\u00c7\u0130-d\u0259 itkin d\u00fc\u015f\u00fcb, m\u00fcvafiq qurumlar t\u0259r\u0259find\u0259n onun axtar\u0131\u015flar\u0131 davam etdirilir&#8221;.<\/p>\n","protected":false},"excerpt":{"rendered":"<p>X\u0259z\u0259r d\u0259nizind\u0259 neft\u00e7i itkin d\u00fc\u015f\u00fcb. ARANTV.AZ\u00a0 qafqazinfo-ya istinad\u0259n x\u0259b\u0259r verir ki, Neft\u00e7il\u0259rin H\u00fcquqlar\u0131n\u0131n M\u00fcdafi\u0259 \u0130ctimai Birliyinin s\u0259dri Mirvari Q\u0259hr\u0259manl\u0131 bildirib ki, Ab\u015feron Neft-Qaz \u00c7\u0131xarma \u0130dar\u0259sinin estakadas\u0131nda \u0130lqar \u015e\u0259rifov adl\u0131 \u015f\u0259xs bal\u0131q tutark\u0259n suya d\u00fc\u015f\u0259r\u0259k h\u0259lak olub. M\u0259lumata g\u00f6r\u0259, \u0130.\u015e\u0259rifov SOCAR-\u0131n Maliyy\u0259 v\u0259 U\u00e7ot \u0130dar\u0259sinin r\u0259isi V\u00fcqar \u015e\u0259rifovun qarda\u015f\u0131d\u0131r. SOCAR-\u0131n m\u0259tbuat katibi \u0130brahim \u018fhm\u0259dov &#8220;Qafqazinfo&#8221;ya a\u00e7\u0131qlamas\u0131nda bildirib ki, \u0130lqar \u015e\u0259rifov onlar\u0131n yox, &#8220;Azgerneft&#8221; MMC-nin i\u015f\u00e7idir: &#8220;\u0130ki g\u00fcn \u00f6nc\u0259 Ab\u015feron NQ\u00c7\u0130-d\u0259 itkin d\u00fc\u015f\u00fcb, m\u00fcvafiq qurumlar t\u0259r\u0259find\u0259n onun axtar\u0131\u015flar\u0131 davam etdirilir&#8221;.<\/p>\n","protected":false},"author":2,"featured_media":97519,"comment_status":"closed","ping_status":"closed","sticky":false,"template":"","format":"standard","meta":{"om_disable_all_campaigns":false,"_monsterinsights_skip_tracking":false,"_monsterinsights_sitenote_active":false,"_monsterinsights_sitenote_note":"","_monsterinsights_sitenote_category":0},"categories":[1],"tags":[],"aioseo_notices":[],"gutentor_comment":0,"rttpg_featured_image_url":{"full":["https:\/\/arantv.az\/wp-content\/uploads\/2019\/11\/803113.jpg",800,600,false],"landscape":["https:\/\/arantv.az\/wp-content\/uploads\/2019\/11\/803113.jpg",800,600,false],"portraits":["https:\/\/arantv.az\/wp-content\/uploads\/2019\/11\/803113.jpg",800,600,false],"thumbnail":["https:\/\/arantv.az\/wp-content\/uploads\/2019\/11\/803113-150x150.jpg",150,150,true],"medium":["https:\/\/arantv.az\/wp-content\/uploads\/2019\/11\/803113-300x225.jpg",300,225,true],"large":["https:\/\/arantv.az\/wp-content\/uploads\/2019\/11\/803113.jpg",640,480,false],"1536x1536":["https:\/\/arantv.az\/wp-content\/uploads\/2019\/11\/803113.jpg",800,600,false],"2048x2048":["https:\/\/arantv.az\/wp-content\/uploads\/2019\/11\/803113.jpg",800,600,false],"post-thumbnail":["https:\/\/arantv.az\/wp-content\/uploads\/2019\/11\/803113-240x172.jpg",240,172,true],"advps-thumb-one":["https:\/\/arantv.az\/wp-content\/uploads\/2019\/11\/803113.jpg",800,600,false]},"rttpg_author":{"display_name":"V\u00fcsal Rafiqo\u011flu","author_link":"https:\/\/arantv.az\/?author=2"},"rttpg_comment":0,"rttpg_category":"<a href=\"https:\/\/arantv.az\/?cat=1\" rel=\"category\">C\u0259miyy\u0259t<\/a>","rttpg_excerpt":"X\u0259z\u0259r d\u0259nizind\u0259 neft\u00e7i itkin d\u00fc\u015f\u00fcb. ARANTV.AZ\u00a0 qafqazinfo-ya istinad\u0259n x\u0259b\u0259r verir ki, Neft\u00e7il\u0259rin H\u00fcquqlar\u0131n\u0131n M\u00fcdafi\u0259 \u0130ctimai Birliyinin s\u0259dri Mirvari Q\u0259hr\u0259manl\u0131 bildirib ki, Ab\u015feron Neft-Qaz \u00c7\u0131xarma \u0130dar\u0259sinin estakadas\u0131nda \u0130lqar \u015e\u0259rifov adl\u0131 \u015f\u0259xs bal\u0131q tutark\u0259n suya d\u00fc\u015f\u0259r\u0259k h\u0259lak olub. M\u0259lumata g\u00f6r\u0259, \u0130.\u015e\u0259rifov SOCAR-\u0131n Maliyy\u0259 v\u0259 U\u00e7ot \u0130dar\u0259sinin r\u0259isi V\u00fcqar \u015e\u0259rifovun qarda\u015f\u0131d\u0131r. SOCAR-\u0131n m\u0259tbuat katibi \u0130brahim \u018fhm\u0259dov &#8220;Qafqazinfo&#8221;ya a\u00e7\u0131qlamas\u0131nda&hellip;","_links":{"self":[{"href":"https:\/\/arantv.az\/index.php?rest_route=\/wp\/v2\/posts\/97518"}],"collection":[{"href":"https:\/\/arantv.az\/index.php?rest_route=\/wp\/v2\/posts"}],"about":[{"href":"https:\/\/arantv.az\/index.php?rest_route=\/wp\/v2\/types\/post"}],"author":[{"embeddable":true,"href":"https:\/\/arantv.az\/index.php?rest_route=\/wp\/v2\/users\/2"}],"replies":[{"embeddable":true,"href":"https:\/\/arantv.az\/index.php?rest_route=%2Fwp%2Fv2%2Fcomments&post=97518"}],"version-history":[{"count":0,"href":"https:\/\/arantv.az\/index.php?rest_route=\/wp\/v2\/posts\/97518\/revisions"}],"wp:featuredmedia":[{"embeddable":true,"href":"https:\/\/arantv.az\/index.php?rest_route=\/wp\/v2\/media\/97519"}],"wp:attachment":[{"href":"https:\/\/arantv.az\/index.php?rest_route=%2Fwp%2Fv2%2Fmedia&parent=97518"}],"wp:term":[{"taxonomy":"category","embeddable":true,"href":"https:\/\/arantv.az\/index.php?rest_route=%2Fwp%2Fv2%2Fcategories&post=97518"},{"taxonomy":"post_tag","embeddable":true,"href":"https:\/\/arantv.az\/index.php?rest_route=%2Fwp%2Fv2%2Ftags&post=97518"}],"curies":[{"name":"wp","href":"https:\/\/api.w.org\/{rel}","templated":true}]}}