{"id":97554,"date":"2019-11-18T14:07:02","date_gmt":"2019-11-18T11:07:02","guid":{"rendered":"http:\/\/arantv.az\/?p=97554"},"modified":"2019-11-18T14:07:02","modified_gmt":"2019-11-18T11:07:02","slug":"turkiy%c9%99-tanap-layih%c9%99si-il%c9%99-bagli-t%c9%99dbir%c9%99-hazirlasir","status":"publish","type":"post","link":"https:\/\/arantv.az\/?p=97554","title":{"rendered":"T\u00fcrkiy\u0259 TANAP layih\u0259si il\u0259 ba\u011fl\u0131 t\u0259dbir\u0259 haz\u0131rla\u015f\u0131r"},"content":{"rendered":"<p>Az\u0259rbaycan qaz\u0131n\u0131 T\u00fcrkiy\u0259 v\u0259 Avropaya da\u015f\u0131yacaq TANAP qaz boru k\u0259m\u0259ri layih\u0259sinin\u00a0\u201c\u015eahd\u0259niz-2\u201d m\u0259rh\u0259l\u0259si ba\u015fa \u00e7at\u0131b.<\/p>\n<p>\u201cHaberT\u00fcrk\u201d\u00fcn m\u0259lumat\u0131na g\u00f6r\u0259, bununla ba\u011fl\u0131 T\u00fcrkiy\u0259nin Enerji v\u0259 T\u0259bii S\u0259rv\u0259tl\u0259r naziri Fatih D\u00f6nm\u0259z dan\u0131\u015f\u0131b.<\/p>\n<p>O bildirib ki, k\u0259m\u0259rin ikinci fazas\u0131 da s\u0131naqdan ke\u00e7irilib.<\/p>\n<p>Nazir qeyd edib ki, bu s\u0259b\u0259bd\u0259n noyabr\u0131n 30-da\u00a0\u018fdirn\u0259 \u0259yal\u0259tinin \u0130psala rayonunda m\u0259rasim ke\u00e7irilm\u0259si planla\u015fd\u0131r\u0131l\u0131r:<\/p>\n<p>\u201cT\u0259dbird\u0259 Az\u0259rbaycan Prezidenti \u0130lham \u018fliyev v\u0259 T\u00fcrkiy\u0259nin d\u00f6vl\u0259t ba\u015f\u00e7\u0131s\u0131\u00a0R\u0259c\u0259b Tayyib \u018frdo\u011fanla yana\u015f\u0131, yerli v\u0259 xarici n\u00fcfuzlu simalar\u0131n i\u015ftirak ed\u0259c\u0259yi g\u00f6zl\u0259nilir\u201d.<\/p>\n","protected":false},"excerpt":{"rendered":"<p>Az\u0259rbaycan qaz\u0131n\u0131 T\u00fcrkiy\u0259 v\u0259 Avropaya da\u015f\u0131yacaq TANAP qaz boru k\u0259m\u0259ri layih\u0259sinin\u00a0\u201c\u015eahd\u0259niz-2\u201d m\u0259rh\u0259l\u0259si ba\u015fa \u00e7at\u0131b. \u201cHaberT\u00fcrk\u201d\u00fcn m\u0259lumat\u0131na g\u00f6r\u0259, bununla ba\u011fl\u0131 T\u00fcrkiy\u0259nin Enerji v\u0259 T\u0259bii S\u0259rv\u0259tl\u0259r naziri Fatih D\u00f6nm\u0259z dan\u0131\u015f\u0131b. O bildirib ki, k\u0259m\u0259rin ikinci fazas\u0131 da s\u0131naqdan ke\u00e7irilib. Nazir qeyd edib ki, bu s\u0259b\u0259bd\u0259n noyabr\u0131n 30-da\u00a0\u018fdirn\u0259 \u0259yal\u0259tinin \u0130psala rayonunda m\u0259rasim ke\u00e7irilm\u0259si planla\u015fd\u0131r\u0131l\u0131r: \u201cT\u0259dbird\u0259 Az\u0259rbaycan Prezidenti \u0130lham \u018fliyev v\u0259 T\u00fcrkiy\u0259nin d\u00f6vl\u0259t ba\u015f\u00e7\u0131s\u0131\u00a0R\u0259c\u0259b Tayyib \u018frdo\u011fanla yana\u015f\u0131, yerli v\u0259 xarici n\u00fcfuzlu simalar\u0131n i\u015ftirak ed\u0259c\u0259yi g\u00f6zl\u0259nilir\u201d.<\/p>\n","protected":false},"author":2,"featured_media":97555,"comment_status":"closed","ping_status":"closed","sticky":false,"template":"","format":"standard","meta":{"om_disable_all_campaigns":false,"_monsterinsights_skip_tracking":false,"_monsterinsights_sitenote_active":false,"_monsterinsights_sitenote_note":"","_monsterinsights_sitenote_category":0},"categories":[19],"tags":[],"aioseo_notices":[],"gutentor_comment":0,"rttpg_featured_image_url":{"full":["https:\/\/arantv.az\/wp-content\/uploads\/2019\/11\/tanap.jpg",620,351,false],"landscape":["https:\/\/arantv.az\/wp-content\/uploads\/2019\/11\/tanap.jpg",620,351,false],"portraits":["https:\/\/arantv.az\/wp-content\/uploads\/2019\/11\/tanap.jpg",620,351,false],"thumbnail":["https:\/\/arantv.az\/wp-content\/uploads\/2019\/11\/tanap-150x150.jpg",150,150,true],"medium":["https:\/\/arantv.az\/wp-content\/uploads\/2019\/11\/tanap-300x170.jpg",300,170,true],"large":["https:\/\/arantv.az\/wp-content\/uploads\/2019\/11\/tanap.jpg",620,351,false],"1536x1536":["https:\/\/arantv.az\/wp-content\/uploads\/2019\/11\/tanap.jpg",620,351,false],"2048x2048":["https:\/\/arantv.az\/wp-content\/uploads\/2019\/11\/tanap.jpg",620,351,false],"post-thumbnail":["https:\/\/arantv.az\/wp-content\/uploads\/2019\/11\/tanap-240x172.jpg",240,172,true],"advps-thumb-one":["https:\/\/arantv.az\/wp-content\/uploads\/2019\/11\/tanap.jpg",620,351,false]},"rttpg_author":{"display_name":"V\u00fcsal Rafiqo\u011flu","author_link":"https:\/\/arantv.az\/?author=2"},"rttpg_comment":0,"rttpg_category":"<a href=\"https:\/\/arantv.az\/?cat=19\" rel=\"category\">G\u00fcnd\u0259m<\/a>","rttpg_excerpt":"Az\u0259rbaycan qaz\u0131n\u0131 T\u00fcrkiy\u0259 v\u0259 Avropaya da\u015f\u0131yacaq TANAP qaz boru k\u0259m\u0259ri layih\u0259sinin\u00a0\u201c\u015eahd\u0259niz-2\u201d m\u0259rh\u0259l\u0259si ba\u015fa \u00e7at\u0131b. \u201cHaberT\u00fcrk\u201d\u00fcn m\u0259lumat\u0131na g\u00f6r\u0259, bununla ba\u011fl\u0131 T\u00fcrkiy\u0259nin Enerji v\u0259 T\u0259bii S\u0259rv\u0259tl\u0259r naziri Fatih D\u00f6nm\u0259z dan\u0131\u015f\u0131b. O bildirib ki, k\u0259m\u0259rin ikinci fazas\u0131 da s\u0131naqdan ke\u00e7irilib. Nazir qeyd edib ki, bu s\u0259b\u0259bd\u0259n noyabr\u0131n 30-da\u00a0\u018fdirn\u0259 \u0259yal\u0259tinin \u0130psala rayonunda m\u0259rasim ke\u00e7irilm\u0259si planla\u015fd\u0131r\u0131l\u0131r: \u201cT\u0259dbird\u0259 Az\u0259rbaycan Prezidenti \u0130lham&hellip;","_links":{"self":[{"href":"https:\/\/arantv.az\/index.php?rest_route=\/wp\/v2\/posts\/97554"}],"collection":[{"href":"https:\/\/arantv.az\/index.php?rest_route=\/wp\/v2\/posts"}],"about":[{"href":"https:\/\/arantv.az\/index.php?rest_route=\/wp\/v2\/types\/post"}],"author":[{"embeddable":true,"href":"https:\/\/arantv.az\/index.php?rest_route=\/wp\/v2\/users\/2"}],"replies":[{"embeddable":true,"href":"https:\/\/arantv.az\/index.php?rest_route=%2Fwp%2Fv2%2Fcomments&post=97554"}],"version-history":[{"count":0,"href":"https:\/\/arantv.az\/index.php?rest_route=\/wp\/v2\/posts\/97554\/revisions"}],"wp:featuredmedia":[{"embeddable":true,"href":"https:\/\/arantv.az\/index.php?rest_route=\/wp\/v2\/media\/97555"}],"wp:attachment":[{"href":"https:\/\/arantv.az\/index.php?rest_route=%2Fwp%2Fv2%2Fmedia&parent=97554"}],"wp:term":[{"taxonomy":"category","embeddable":true,"href":"https:\/\/arantv.az\/index.php?rest_route=%2Fwp%2Fv2%2Fcategories&post=97554"},{"taxonomy":"post_tag","embeddable":true,"href":"https:\/\/arantv.az\/index.php?rest_route=%2Fwp%2Fv2%2Ftags&post=97554"}],"curies":[{"name":"wp","href":"https:\/\/api.w.org\/{rel}","templated":true}]}}