{"id":97578,"date":"2019-11-18T14:17:30","date_gmt":"2019-11-18T11:17:30","guid":{"rendered":"http:\/\/arantv.az\/?p=97578"},"modified":"2019-11-18T14:17:30","modified_gmt":"2019-11-18T11:17:30","slug":"bakida-r%c9%99isin-qardasi-faci%c9%99vi-s%c9%99kild%c9%99-oldu-meyiti-axtarilir","status":"publish","type":"post","link":"https:\/\/arantv.az\/?p=97578","title":{"rendered":"Bak\u0131da r\u0259isin qarda\u015f\u0131 faci\u0259vi \u015f\u0259kild\u0259 \u00f6ld\u00fc &#8211; MEY\u0130T\u0130 AXTARILIR"},"content":{"rendered":"<p><strong>X\u0259z\u0259r d\u0259nizind\u0259 neft\u00e7i itkin d\u00fc\u015f\u00fcb.<\/strong><\/p>\n<p>Neft\u00e7il\u0259rin H\u00fcquqlar\u0131n\u0131n M\u00fcdafi\u0259 \u0130ctimai Birliyinin s\u0259dri Mirvari Q\u0259hr\u0259manl\u0131 bildirib ki, Ab\u015feron Neft-Qaz \u00c7\u0131xarma \u0130dar\u0259sinin estakadas\u0131nda \u0130lqar \u015e\u0259rifov adl\u0131 \u015f\u0259xs bal\u0131q tutark\u0259n suya d\u00fc\u015f\u0259r\u0259k h\u0259lak olub.<\/p>\n<p>M\u0259lumata g\u00f6r\u0259, \u0130.\u015e\u0259rifov SOCAR-\u0131n Maliyy\u0259 v\u0259 U\u00e7ot \u0130dar\u0259sinin r\u0259isi V\u00fcqar \u015e\u0259rifovun qarda\u015f\u0131d\u0131r.<\/p>\n<p>SOCAR-\u0131n m\u0259tbuat katibi \u0130brahim \u018fhm\u0259dov bildirib ki, \u0130lqar \u015e\u0259rifov onlar\u0131n yox, \u201cAzgerneft\u201d MMC-nin i\u015f\u00e7idir: \u201c\u0130ki g\u00fcn \u00f6nc\u0259 Ab\u015feron NQ\u00c7\u0130-d\u0259 itkin d\u00fc\u015f\u00fcb, m\u00fcvafiq qurumlar t\u0259r\u0259find\u0259n onun axtar\u0131\u015flar\u0131 davam etdirilir\u201d.(Qafqazinfo)<\/p>\n","protected":false},"excerpt":{"rendered":"<p>X\u0259z\u0259r d\u0259nizind\u0259 neft\u00e7i itkin d\u00fc\u015f\u00fcb. Neft\u00e7il\u0259rin H\u00fcquqlar\u0131n\u0131n M\u00fcdafi\u0259 \u0130ctimai Birliyinin s\u0259dri Mirvari Q\u0259hr\u0259manl\u0131 bildirib ki, Ab\u015feron Neft-Qaz \u00c7\u0131xarma \u0130dar\u0259sinin estakadas\u0131nda \u0130lqar \u015e\u0259rifov adl\u0131 \u015f\u0259xs bal\u0131q tutark\u0259n suya d\u00fc\u015f\u0259r\u0259k h\u0259lak olub. M\u0259lumata g\u00f6r\u0259, \u0130.\u015e\u0259rifov SOCAR-\u0131n Maliyy\u0259 v\u0259 U\u00e7ot \u0130dar\u0259sinin r\u0259isi V\u00fcqar \u015e\u0259rifovun qarda\u015f\u0131d\u0131r. SOCAR-\u0131n m\u0259tbuat katibi \u0130brahim \u018fhm\u0259dov bildirib ki, \u0130lqar \u015e\u0259rifov onlar\u0131n yox, \u201cAzgerneft\u201d MMC-nin i\u015f\u00e7idir: \u201c\u0130ki g\u00fcn \u00f6nc\u0259 Ab\u015feron NQ\u00c7\u0130-d\u0259 itkin d\u00fc\u015f\u00fcb, m\u00fcvafiq qurumlar t\u0259r\u0259find\u0259n onun axtar\u0131\u015flar\u0131 davam etdirilir\u201d.(Qafqazinfo)<\/p>\n","protected":false},"author":2,"featured_media":97579,"comment_status":"closed","ping_status":"closed","sticky":false,"template":"","format":"standard","meta":{"om_disable_all_campaigns":false,"_monsterinsights_skip_tracking":false,"_monsterinsights_sitenote_active":false,"_monsterinsights_sitenote_note":"","_monsterinsights_sitenote_category":0},"categories":[5],"tags":[],"aioseo_notices":[],"gutentor_comment":0,"rttpg_featured_image_url":{"full":["https:\/\/arantv.az\/wp-content\/uploads\/2019\/11\/xezer_denizi_001.jpg",800,450,false],"landscape":["https:\/\/arantv.az\/wp-content\/uploads\/2019\/11\/xezer_denizi_001.jpg",800,450,false],"portraits":["https:\/\/arantv.az\/wp-content\/uploads\/2019\/11\/xezer_denizi_001.jpg",800,450,false],"thumbnail":["https:\/\/arantv.az\/wp-content\/uploads\/2019\/11\/xezer_denizi_001-150x150.jpg",150,150,true],"medium":["https:\/\/arantv.az\/wp-content\/uploads\/2019\/11\/xezer_denizi_001-300x169.jpg",300,169,true],"large":["https:\/\/arantv.az\/wp-content\/uploads\/2019\/11\/xezer_denizi_001.jpg",640,360,false],"1536x1536":["https:\/\/arantv.az\/wp-content\/uploads\/2019\/11\/xezer_denizi_001.jpg",800,450,false],"2048x2048":["https:\/\/arantv.az\/wp-content\/uploads\/2019\/11\/xezer_denizi_001.jpg",800,450,false],"post-thumbnail":["https:\/\/arantv.az\/wp-content\/uploads\/2019\/11\/xezer_denizi_001-240x172.jpg",240,172,true],"advps-thumb-one":["https:\/\/arantv.az\/wp-content\/uploads\/2019\/11\/xezer_denizi_001.jpg",800,450,false]},"rttpg_author":{"display_name":"V\u00fcsal Rafiqo\u011flu","author_link":"https:\/\/arantv.az\/?author=2"},"rttpg_comment":0,"rttpg_category":"<a href=\"https:\/\/arantv.az\/?cat=5\" rel=\"category\">Hadis\u0259<\/a>","rttpg_excerpt":"X\u0259z\u0259r d\u0259nizind\u0259 neft\u00e7i itkin d\u00fc\u015f\u00fcb. Neft\u00e7il\u0259rin H\u00fcquqlar\u0131n\u0131n M\u00fcdafi\u0259 \u0130ctimai Birliyinin s\u0259dri Mirvari Q\u0259hr\u0259manl\u0131 bildirib ki, Ab\u015feron Neft-Qaz \u00c7\u0131xarma \u0130dar\u0259sinin estakadas\u0131nda \u0130lqar \u015e\u0259rifov adl\u0131 \u015f\u0259xs bal\u0131q tutark\u0259n suya d\u00fc\u015f\u0259r\u0259k h\u0259lak olub. M\u0259lumata g\u00f6r\u0259, \u0130.\u015e\u0259rifov SOCAR-\u0131n Maliyy\u0259 v\u0259 U\u00e7ot \u0130dar\u0259sinin r\u0259isi V\u00fcqar \u015e\u0259rifovun qarda\u015f\u0131d\u0131r. SOCAR-\u0131n m\u0259tbuat katibi \u0130brahim \u018fhm\u0259dov bildirib ki, \u0130lqar \u015e\u0259rifov onlar\u0131n yox, \u201cAzgerneft\u201d MMC-nin&hellip;","_links":{"self":[{"href":"https:\/\/arantv.az\/index.php?rest_route=\/wp\/v2\/posts\/97578"}],"collection":[{"href":"https:\/\/arantv.az\/index.php?rest_route=\/wp\/v2\/posts"}],"about":[{"href":"https:\/\/arantv.az\/index.php?rest_route=\/wp\/v2\/types\/post"}],"author":[{"embeddable":true,"href":"https:\/\/arantv.az\/index.php?rest_route=\/wp\/v2\/users\/2"}],"replies":[{"embeddable":true,"href":"https:\/\/arantv.az\/index.php?rest_route=%2Fwp%2Fv2%2Fcomments&post=97578"}],"version-history":[{"count":0,"href":"https:\/\/arantv.az\/index.php?rest_route=\/wp\/v2\/posts\/97578\/revisions"}],"wp:featuredmedia":[{"embeddable":true,"href":"https:\/\/arantv.az\/index.php?rest_route=\/wp\/v2\/media\/97579"}],"wp:attachment":[{"href":"https:\/\/arantv.az\/index.php?rest_route=%2Fwp%2Fv2%2Fmedia&parent=97578"}],"wp:term":[{"taxonomy":"category","embeddable":true,"href":"https:\/\/arantv.az\/index.php?rest_route=%2Fwp%2Fv2%2Fcategories&post=97578"},{"taxonomy":"post_tag","embeddable":true,"href":"https:\/\/arantv.az\/index.php?rest_route=%2Fwp%2Fv2%2Ftags&post=97578"}],"curies":[{"name":"wp","href":"https:\/\/api.w.org\/{rel}","templated":true}]}}