{"id":97654,"date":"2019-11-18T15:06:47","date_gmt":"2019-11-18T12:06:47","guid":{"rendered":"http:\/\/arantv.az\/?p=97654"},"modified":"2019-11-18T15:06:47","modified_gmt":"2019-11-18T12:06:47","slug":"m%c9%99hk%c9%99m%c9%99-agstafada-kecmis-polis-yoldasini-oldur%c9%99n-r%c9%99isl%c9%99-bagli-q%c9%99rar-verdi","status":"publish","type":"post","link":"https:\/\/arantv.az\/?p=97654","title":{"rendered":"M\u0259hk\u0259m\u0259 A\u011fstafada ke\u00e7mi\u015f polis yolda\u015f\u0131n\u0131 \u00f6ld\u00fcr\u0259n r\u0259isl\u0259 ba\u011fl\u0131 q\u0259rar verdi"},"content":{"rendered":"<p>Ali M\u0259hk\u0259m\u0259d\u0259 s\u0259hl\u0259nkarl\u0131qda t\u0259qsirl\u0259ndiril\u0259n Altay R\u0259fiyevin bar\u0259sind\u0259 olan h\u00f6kmd\u0259n z\u0259r\u0259r\u00e7\u0259kmi\u015fin h\u00fcquqi varisi t\u0259r\u0259find\u0259n veril\u0259n kassasiya \u015fikay\u0259tin\u0259 bax\u0131l\u0131b.<\/p>\n<p><b>ARANTV.AZ\u00a0<\/b> x\u0259b\u0259r verir ki, hakim F\u0259rhad K\u0259rimovun s\u0259drliyi il\u0259 ke\u00e7iril\u0259n prosesd\u0259 q\u0259rar elan olunub.<\/p>\n<p>Q\u0259rara \u0259sas\u0259n, kassasiya \u015fikay\u0259ti t\u0259min edilm\u0259yib.<\/p>\n<p>Qeyd ed\u0259k ki, 2016-c\u0131 ilin yay\u0131nda A\u011fstafa rayonunun Da\u011f K\u0259s\u0259m\u0259n k\u0259ndind\u0259 axtar\u0131\u015fda olan Tahir F\u0259rz\u0259li o\u011flu Ayralovu yaxalamaq \u00fc\u00e7\u00fcn ke\u00e7iril\u0259n \u0259m\u0259liyyat zaman\u0131 A\u011fstafa Rayon Polis \u015e\u00f6b\u0259sinin Cinay\u0259t axtar\u0131\u015f\u0131 b\u00f6lm\u0259sinin r\u0259isi olmu\u015f polis mayoru A.R\u0259fiyev s\u0259hl\u0259nkarl\u0131q\u00a0n\u0259tic\u0259sind\u0259 polis yolda\u015f\u0131 Vasif Ba\u011f\u0131rovu g\u00fcll\u0259 il\u0259 vuraraq \u00f6ld\u00fcr\u00fcb.<\/p>\n<p>M\u0259lumata g\u00f6r\u0259, T.Ayralovun m\u00fcqavim\u0259t g\u00f6st\u0259rm\u0259si polis \u0259m\u0259kda\u015flar\u0131n\u0131 silah t\u0259tbiq etm\u0259y\u0259 m\u0259cbur edib. Polisin atd\u0131\u011f\u0131 g\u00fcll\u0259l\u0259rd\u0259n biri ba\u015fqa bir polis \u0259m\u0259kda\u015f\u0131, 1989-cu il t\u0259v\u0259ll\u00fcdl\u00fc Vasif \u015eaiq o\u011flu Ba\u011f\u0131rovun ba\u015f\u0131na d\u0259yib. O, ald\u0131\u011f\u0131 yaradan bir ne\u00e7\u0259 g\u00fcn sonra m\u00fcalic\u0259 ald\u0131\u011f\u0131 x\u0259st\u0259xanada \u00f6l\u00fcb.<\/p>\n<p>Onun \u00f6l\u00fcm\u00fcn\u0259 s\u0259b\u0259b olan polis mayoru A.R\u0259fiyev m\u00f6vqeyini xidm\u0259t yolda\u015f\u0131na bildirm\u0259m\u0259kd\u0259 g\u00fcnahland\u0131r\u0131l\u0131b.<\/p>\n<p>Bel\u0259 ki, onun m\u00f6vqeyind\u0259n x\u0259b\u0259rsiz olan V.Ba\u011f\u0131rovun A.R\u0259fiyev\u0259 t\u0259r\u0259f at\u0259\u015f a\u00e7d\u0131\u011f\u0131 v\u0259 cavab at\u0259\u015find\u0259n sonra yaralanaraq \u00f6ld\u00fcy\u00fc\u00a0bildirilib.<\/p>\n<p>Daha sonra ke\u00e7mi\u015f Daxili \u0130\u015fl\u0259r naziri Ramil Usubovun m\u00fcvafiq \u0259mrin\u0259 \u0259sas\u0259n, A\u011fstafa Rayon Polis \u015e\u00f6b\u0259sinin Cinay\u0259t axtar\u0131\u015f\u0131 b\u00f6lm\u0259sinin r\u0259isi, polis mayoru A.R\u0259fiyev s\u0259r\u0259ncama g\u00f6nd\u0259rilib.<\/p>\n<p>G\u0259nc\u0259 A\u011f\u0131r Cinay\u0259tl\u0259r M\u0259hk\u0259m\u0259sinin h\u00f6km\u00fc il\u0259 A.R\u0259fiyev 314.2-ci (s\u0259hl\u0259nkarl\u0131q) madd\u0259si il\u0259 t\u0259qsirli bilin\u0259r\u0259k, c\u0259zas\u0131n\u0131 m\u0259nt\u0259q\u0259 tipli c\u0259za\u00e7\u0259km\u0259 m\u00fc\u0259ssis\u0259sind\u0259 \u00e7\u0259km\u0259kl\u0259 3\u00a0 il 6 ay m\u00fcdd\u0259tin\u0259 azadl\u0131qdan\u00a0m\u0259hrum edilib.<\/p>\n<p>H\u00f6kmd\u0259n z\u0259r\u0259r\u00e7\u0259kmi\u015f \u015f\u0259xsin h\u00fcquqi varisi S.Ba\u011f\u0131rova v\u0259 m\u0259hkumun m\u00fcdafi\u0259\u00e7isi apellyasiya \u015fikay\u0259ti verib. G\u0259nc\u0259 Apellyasiya M\u0259hk\u0259m\u0259sinin q\u0259rar\u0131 il\u0259 z\u0259r\u0259r\u00e7\u0259kmi\u015f \u015f\u0259xsin h\u00fcquqi varisinin apellyasiya \u015fikay\u0259ti qism\u0259n t\u0259min edil\u0259r\u0259k,\u00a0q\u0259rar d\u0259yi\u015fdirilib.<\/p>\n<p>Bel\u0259 ki, m\u0259hkumun c\u0259zas\u0131 4 il 6 aya qald\u0131r\u0131l\u0131b.<\/p>\n<p>Daha sonra h\u0259r iki t\u0259r\u0259f kassasiya \u015fikay\u0259ti il\u0259 Ali M\u0259hk\u0259m\u0259y\u0259 m\u00fcraci\u0259t edib.Oxu.Az<\/p>\n","protected":false},"excerpt":{"rendered":"<p>Ali M\u0259hk\u0259m\u0259d\u0259 s\u0259hl\u0259nkarl\u0131qda t\u0259qsirl\u0259ndiril\u0259n Altay R\u0259fiyevin bar\u0259sind\u0259 olan h\u00f6kmd\u0259n z\u0259r\u0259r\u00e7\u0259kmi\u015fin h\u00fcquqi varisi t\u0259r\u0259find\u0259n veril\u0259n kassasiya \u015fikay\u0259tin\u0259 bax\u0131l\u0131b. ARANTV.AZ\u00a0 x\u0259b\u0259r verir ki, hakim F\u0259rhad K\u0259rimovun s\u0259drliyi il\u0259 ke\u00e7iril\u0259n prosesd\u0259 q\u0259rar elan olunub. Q\u0259rara \u0259sas\u0259n, kassasiya \u015fikay\u0259ti t\u0259min edilm\u0259yib. Qeyd ed\u0259k ki, 2016-c\u0131 ilin yay\u0131nda A\u011fstafa rayonunun Da\u011f K\u0259s\u0259m\u0259n k\u0259ndind\u0259 axtar\u0131\u015fda olan Tahir F\u0259rz\u0259li o\u011flu Ayralovu yaxalamaq \u00fc\u00e7\u00fcn ke\u00e7iril\u0259n \u0259m\u0259liyyat zaman\u0131 A\u011fstafa Rayon Polis \u015e\u00f6b\u0259sinin Cinay\u0259t axtar\u0131\u015f\u0131 b\u00f6lm\u0259sinin r\u0259isi olmu\u015f polis mayoru A.R\u0259fiyev s\u0259hl\u0259nkarl\u0131q\u00a0n\u0259tic\u0259sind\u0259 polis yolda\u015f\u0131 Vasif Ba\u011f\u0131rovu g\u00fcll\u0259 il\u0259 vuraraq \u00f6ld\u00fcr\u00fcb. M\u0259lumata g\u00f6r\u0259, T.Ayralovun m\u00fcqavim\u0259t g\u00f6st\u0259rm\u0259si polis \u0259m\u0259kda\u015flar\u0131n\u0131 silah t\u0259tbiq etm\u0259y\u0259&hellip;<\/p>\n","protected":false},"author":2,"featured_media":97655,"comment_status":"closed","ping_status":"closed","sticky":false,"template":"","format":"standard","meta":{"om_disable_all_campaigns":false,"_monsterinsights_skip_tracking":false,"_monsterinsights_sitenote_active":false,"_monsterinsights_sitenote_note":"","_monsterinsights_sitenote_category":0},"categories":[5],"tags":[],"aioseo_notices":[],"gutentor_comment":0,"rttpg_featured_image_url":{"full":["https:\/\/arantv.az\/wp-content\/uploads\/2019\/11\/732ea4ca-698f-49db-b7fb-0cfa0cc80150_640.jpg",620,422,false],"landscape":["https:\/\/arantv.az\/wp-content\/uploads\/2019\/11\/732ea4ca-698f-49db-b7fb-0cfa0cc80150_640.jpg",620,422,false],"portraits":["https:\/\/arantv.az\/wp-content\/uploads\/2019\/11\/732ea4ca-698f-49db-b7fb-0cfa0cc80150_640.jpg",620,422,false],"thumbnail":["https:\/\/arantv.az\/wp-content\/uploads\/2019\/11\/732ea4ca-698f-49db-b7fb-0cfa0cc80150_640-150x150.jpg",150,150,true],"medium":["https:\/\/arantv.az\/wp-content\/uploads\/2019\/11\/732ea4ca-698f-49db-b7fb-0cfa0cc80150_640-300x204.jpg",300,204,true],"large":["https:\/\/arantv.az\/wp-content\/uploads\/2019\/11\/732ea4ca-698f-49db-b7fb-0cfa0cc80150_640.jpg",620,422,false],"1536x1536":["https:\/\/arantv.az\/wp-content\/uploads\/2019\/11\/732ea4ca-698f-49db-b7fb-0cfa0cc80150_640.jpg",620,422,false],"2048x2048":["https:\/\/arantv.az\/wp-content\/uploads\/2019\/11\/732ea4ca-698f-49db-b7fb-0cfa0cc80150_640.jpg",620,422,false],"post-thumbnail":["https:\/\/arantv.az\/wp-content\/uploads\/2019\/11\/732ea4ca-698f-49db-b7fb-0cfa0cc80150_640-240x172.jpg",240,172,true],"advps-thumb-one":["https:\/\/arantv.az\/wp-content\/uploads\/2019\/11\/732ea4ca-698f-49db-b7fb-0cfa0cc80150_640.jpg",620,422,false]},"rttpg_author":{"display_name":"V\u00fcsal Rafiqo\u011flu","author_link":"https:\/\/arantv.az\/?author=2"},"rttpg_comment":0,"rttpg_category":"<a href=\"https:\/\/arantv.az\/?cat=5\" rel=\"category\">Hadis\u0259<\/a>","rttpg_excerpt":"Ali M\u0259hk\u0259m\u0259d\u0259 s\u0259hl\u0259nkarl\u0131qda t\u0259qsirl\u0259ndiril\u0259n Altay R\u0259fiyevin bar\u0259sind\u0259 olan h\u00f6kmd\u0259n z\u0259r\u0259r\u00e7\u0259kmi\u015fin h\u00fcquqi varisi t\u0259r\u0259find\u0259n veril\u0259n kassasiya \u015fikay\u0259tin\u0259 bax\u0131l\u0131b. ARANTV.AZ\u00a0 x\u0259b\u0259r verir ki, hakim F\u0259rhad K\u0259rimovun s\u0259drliyi il\u0259 ke\u00e7iril\u0259n prosesd\u0259 q\u0259rar elan olunub. Q\u0259rara \u0259sas\u0259n, kassasiya \u015fikay\u0259ti t\u0259min edilm\u0259yib. Qeyd ed\u0259k ki, 2016-c\u0131 ilin yay\u0131nda A\u011fstafa rayonunun Da\u011f K\u0259s\u0259m\u0259n k\u0259ndind\u0259 axtar\u0131\u015fda olan Tahir F\u0259rz\u0259li o\u011flu Ayralovu yaxalamaq&hellip;","_links":{"self":[{"href":"https:\/\/arantv.az\/index.php?rest_route=\/wp\/v2\/posts\/97654"}],"collection":[{"href":"https:\/\/arantv.az\/index.php?rest_route=\/wp\/v2\/posts"}],"about":[{"href":"https:\/\/arantv.az\/index.php?rest_route=\/wp\/v2\/types\/post"}],"author":[{"embeddable":true,"href":"https:\/\/arantv.az\/index.php?rest_route=\/wp\/v2\/users\/2"}],"replies":[{"embeddable":true,"href":"https:\/\/arantv.az\/index.php?rest_route=%2Fwp%2Fv2%2Fcomments&post=97654"}],"version-history":[{"count":0,"href":"https:\/\/arantv.az\/index.php?rest_route=\/wp\/v2\/posts\/97654\/revisions"}],"wp:featuredmedia":[{"embeddable":true,"href":"https:\/\/arantv.az\/index.php?rest_route=\/wp\/v2\/media\/97655"}],"wp:attachment":[{"href":"https:\/\/arantv.az\/index.php?rest_route=%2Fwp%2Fv2%2Fmedia&parent=97654"}],"wp:term":[{"taxonomy":"category","embeddable":true,"href":"https:\/\/arantv.az\/index.php?rest_route=%2Fwp%2Fv2%2Fcategories&post=97654"},{"taxonomy":"post_tag","embeddable":true,"href":"https:\/\/arantv.az\/index.php?rest_route=%2Fwp%2Fv2%2Ftags&post=97654"}],"curies":[{"name":"wp","href":"https:\/\/api.w.org\/{rel}","templated":true}]}}