{"id":97667,"date":"2019-11-18T15:19:57","date_gmt":"2019-11-18T12:19:57","guid":{"rendered":"http:\/\/arantv.az\/?p=97667"},"modified":"2019-11-18T15:19:57","modified_gmt":"2019-11-18T12:19:57","slug":"az%c9%99rbaycanin-trans-x%c9%99z%c9%99r-boru-k%c9%99m%c9%99ri-layih%c9%99sin%c9%99-qosulmasi-n%c9%99-ver%c9%99c%c9%99k","status":"publish","type":"post","link":"https:\/\/arantv.az\/?p=97667","title":{"rendered":"Az\u0259rbaycan\u0131n Trans-X\u0259z\u0259r boru k\u0259m\u0259ri layih\u0259sin\u0259 qo\u015fulmas\u0131 n\u0259 ver\u0259c\u0259k?"},"content":{"rendered":"<p>&#8220;T\u00fcrkm\u0259nistan qaz\u0131n\u0131n Az\u0259rbaycan vasit\u0259sil\u0259 Avropaya n\u0259qlini n\u0259z\u0259rd\u0259 tutan Trans-X\u0259z\u0259r boru k\u0259m\u0259ri layih\u0259sin\u0259 b\u00fct\u00fcn i\u015ftirak\u00e7\u0131lar b\u00f6y\u00fck maraq g\u00f6st\u0259rir&#8221;.<\/p>\n<p><strong>ARANTV.AZ<\/strong> x\u0259b\u0259r verir ki, bunu\u00a0<a href=\"https:\/\/az.trend.az\/\" target=\"_blank\" rel=\"noopener\">Trend<\/a>-\u0259 rusiyal\u0131 iqtisad\u00e7\u0131 ekspert Stanislav Prit\u00e7in deyib.<\/p>\n<p>Onun s\u00f6zl\u0259rin\u0259 g\u00f6r\u0259, bu layih\u0259nin realla\u015fd\u0131r\u0131lmas\u0131nda ilk n\u00f6vb\u0259d\u0259 T\u00fcrkm\u0259nistan v\u0259 Avropa maraql\u0131d\u0131r:<\/p>\n<p>&#8220;Bu layih\u0259 b\u00f6y\u00fck siyasi \u0259h\u0259miyy\u0259t k\u0259sb edir, x\u00fcsusil\u0259 d\u0259 Az\u0259rbaycan\u0131n i\u015ftirak\u0131 onun regionda v\u0259 d\u00fcnyada \u0259h\u0259miyy\u0259tini art\u0131r\u0131r. Az\u0259rbaycan bu layih\u0259d\u0259 balansla\u015fd\u0131r\u0131lm\u0131\u015f m\u00f6vqe n\u00fcmayi\u015f etdirir v\u0259 gizl\u0259tmir ki, tranzit \u00f6lk\u0259 qismind\u0259 \u00e7\u0131x\u0131\u015f ed\u0259 bil\u0259r. Bununla da Az\u0259rbaycan layih\u0259y\u0259 qo\u015fulma\u011fa v\u0259 d\u0259st\u0259kl\u0259m\u0259y\u0259 haz\u0131r oldu\u011funu g\u00f6st\u0259rir&#8221;.<\/p>\n<p>Ekspert xat\u0131rlad\u0131b ki, \u00f6t\u0259n il X\u0259z\u0259rd\u0259 trans-s\u0259rh\u0259d layih\u0259l\u0259ri bar\u0259d\u0259 Protokol q\u0259bul edilib v\u0259 bu s\u0259n\u0259d bu c\u00fcr layih\u0259l\u0259rin realla\u015fd\u0131r\u0131lmas\u0131 m\u0259s\u0259l\u0259sini t\u0259nziml\u0259yir:<\/p>\n<p>&#8220;Bu layih\u0259 \u00e7\u0259r\u00e7iv\u0259sind\u0259 ilk n\u00f6vb\u0259d\u0259 fikirl\u0259\u015fm\u0259k laz\u0131md\u0131r ki, sponsorlar kimdir, \u00e7\u00fcnki bu, ucuz layih\u0259 deyil. O c\u00fcml\u0259d\u0259n t\u00fcrkm\u0259n qaz\u0131n\u0131n Avropa bazarlar\u0131na t\u0259dar\u00fck\u00fcn\u00fcn iqtisadi t\u0259r\u0259fl\u0259ri yax\u015f\u0131 i\u015fl\u0259nm\u0259lidir. Az\u0259rbaycan \u00f6z infrastrukturunu quranad\u0259k Avropa bazar\u0131nda qiym\u0259t konyunkturu son d\u00f6vrl\u0259rd\u0259 ciddi \u015f\u0259kild\u0259 d\u0259yi\u015fib. \u0130lk n\u00f6vb\u0259d\u0259 ona g\u00f6r\u0259 ki, Avropaya b\u00f6y\u00fck h\u0259cml\u0259rd\u0259 mayel\u0259\u015fdirilmi\u015f t\u0259bii qaz t\u0259dar\u00fck olunur v\u0259 bu da qiym\u0259t konyunkturunu pisl\u0259\u015fdirir&#8221;.<\/p>\n<p>Onun fikrinc\u0259, Az\u0259rbaycan\u0131n bu layih\u0259y\u0259 qo\u015fulmas\u0131 \u00f6lk\u0259nin tranzit \u00f6lk\u0259 qismind\u0259 regionda v\u0259 d\u00fcnyada imicin\u0259 m\u00fcsb\u0259t t\u0259sir g\u00f6st\u0259r\u0259c\u0259k.<\/p>\n<p>Qeyd ed\u0259k ki, Trans-X\u0259z\u0259r boru k\u0259m\u0259ri T\u00fcrkm\u0259nistan qaz\u0131n\u0131n Az\u0259rbaycan vasit\u0259sil\u0259 Avropaya n\u0259qlini n\u0259z\u0259rd\u0259 tutur.<\/p>\n","protected":false},"excerpt":{"rendered":"<p>&#8220;T\u00fcrkm\u0259nistan qaz\u0131n\u0131n Az\u0259rbaycan vasit\u0259sil\u0259 Avropaya n\u0259qlini n\u0259z\u0259rd\u0259 tutan Trans-X\u0259z\u0259r boru k\u0259m\u0259ri layih\u0259sin\u0259 b\u00fct\u00fcn i\u015ftirak\u00e7\u0131lar b\u00f6y\u00fck maraq g\u00f6st\u0259rir&#8221;. ARANTV.AZ x\u0259b\u0259r verir ki, bunu\u00a0Trend-\u0259 rusiyal\u0131 iqtisad\u00e7\u0131 ekspert Stanislav Prit\u00e7in deyib. Onun s\u00f6zl\u0259rin\u0259 g\u00f6r\u0259, bu layih\u0259nin realla\u015fd\u0131r\u0131lmas\u0131nda ilk n\u00f6vb\u0259d\u0259 T\u00fcrkm\u0259nistan v\u0259 Avropa maraql\u0131d\u0131r: &#8220;Bu layih\u0259 b\u00f6y\u00fck siyasi \u0259h\u0259miyy\u0259t k\u0259sb edir, x\u00fcsusil\u0259 d\u0259 Az\u0259rbaycan\u0131n i\u015ftirak\u0131 onun regionda v\u0259 d\u00fcnyada \u0259h\u0259miyy\u0259tini art\u0131r\u0131r. Az\u0259rbaycan bu layih\u0259d\u0259 balansla\u015fd\u0131r\u0131lm\u0131\u015f m\u00f6vqe n\u00fcmayi\u015f etdirir v\u0259 gizl\u0259tmir ki, tranzit \u00f6lk\u0259 qismind\u0259 \u00e7\u0131x\u0131\u015f ed\u0259 bil\u0259r. Bununla da Az\u0259rbaycan layih\u0259y\u0259 qo\u015fulma\u011fa v\u0259 d\u0259st\u0259kl\u0259m\u0259y\u0259 haz\u0131r oldu\u011funu g\u00f6st\u0259rir&#8221;. Ekspert xat\u0131rlad\u0131b ki, \u00f6t\u0259n il X\u0259z\u0259rd\u0259 trans-s\u0259rh\u0259d&hellip;<\/p>\n","protected":false},"author":2,"featured_media":97668,"comment_status":"closed","ping_status":"closed","sticky":false,"template":"","format":"standard","meta":{"om_disable_all_campaigns":false,"_monsterinsights_skip_tracking":false,"_monsterinsights_sitenote_active":false,"_monsterinsights_sitenote_note":"","_monsterinsights_sitenote_category":0},"categories":[19],"tags":[],"aioseo_notices":[],"gutentor_comment":0,"rttpg_featured_image_url":{"full":["https:\/\/arantv.az\/wp-content\/uploads\/2019\/11\/803168.jpg",981,773,false],"landscape":["https:\/\/arantv.az\/wp-content\/uploads\/2019\/11\/803168.jpg",981,773,false],"portraits":["https:\/\/arantv.az\/wp-content\/uploads\/2019\/11\/803168.jpg",981,773,false],"thumbnail":["https:\/\/arantv.az\/wp-content\/uploads\/2019\/11\/803168-150x150.jpg",150,150,true],"medium":["https:\/\/arantv.az\/wp-content\/uploads\/2019\/11\/803168-300x236.jpg",300,236,true],"large":["https:\/\/arantv.az\/wp-content\/uploads\/2019\/11\/803168.jpg",640,504,false],"1536x1536":["https:\/\/arantv.az\/wp-content\/uploads\/2019\/11\/803168.jpg",981,773,false],"2048x2048":["https:\/\/arantv.az\/wp-content\/uploads\/2019\/11\/803168.jpg",981,773,false],"post-thumbnail":["https:\/\/arantv.az\/wp-content\/uploads\/2019\/11\/803168-240x172.jpg",240,172,true],"advps-thumb-one":["https:\/\/arantv.az\/wp-content\/uploads\/2019\/11\/803168-981x620.jpg",981,620,true]},"rttpg_author":{"display_name":"V\u00fcsal Rafiqo\u011flu","author_link":"https:\/\/arantv.az\/?author=2"},"rttpg_comment":0,"rttpg_category":"<a href=\"https:\/\/arantv.az\/?cat=19\" rel=\"category\">G\u00fcnd\u0259m<\/a>","rttpg_excerpt":"&#8220;T\u00fcrkm\u0259nistan qaz\u0131n\u0131n Az\u0259rbaycan vasit\u0259sil\u0259 Avropaya n\u0259qlini n\u0259z\u0259rd\u0259 tutan Trans-X\u0259z\u0259r boru k\u0259m\u0259ri layih\u0259sin\u0259 b\u00fct\u00fcn i\u015ftirak\u00e7\u0131lar b\u00f6y\u00fck maraq g\u00f6st\u0259rir&#8221;. ARANTV.AZ x\u0259b\u0259r verir ki, bunu\u00a0Trend-\u0259 rusiyal\u0131 iqtisad\u00e7\u0131 ekspert Stanislav Prit\u00e7in deyib. Onun s\u00f6zl\u0259rin\u0259 g\u00f6r\u0259, bu layih\u0259nin realla\u015fd\u0131r\u0131lmas\u0131nda ilk n\u00f6vb\u0259d\u0259 T\u00fcrkm\u0259nistan v\u0259 Avropa maraql\u0131d\u0131r: &#8220;Bu layih\u0259 b\u00f6y\u00fck siyasi \u0259h\u0259miyy\u0259t k\u0259sb edir, x\u00fcsusil\u0259 d\u0259 Az\u0259rbaycan\u0131n i\u015ftirak\u0131 onun regionda v\u0259 d\u00fcnyada&hellip;","_links":{"self":[{"href":"https:\/\/arantv.az\/index.php?rest_route=\/wp\/v2\/posts\/97667"}],"collection":[{"href":"https:\/\/arantv.az\/index.php?rest_route=\/wp\/v2\/posts"}],"about":[{"href":"https:\/\/arantv.az\/index.php?rest_route=\/wp\/v2\/types\/post"}],"author":[{"embeddable":true,"href":"https:\/\/arantv.az\/index.php?rest_route=\/wp\/v2\/users\/2"}],"replies":[{"embeddable":true,"href":"https:\/\/arantv.az\/index.php?rest_route=%2Fwp%2Fv2%2Fcomments&post=97667"}],"version-history":[{"count":0,"href":"https:\/\/arantv.az\/index.php?rest_route=\/wp\/v2\/posts\/97667\/revisions"}],"wp:featuredmedia":[{"embeddable":true,"href":"https:\/\/arantv.az\/index.php?rest_route=\/wp\/v2\/media\/97668"}],"wp:attachment":[{"href":"https:\/\/arantv.az\/index.php?rest_route=%2Fwp%2Fv2%2Fmedia&parent=97667"}],"wp:term":[{"taxonomy":"category","embeddable":true,"href":"https:\/\/arantv.az\/index.php?rest_route=%2Fwp%2Fv2%2Fcategories&post=97667"},{"taxonomy":"post_tag","embeddable":true,"href":"https:\/\/arantv.az\/index.php?rest_route=%2Fwp%2Fv2%2Ftags&post=97667"}],"curies":[{"name":"wp","href":"https:\/\/api.w.org\/{rel}","templated":true}]}}