{"id":97675,"date":"2019-11-18T15:22:56","date_gmt":"2019-11-18T12:22:56","guid":{"rendered":"http:\/\/arantv.az\/?p=97675"},"modified":"2019-11-18T15:22:56","modified_gmt":"2019-11-18T12:22:56","slug":"az%c9%99rbaycan-prezidenti-naxcivanin-ugurlu-v%c9%99-t%c9%99hluk%c9%99siz-inkisafi-ucun-n%c9%99-lazimdirsa-biz-onu-da-ed%c9%99c%c9%99yik","status":"publish","type":"post","link":"https:\/\/arantv.az\/?p=97675","title":{"rendered":"Az\u0259rbaycan Prezidenti: &#8220;Nax\u00e7\u0131van\u0131n u\u011furlu v\u0259 t\u0259hl\u00fck\u0259siz inki\u015faf\u0131 \u00fc\u00e7\u00fcn n\u0259 laz\u0131md\u0131rsa, biz onu da ed\u0259c\u0259yik&#8221;"},"content":{"rendered":"<p>&#8220;Nax\u00e7\u0131van\u0131n u\u011furlu v\u0259 t\u0259hl\u00fck\u0259siz inki\u015faf\u0131 \u00fc\u00e7\u00fcn n\u0259 laz\u0131md\u0131rsa, biz onu da ed\u0259c\u0259yik&#8221;.<\/p>\n<p><strong>ARANTV.AZ<\/strong>\u00a0<a href=\"https:\/\/azertag.az\/\" target=\"_blank\" rel=\"noopener\">AZ\u018fRTAC<\/a>-a istinad\u0259n x\u0259b\u0259r verir ki, bunu Az\u0259rbaycan Respublikas\u0131n\u0131n Prezidenti \u0130lham \u018fliyev Nax\u00e7\u0131van Muxtar Respublikas\u0131 Ali M\u0259clisinin S\u0259dri Vasif Tal\u0131bovu q\u0259bul ed\u0259rk\u0259n deyib.<\/p>\n<p>D\u00f6vl\u0259t ba\u015f\u00e7\u0131s\u0131 bildirib: &#8220;\u018fmin\u0259m ki, art\u0131q ixrac potensial\u0131 da formala\u015fa bil\u0259r. Bildiyiniz kimi, T\u00fcrkiy\u0259 t\u0259r\u0259fi b\u00f6y\u00fck add\u0131m ataraq Nax\u00e7\u0131van\u0131n istehsal\u0131 olan mallar\u0131n idxal\u0131 il\u0259 ba\u011fl\u0131 da g\u00f6st\u0259ri\u015f vermi\u015fdir. Hesab edir\u0259m ki, Nax\u00e7\u0131van\u0131n istehsal potensial\u0131 artd\u0131qca ixrac imkanlar\u0131 da geni\u015fl\u0259n\u0259c\u0259k.<\/p>\n<p>Bir m\u0259s\u0259l\u0259y\u0259 d\u0259 toxunmaq ist\u0259yir\u0259m. Ke\u00e7\u0259n il Nax\u00e7\u0131van b\u00fcdc\u0259sinin g\u0259lirl\u0259ri t\u0259qrib\u0259n 400 milyon manata yax\u0131n idi. \u0130ndi n\u00f6vb\u0259ti il \u00fc\u00e7\u00fcn b\u00fcdc\u0259 m\u0259s\u0259l\u0259l\u0259ri m\u00fczakir\u0259 olunur. \u018flb\u0259tt\u0259 ki, Nax\u00e7\u0131van\u0131n u\u011furlu v\u0259 t\u0259hl\u00fck\u0259siz inki\u015faf\u0131 \u00fc\u00e7\u00fcn n\u0259 laz\u0131md\u0131rsa, biz onu da ed\u0259c\u0259yik. Ancaq bir m\u0259s\u0259l\u0259y\u0259 diqq\u0259tinizi c\u0259lb etm\u0259k ist\u0259yir\u0259m. Nax\u00e7\u0131van b\u00fcdc\u0259sinin c\u0259mi 22 faizi yerli g\u0259lirl\u0259r hesab\u0131na formala\u015f\u0131r, y\u0259ni, 383 milyon manatdan c\u0259mi 83 milyon manat\u0131 yerli g\u0259lirl\u0259r hesab\u0131na formala\u015f\u0131r, qalan 300 milyon manat Bak\u0131dan dotasiya verilir. Hesab edir\u0259m ki, n\u00f6vb\u0259ti ill\u0259rd\u0259 yerli g\u0259lirl\u0259rin art\u0131r\u0131lmas\u0131 istiqam\u0259tind\u0259 i\u015fl\u0259r apar\u0131lmal\u0131d\u0131r ki, onlar\u0131n faiz nisb\u0259ti arts\u0131n. \u018fmin\u0259m, bel\u0259 olan halda daha da b\u00f6y\u00fck imkanlar olacaq ki, sosial v\u0259 s\u0259naye layih\u0259l\u0259ri icra edilsin.<\/p>\n<p>B\u00fct\u00fcn \u00f6lk\u0259d\u0259 oldu\u011fu kimi, bu g\u00fcn Nax\u00e7\u0131vanda da maliyy\u0259 v\u0259 iqtisadi sah\u0259l\u0259rd\u0259 \u015f\u0259ffafl\u0131q tam t\u0259min edilm\u0259lidir. Bildirm\u0259liy\u0259m ki, apar\u0131lan islahatlar n\u0259tic\u0259sind\u0259 t\u0259kc\u0259 bu ilin 10 ay\u0131 \u0259rzind\u0259 b\u00fcdc\u0259 g\u0259lirl\u0259ri plandan \u0259lav\u0259 850 milyon manat artm\u0131\u015fd\u0131r. Bunun yar\u0131s\u0131 g\u00f6mr\u00fck, yar\u0131s\u0131 vergi orqanlar\u0131 hesab\u0131na formala\u015f\u0131b. Bu \u0259lav\u0259 800 milyon manat s\u0131rf idar\u0259etm\u0259d\u0259 apar\u0131lan islahatlarla, \u015f\u0259ffafl\u0131qla ba\u011fl\u0131d\u0131r v\u0259 biz\u0259 imkan verir ki, maa\u015flar\u0131 da, pensiyalar\u0131 da art\u0131raq, investisiya layih\u0259l\u0259rin\u0259 d\u0259 v\u0259saiti art\u0131raq. Ona g\u00f6r\u0259 g\u0259l\u0259n ilin b\u00fcdc\u0259sin\u0259 baxd\u0131qda yerli g\u0259lirl\u0259rin h\u0259m m\u00fctl\u0259q r\u0259q\u0259ml\u0259rinin art\u0131r\u0131lmas\u0131, eyni zamanda, \u00fcmumi b\u00fcdc\u0259d\u0259 yerli g\u0259lirl\u0259rin faizinin art\u0131r\u0131lmas\u0131 \u00fc\u00e7\u00fcn \u0259lav\u0259 add\u0131mlar at\u0131lmal\u0131d\u0131r&#8221;.<\/p>\n","protected":false},"excerpt":{"rendered":"<p>&#8220;Nax\u00e7\u0131van\u0131n u\u011furlu v\u0259 t\u0259hl\u00fck\u0259siz inki\u015faf\u0131 \u00fc\u00e7\u00fcn n\u0259 laz\u0131md\u0131rsa, biz onu da ed\u0259c\u0259yik&#8221;. ARANTV.AZ\u00a0AZ\u018fRTAC-a istinad\u0259n x\u0259b\u0259r verir ki, bunu Az\u0259rbaycan Respublikas\u0131n\u0131n Prezidenti \u0130lham \u018fliyev Nax\u00e7\u0131van Muxtar Respublikas\u0131 Ali M\u0259clisinin S\u0259dri Vasif Tal\u0131bovu q\u0259bul ed\u0259rk\u0259n deyib. D\u00f6vl\u0259t ba\u015f\u00e7\u0131s\u0131 bildirib: &#8220;\u018fmin\u0259m ki, art\u0131q ixrac potensial\u0131 da formala\u015fa bil\u0259r. Bildiyiniz kimi, T\u00fcrkiy\u0259 t\u0259r\u0259fi b\u00f6y\u00fck add\u0131m ataraq Nax\u00e7\u0131van\u0131n istehsal\u0131 olan mallar\u0131n idxal\u0131 il\u0259 ba\u011fl\u0131 da g\u00f6st\u0259ri\u015f vermi\u015fdir. Hesab edir\u0259m ki, Nax\u00e7\u0131van\u0131n istehsal potensial\u0131 artd\u0131qca ixrac imkanlar\u0131 da geni\u015fl\u0259n\u0259c\u0259k. Bir m\u0259s\u0259l\u0259y\u0259 d\u0259 toxunmaq ist\u0259yir\u0259m. Ke\u00e7\u0259n il Nax\u00e7\u0131van b\u00fcdc\u0259sinin g\u0259lirl\u0259ri t\u0259qrib\u0259n 400 milyon manata yax\u0131n idi. \u0130ndi&hellip;<\/p>\n","protected":false},"author":2,"featured_media":97676,"comment_status":"closed","ping_status":"closed","sticky":false,"template":"","format":"standard","meta":{"om_disable_all_campaigns":false,"_monsterinsights_skip_tracking":false,"_monsterinsights_sitenote_active":false,"_monsterinsights_sitenote_note":"","_monsterinsights_sitenote_category":0},"categories":[4],"tags":[],"aioseo_notices":[],"gutentor_comment":0,"rttpg_featured_image_url":{"full":["https:\/\/arantv.az\/wp-content\/uploads\/2019\/11\/803183.jpg",1000,663,false],"landscape":["https:\/\/arantv.az\/wp-content\/uploads\/2019\/11\/803183.jpg",1000,663,false],"portraits":["https:\/\/arantv.az\/wp-content\/uploads\/2019\/11\/803183.jpg",1000,663,false],"thumbnail":["https:\/\/arantv.az\/wp-content\/uploads\/2019\/11\/803183-150x150.jpg",150,150,true],"medium":["https:\/\/arantv.az\/wp-content\/uploads\/2019\/11\/803183-300x199.jpg",300,199,true],"large":["https:\/\/arantv.az\/wp-content\/uploads\/2019\/11\/803183.jpg",640,424,false],"1536x1536":["https:\/\/arantv.az\/wp-content\/uploads\/2019\/11\/803183.jpg",1000,663,false],"2048x2048":["https:\/\/arantv.az\/wp-content\/uploads\/2019\/11\/803183.jpg",1000,663,false],"post-thumbnail":["https:\/\/arantv.az\/wp-content\/uploads\/2019\/11\/803183-240x172.jpg",240,172,true],"advps-thumb-one":["https:\/\/arantv.az\/wp-content\/uploads\/2019\/11\/803183-1000x620.jpg",1000,620,true]},"rttpg_author":{"display_name":"V\u00fcsal Rafiqo\u011flu","author_link":"https:\/\/arantv.az\/?author=2"},"rttpg_comment":0,"rttpg_category":"<a href=\"https:\/\/arantv.az\/?cat=4\" rel=\"category\">Siyas\u0259t<\/a>","rttpg_excerpt":"&#8220;Nax\u00e7\u0131van\u0131n u\u011furlu v\u0259 t\u0259hl\u00fck\u0259siz inki\u015faf\u0131 \u00fc\u00e7\u00fcn n\u0259 laz\u0131md\u0131rsa, biz onu da ed\u0259c\u0259yik&#8221;. ARANTV.AZ\u00a0AZ\u018fRTAC-a istinad\u0259n x\u0259b\u0259r verir ki, bunu Az\u0259rbaycan Respublikas\u0131n\u0131n Prezidenti \u0130lham \u018fliyev Nax\u00e7\u0131van Muxtar Respublikas\u0131 Ali M\u0259clisinin S\u0259dri Vasif Tal\u0131bovu q\u0259bul ed\u0259rk\u0259n deyib. D\u00f6vl\u0259t ba\u015f\u00e7\u0131s\u0131 bildirib: &#8220;\u018fmin\u0259m ki, art\u0131q ixrac potensial\u0131 da formala\u015fa bil\u0259r. Bildiyiniz kimi, T\u00fcrkiy\u0259 t\u0259r\u0259fi b\u00f6y\u00fck add\u0131m ataraq Nax\u00e7\u0131van\u0131n istehsal\u0131 olan&hellip;","_links":{"self":[{"href":"https:\/\/arantv.az\/index.php?rest_route=\/wp\/v2\/posts\/97675"}],"collection":[{"href":"https:\/\/arantv.az\/index.php?rest_route=\/wp\/v2\/posts"}],"about":[{"href":"https:\/\/arantv.az\/index.php?rest_route=\/wp\/v2\/types\/post"}],"author":[{"embeddable":true,"href":"https:\/\/arantv.az\/index.php?rest_route=\/wp\/v2\/users\/2"}],"replies":[{"embeddable":true,"href":"https:\/\/arantv.az\/index.php?rest_route=%2Fwp%2Fv2%2Fcomments&post=97675"}],"version-history":[{"count":0,"href":"https:\/\/arantv.az\/index.php?rest_route=\/wp\/v2\/posts\/97675\/revisions"}],"wp:featuredmedia":[{"embeddable":true,"href":"https:\/\/arantv.az\/index.php?rest_route=\/wp\/v2\/media\/97676"}],"wp:attachment":[{"href":"https:\/\/arantv.az\/index.php?rest_route=%2Fwp%2Fv2%2Fmedia&parent=97675"}],"wp:term":[{"taxonomy":"category","embeddable":true,"href":"https:\/\/arantv.az\/index.php?rest_route=%2Fwp%2Fv2%2Fcategories&post=97675"},{"taxonomy":"post_tag","embeddable":true,"href":"https:\/\/arantv.az\/index.php?rest_route=%2Fwp%2Fv2%2Ftags&post=97675"}],"curies":[{"name":"wp","href":"https:\/\/api.w.org\/{rel}","templated":true}]}}