{"id":97679,"date":"2019-11-18T15:29:27","date_gmt":"2019-11-18T12:29:27","guid":{"rendered":"http:\/\/arantv.az\/?p=97679"},"modified":"2019-11-18T15:29:27","modified_gmt":"2019-11-18T12:29:27","slug":"prezident-ilham-%c9%99liyev-hec-bir-daxili-enerji-resursu-olmayan-naxcivan-hazirda-elektrik-enerjisini-ixrac-edir","status":"publish","type":"post","link":"https:\/\/arantv.az\/?p=97679","title":{"rendered":"Prezident \u0130lham \u018fliyev: &#8220;He\u00e7 bir daxili enerji resursu olmayan Nax\u00e7\u0131van haz\u0131rda elektrik enerjisini ixrac edir&#8221;"},"content":{"rendered":"<p>&#8220;He\u00e7 bir daxili enerji resursu olmayan Nax\u00e7\u0131van haz\u0131rda elektrik enerjisini ixrac edir&#8221;.<\/p>\n<p><strong>ARANTV.AZ\u00a0<\/strong>\u00a0<a href=\"https:\/\/azertag.az\/\" target=\"_blank\" rel=\"noopener\">AZ\u018fRTAC<\/a>-a\u00a0istinad\u0259n x\u0259b\u0259r verir ki, bunu Az\u0259rbaycan Respublikas\u0131n\u0131n Prezidenti \u0130lham \u018fliyev Nax\u00e7\u0131van Muxtar Respublikas\u0131 Ali M\u0259clisinin S\u0259dri Vasif Tal\u0131bovu q\u0259bul ed\u0259rk\u0259n deyib.<\/p>\n<p>Prezident \u0130lham \u018fliyev qeyd edib: &#8220;Nax\u00e7\u0131van Muxtar Respublikas\u0131 Az\u0259rbaycan\u0131n \u0259sas hiss\u0259sind\u0259n co\u011frafi bax\u0131mdan ayr\u0131l\u0131b v\u0259 bel\u0259 olan halda enerji t\u0259minat\u0131 x\u00fcsusi \u0259h\u0259miyy\u0259t k\u0259sb edir. Bu, \u0259slind\u0259, t\u0259hl\u00fck\u0259sizlik m\u0259s\u0259l\u0259sidir v\u0259 he\u00e7 bir daxili enerji resursu olmayan Nax\u00e7\u0131van haz\u0131rda elektrik enerjisini ixrac edir. Bir ne\u00e7\u0259 il bundan \u0259vv\u0259l bunu t\u0259s\u0259vv\u00fcr etm\u0259k bel\u0259 m\u00fcmk\u00fcn deyildi, bu g\u00fcn reall\u0131qd\u0131r. \u015eadam ki, b\u0259rpaolunan enerjinin \u00fcmumi enerji balans\u0131ndak\u0131 pay\u0131 getdikc\u0259 art\u0131r v\u0259 Ordubad Su Elektrik Stansiyas\u0131n\u0131n istifad\u0259y\u0259 verilm\u0259si n\u0259tic\u0259sind\u0259 prinsip etibaril\u0259 Nax\u00e7\u0131van Muxtar Respublikas\u0131 \u00f6z enerji t\u0259minat\u0131n\u0131 100 faiz b\u0259rpaolunan enerji hesab\u0131na qar\u015f\u0131layacaqd\u0131r.<\/p>\n<p>Bir d\u0259 ki, yollar\u0131n tikintisin\u0259 d\u0259 b\u00f6y\u00fck v\u0259sait ayr\u0131lm\u0131\u015fd\u0131r v\u0259 yollar keyfiyy\u0259tli tikilir. M\u0259n \u00f6z\u00fcm \u015f\u0259xs\u0259n bunun \u015fahidi olmu\u015fam. Nax\u00e7\u0131van-\u015e\u0259rur-S\u0259d\u0259r\u0259k avtomobil yolu bir ne\u00e7\u0259 ildir ki, istifad\u0259y\u0259 verilib. Nax\u00e7\u0131van-\u015eahbuz yolu layih\u0259si tam icra edilib. Nax\u00e7\u0131van-Culfa yolu da icra edilib, haz\u0131rda Culfa-Ordubad yolunun tikintisi davam etdirilir&#8221;.<\/p>\n","protected":false},"excerpt":{"rendered":"<p>&#8220;He\u00e7 bir daxili enerji resursu olmayan Nax\u00e7\u0131van haz\u0131rda elektrik enerjisini ixrac edir&#8221;. ARANTV.AZ\u00a0\u00a0AZ\u018fRTAC-a\u00a0istinad\u0259n x\u0259b\u0259r verir ki, bunu Az\u0259rbaycan Respublikas\u0131n\u0131n Prezidenti \u0130lham \u018fliyev Nax\u00e7\u0131van Muxtar Respublikas\u0131 Ali M\u0259clisinin S\u0259dri Vasif Tal\u0131bovu q\u0259bul ed\u0259rk\u0259n deyib. Prezident \u0130lham \u018fliyev qeyd edib: &#8220;Nax\u00e7\u0131van Muxtar Respublikas\u0131 Az\u0259rbaycan\u0131n \u0259sas hiss\u0259sind\u0259n co\u011frafi bax\u0131mdan ayr\u0131l\u0131b v\u0259 bel\u0259 olan halda enerji t\u0259minat\u0131 x\u00fcsusi \u0259h\u0259miyy\u0259t k\u0259sb edir. Bu, \u0259slind\u0259, t\u0259hl\u00fck\u0259sizlik m\u0259s\u0259l\u0259sidir v\u0259 he\u00e7 bir daxili enerji resursu olmayan Nax\u00e7\u0131van haz\u0131rda elektrik enerjisini ixrac edir. Bir ne\u00e7\u0259 il bundan \u0259vv\u0259l bunu t\u0259s\u0259vv\u00fcr etm\u0259k bel\u0259 m\u00fcmk\u00fcn deyildi, bu g\u00fcn reall\u0131qd\u0131r. \u015eadam ki,&hellip;<\/p>\n","protected":false},"author":2,"featured_media":97680,"comment_status":"closed","ping_status":"closed","sticky":false,"template":"","format":"standard","meta":{"om_disable_all_campaigns":false,"_monsterinsights_skip_tracking":false,"_monsterinsights_sitenote_active":false,"_monsterinsights_sitenote_note":"","_monsterinsights_sitenote_category":0},"categories":[4],"tags":[],"aioseo_notices":[],"gutentor_comment":0,"rttpg_featured_image_url":{"full":["https:\/\/arantv.az\/wp-content\/uploads\/2019\/11\/803186.jpg",1200,900,false],"landscape":["https:\/\/arantv.az\/wp-content\/uploads\/2019\/11\/803186.jpg",1200,900,false],"portraits":["https:\/\/arantv.az\/wp-content\/uploads\/2019\/11\/803186.jpg",1200,900,false],"thumbnail":["https:\/\/arantv.az\/wp-content\/uploads\/2019\/11\/803186-150x150.jpg",150,150,true],"medium":["https:\/\/arantv.az\/wp-content\/uploads\/2019\/11\/803186-300x225.jpg",300,225,true],"large":["https:\/\/arantv.az\/wp-content\/uploads\/2019\/11\/803186-1024x768.jpg",640,480,true],"1536x1536":["https:\/\/arantv.az\/wp-content\/uploads\/2019\/11\/803186.jpg",1200,900,false],"2048x2048":["https:\/\/arantv.az\/wp-content\/uploads\/2019\/11\/803186.jpg",1200,900,false],"post-thumbnail":["https:\/\/arantv.az\/wp-content\/uploads\/2019\/11\/803186-240x172.jpg",240,172,true],"advps-thumb-one":["https:\/\/arantv.az\/wp-content\/uploads\/2019\/11\/803186-1200x620.jpg",1200,620,true]},"rttpg_author":{"display_name":"V\u00fcsal Rafiqo\u011flu","author_link":"https:\/\/arantv.az\/?author=2"},"rttpg_comment":0,"rttpg_category":"<a href=\"https:\/\/arantv.az\/?cat=4\" rel=\"category\">Siyas\u0259t<\/a>","rttpg_excerpt":"&#8220;He\u00e7 bir daxili enerji resursu olmayan Nax\u00e7\u0131van haz\u0131rda elektrik enerjisini ixrac edir&#8221;. ARANTV.AZ\u00a0\u00a0AZ\u018fRTAC-a\u00a0istinad\u0259n x\u0259b\u0259r verir ki, bunu Az\u0259rbaycan Respublikas\u0131n\u0131n Prezidenti \u0130lham \u018fliyev Nax\u00e7\u0131van Muxtar Respublikas\u0131 Ali M\u0259clisinin S\u0259dri Vasif Tal\u0131bovu q\u0259bul ed\u0259rk\u0259n deyib. Prezident \u0130lham \u018fliyev qeyd edib: &#8220;Nax\u00e7\u0131van Muxtar Respublikas\u0131 Az\u0259rbaycan\u0131n \u0259sas hiss\u0259sind\u0259n co\u011frafi bax\u0131mdan ayr\u0131l\u0131b v\u0259 bel\u0259 olan halda enerji t\u0259minat\u0131 x\u00fcsusi \u0259h\u0259miyy\u0259t&hellip;","_links":{"self":[{"href":"https:\/\/arantv.az\/index.php?rest_route=\/wp\/v2\/posts\/97679"}],"collection":[{"href":"https:\/\/arantv.az\/index.php?rest_route=\/wp\/v2\/posts"}],"about":[{"href":"https:\/\/arantv.az\/index.php?rest_route=\/wp\/v2\/types\/post"}],"author":[{"embeddable":true,"href":"https:\/\/arantv.az\/index.php?rest_route=\/wp\/v2\/users\/2"}],"replies":[{"embeddable":true,"href":"https:\/\/arantv.az\/index.php?rest_route=%2Fwp%2Fv2%2Fcomments&post=97679"}],"version-history":[{"count":0,"href":"https:\/\/arantv.az\/index.php?rest_route=\/wp\/v2\/posts\/97679\/revisions"}],"wp:featuredmedia":[{"embeddable":true,"href":"https:\/\/arantv.az\/index.php?rest_route=\/wp\/v2\/media\/97680"}],"wp:attachment":[{"href":"https:\/\/arantv.az\/index.php?rest_route=%2Fwp%2Fv2%2Fmedia&parent=97679"}],"wp:term":[{"taxonomy":"category","embeddable":true,"href":"https:\/\/arantv.az\/index.php?rest_route=%2Fwp%2Fv2%2Fcategories&post=97679"},{"taxonomy":"post_tag","embeddable":true,"href":"https:\/\/arantv.az\/index.php?rest_route=%2Fwp%2Fv2%2Ftags&post=97679"}],"curies":[{"name":"wp","href":"https:\/\/api.w.org\/{rel}","templated":true}]}}