{"id":97683,"date":"2019-11-18T15:31:48","date_gmt":"2019-11-18T12:31:48","guid":{"rendered":"http:\/\/arantv.az\/?p=97683"},"modified":"2019-11-18T15:31:48","modified_gmt":"2019-11-18T12:31:48","slug":"vilay%c9%99t-eyvazov-plyonka-il%c9%99-bagli-tapsiriq-verdi","status":"publish","type":"post","link":"https:\/\/arantv.az\/?p=97683","title":{"rendered":"Vilay\u0259t Eyvazov plyonka il\u0259 ba\u011fl\u0131 TAP\u015eIRIQ VERD\u0130"},"content":{"rendered":"<p>Bir ne\u00e7\u0259 g\u00fcnd\u00fcr ki, Az\u0259rbaycanda s\u00fcr\u00fcc\u00fcl\u0259r\u0259 \u015ftorka v\u0259 jal\u00fczd\u0259n istifad\u0259 \u00fc\u00e7\u00fcn verilmi\u015f m\u00f6vs\u00fcml\u00fck icaz\u0259 m\u00fcdd\u0259ti ba\u015fa \u00e7atsa da, he\u00e7 bir inzibati t\u0259nbeh g\u00f6r\u00fclm\u00fcr.<\/p>\n<p>&#8220;Qafqazinfo&#8221;ya m\u00fcraci\u0259t ed\u0259n bir \u00e7ox s\u00fcr\u00fcc\u00fc &#8220;biz plyonkan\u0131 s\u00f6km\u0259s\u0259k, h\u0259qiq\u0259t\u0259n c\u0259rim\u0259 etm\u0259y\u0259c\u0259kl\u0259r?&#8221; dey\u0259 sual \u00fcnvanlay\u0131blar. Bu ild\u0259n etibar\u0259n bu qada\u011fan\u0131n aradan qalxaca\u011f\u0131, daha s\u00fcr\u00fcc\u00fcl\u0259rin c\u0259rim\u0259 olunmayaca\u011f\u0131 deyils\u0259 d\u0259, v\u0259t\u0259nda\u015flar h\u0259l\u0259 d\u0259 bu m\u0259s\u0259l\u0259y\u0259 \u015f\u00fcbh\u0259li yana\u015f\u0131rlar.<\/p>\n<p>Noyabr\u0131n 15-i g\u00fcn sosial \u015f\u0259b\u0259k\u0259l\u0259rd\u0259 Ba\u015f D\u00f6vl\u0259t Yol Polisi \u0130dar\u0259sinin r\u0259isi, general-mayor Ramiz Zeynalovun ad\u0131ndan imzalanan s\u0259n\u0259d d\u0259 yay\u0131l\u0131b. S\u0259n\u0259dd\u0259 Ramiz Zeynalovun g\u00f6st\u0259ri\u015fin\u0259 \u0259sas\u0259n, n\u0259qliyyat vasit\u0259l\u0259rinin arxa v\u0259 arxa yan \u015f\u00fc\u015f\u0259l\u0259rind\u0259 plyonka v\u0259 jal\u00fczl\u0259rd\u0259n istifad\u0259 edilm\u0259sin\u0259 g\u00f6r\u0259 \u0259lav\u0259 m\u0259lumat veril\u0259n\u0259d\u0259k s\u00fcr\u00fcc\u00fcl\u0259rin c\u0259rim\u0259l\u0259nm\u0259y\u0259c\u0259yi qeyd olunub.<\/p>\n<p>BPYP\u0130-nin m\u0259tbuat katibi R\u00fcf\u0259t Quliyev d\u0259 m\u0259lumat\u0131 t\u0259sdiql\u0259yib v\u0259 bildirib ki, haz\u0131rda avtomobill\u0259r\u0259 jal\u00fcz v\u0259 \u00f6rt\u00fck (plyonka) vurulmas\u0131 standartlar\u0131 il\u0259 ba\u011fl\u0131 qanunvericiliy\u0259 \u0259lav\u0259 v\u0259 m\u00fc\u0259yy\u0259n d\u0259yi\u015filikl\u0259rin edilm\u0259si m\u0259s\u0259l\u0259si aidiyy\u0259ti qurumlarda bax\u0131lma \u0259r\u0259f\u0259sind\u0259 oldu\u011fundan arxa, yan \u015f\u00fc\u015f\u0259l\u0259rd\u0259 jal\u00fcz v\u0259 plyonka istifad\u0259 edilm\u0259sin\u0259 g\u00f6r\u0259 s\u00fcr\u00fcc\u00fcl\u0259r bar\u0259sind\u0259 haz\u0131rda inzibati t\u0259nbeh g\u00f6r\u00fclm\u00fcr.<\/p>\n<p>Lakin h\u00fcquq\u015f\u00fcnaslar haz\u0131rk\u0131 qanunun q\u00fcvv\u0259d\u0259 oldu\u011funu, qanunvericiliy\u0259 d\u0259yi\u015fiklik edil\u0259n\u0259d\u0259k bu t\u0259l\u0259bin icra olunmal\u0131 oldu\u011funu ir\u0259li s\u00fcr\u00fcrl\u0259r.<\/p>\n<p>H\u00fcquq-m\u00fchafiz\u0259 orqanlar\u0131ndak\u0131 m\u0259nb\u0259d\u0259n &#8220;Qafqazinfo&#8221;ya bildirilib ki, s\u00fcr\u00fcc\u00fcl\u0259rd\u0259 bu m\u0259s\u0259l\u0259 il\u0259 ba\u011fl\u0131 h\u0259r hans\u0131 \u015f\u00fcbh\u0259 yaranmas\u0131na \u0259sas yoxdur: &#8220;Bu m\u0259s\u0259l\u0259 Daxili \u0130\u015fl\u0259r Naziri, general-polkovnik Vilay\u0259t Eyvazovun n\u0259zar\u0259tind\u0259dir. Bu istiqam\u0259td\u0259 b\u00fct\u00fcn add\u0131mlar onun tap\u015f\u0131r\u0131\u011f\u0131 il\u0259 h\u0259yata ke\u00e7irilir. Nazir Vilay\u0259t Eyvazovun s\u00fcr\u00fcc\u00fcl\u0259rin, v\u0259t\u0259nda\u015flar\u0131n ziyan\u0131na ola bil\u0259c\u0259k h\u0259r hans\u0131 q\u0259rar verm\u0259y\u0259c\u0259yin\u0259 \u0259min ola bil\u0259rsiniz&#8221;.<\/p>\n","protected":false},"excerpt":{"rendered":"<p>Bir ne\u00e7\u0259 g\u00fcnd\u00fcr ki, Az\u0259rbaycanda s\u00fcr\u00fcc\u00fcl\u0259r\u0259 \u015ftorka v\u0259 jal\u00fczd\u0259n istifad\u0259 \u00fc\u00e7\u00fcn verilmi\u015f m\u00f6vs\u00fcml\u00fck icaz\u0259 m\u00fcdd\u0259ti ba\u015fa \u00e7atsa da, he\u00e7 bir inzibati t\u0259nbeh g\u00f6r\u00fclm\u00fcr. &#8220;Qafqazinfo&#8221;ya m\u00fcraci\u0259t ed\u0259n bir \u00e7ox s\u00fcr\u00fcc\u00fc &#8220;biz plyonkan\u0131 s\u00f6km\u0259s\u0259k, h\u0259qiq\u0259t\u0259n c\u0259rim\u0259 etm\u0259y\u0259c\u0259kl\u0259r?&#8221; dey\u0259 sual \u00fcnvanlay\u0131blar. Bu ild\u0259n etibar\u0259n bu qada\u011fan\u0131n aradan qalxaca\u011f\u0131, daha s\u00fcr\u00fcc\u00fcl\u0259rin c\u0259rim\u0259 olunmayaca\u011f\u0131 deyils\u0259 d\u0259, v\u0259t\u0259nda\u015flar h\u0259l\u0259 d\u0259 bu m\u0259s\u0259l\u0259y\u0259 \u015f\u00fcbh\u0259li yana\u015f\u0131rlar. Noyabr\u0131n 15-i g\u00fcn sosial \u015f\u0259b\u0259k\u0259l\u0259rd\u0259 Ba\u015f D\u00f6vl\u0259t Yol Polisi \u0130dar\u0259sinin r\u0259isi, general-mayor Ramiz Zeynalovun ad\u0131ndan imzalanan s\u0259n\u0259d d\u0259 yay\u0131l\u0131b. S\u0259n\u0259dd\u0259 Ramiz Zeynalovun g\u00f6st\u0259ri\u015fin\u0259 \u0259sas\u0259n, n\u0259qliyyat vasit\u0259l\u0259rinin arxa v\u0259 arxa yan \u015f\u00fc\u015f\u0259l\u0259rind\u0259 plyonka&hellip;<\/p>\n","protected":false},"author":2,"featured_media":97684,"comment_status":"closed","ping_status":"closed","sticky":false,"template":"","format":"standard","meta":{"om_disable_all_campaigns":false,"_monsterinsights_skip_tracking":false,"_monsterinsights_sitenote_active":false,"_monsterinsights_sitenote_note":"","_monsterinsights_sitenote_category":0},"categories":[1],"tags":[],"aioseo_notices":[],"gutentor_comment":0,"rttpg_featured_image_url":{"full":["https:\/\/arantv.az\/wp-content\/uploads\/2019\/11\/157407811011381405995dd2869e493e4.jpg",549,345,false],"landscape":["https:\/\/arantv.az\/wp-content\/uploads\/2019\/11\/157407811011381405995dd2869e493e4.jpg",549,345,false],"portraits":["https:\/\/arantv.az\/wp-content\/uploads\/2019\/11\/157407811011381405995dd2869e493e4.jpg",549,345,false],"thumbnail":["https:\/\/arantv.az\/wp-content\/uploads\/2019\/11\/157407811011381405995dd2869e493e4-150x150.jpg",150,150,true],"medium":["https:\/\/arantv.az\/wp-content\/uploads\/2019\/11\/157407811011381405995dd2869e493e4-300x189.jpg",300,189,true],"large":["https:\/\/arantv.az\/wp-content\/uploads\/2019\/11\/157407811011381405995dd2869e493e4.jpg",549,345,false],"1536x1536":["https:\/\/arantv.az\/wp-content\/uploads\/2019\/11\/157407811011381405995dd2869e493e4.jpg",549,345,false],"2048x2048":["https:\/\/arantv.az\/wp-content\/uploads\/2019\/11\/157407811011381405995dd2869e493e4.jpg",549,345,false],"post-thumbnail":["https:\/\/arantv.az\/wp-content\/uploads\/2019\/11\/157407811011381405995dd2869e493e4-240x172.jpg",240,172,true],"advps-thumb-one":["https:\/\/arantv.az\/wp-content\/uploads\/2019\/11\/157407811011381405995dd2869e493e4.jpg",549,345,false]},"rttpg_author":{"display_name":"V\u00fcsal Rafiqo\u011flu","author_link":"https:\/\/arantv.az\/?author=2"},"rttpg_comment":0,"rttpg_category":"<a href=\"https:\/\/arantv.az\/?cat=1\" rel=\"category\">C\u0259miyy\u0259t<\/a>","rttpg_excerpt":"Bir ne\u00e7\u0259 g\u00fcnd\u00fcr ki, Az\u0259rbaycanda s\u00fcr\u00fcc\u00fcl\u0259r\u0259 \u015ftorka v\u0259 jal\u00fczd\u0259n istifad\u0259 \u00fc\u00e7\u00fcn verilmi\u015f m\u00f6vs\u00fcml\u00fck icaz\u0259 m\u00fcdd\u0259ti ba\u015fa \u00e7atsa da, he\u00e7 bir inzibati t\u0259nbeh g\u00f6r\u00fclm\u00fcr. &#8220;Qafqazinfo&#8221;ya m\u00fcraci\u0259t ed\u0259n bir \u00e7ox s\u00fcr\u00fcc\u00fc &#8220;biz plyonkan\u0131 s\u00f6km\u0259s\u0259k, h\u0259qiq\u0259t\u0259n c\u0259rim\u0259 etm\u0259y\u0259c\u0259kl\u0259r?&#8221; dey\u0259 sual \u00fcnvanlay\u0131blar. Bu ild\u0259n etibar\u0259n bu qada\u011fan\u0131n aradan qalxaca\u011f\u0131, daha s\u00fcr\u00fcc\u00fcl\u0259rin c\u0259rim\u0259 olunmayaca\u011f\u0131 deyils\u0259 d\u0259, v\u0259t\u0259nda\u015flar h\u0259l\u0259 d\u0259 bu&hellip;","_links":{"self":[{"href":"https:\/\/arantv.az\/index.php?rest_route=\/wp\/v2\/posts\/97683"}],"collection":[{"href":"https:\/\/arantv.az\/index.php?rest_route=\/wp\/v2\/posts"}],"about":[{"href":"https:\/\/arantv.az\/index.php?rest_route=\/wp\/v2\/types\/post"}],"author":[{"embeddable":true,"href":"https:\/\/arantv.az\/index.php?rest_route=\/wp\/v2\/users\/2"}],"replies":[{"embeddable":true,"href":"https:\/\/arantv.az\/index.php?rest_route=%2Fwp%2Fv2%2Fcomments&post=97683"}],"version-history":[{"count":0,"href":"https:\/\/arantv.az\/index.php?rest_route=\/wp\/v2\/posts\/97683\/revisions"}],"wp:featuredmedia":[{"embeddable":true,"href":"https:\/\/arantv.az\/index.php?rest_route=\/wp\/v2\/media\/97684"}],"wp:attachment":[{"href":"https:\/\/arantv.az\/index.php?rest_route=%2Fwp%2Fv2%2Fmedia&parent=97683"}],"wp:term":[{"taxonomy":"category","embeddable":true,"href":"https:\/\/arantv.az\/index.php?rest_route=%2Fwp%2Fv2%2Fcategories&post=97683"},{"taxonomy":"post_tag","embeddable":true,"href":"https:\/\/arantv.az\/index.php?rest_route=%2Fwp%2Fv2%2Ftags&post=97683"}],"curies":[{"name":"wp","href":"https:\/\/api.w.org\/{rel}","templated":true}]}}