{"id":97687,"date":"2019-11-18T15:33:03","date_gmt":"2019-11-18T12:33:03","guid":{"rendered":"http:\/\/arantv.az\/?p=97687"},"modified":"2019-11-18T15:33:03","modified_gmt":"2019-11-18T12:33:03","slug":"c%c9%99lil-m%c9%99mm%c9%99dquluzad%c9%99nin-n%c9%99tic%c9%99si-prezident%c9%99-t%c9%99s%c9%99kkur-etdi","status":"publish","type":"post","link":"https:\/\/arantv.az\/?p=97687","title":{"rendered":"C\u0259lil M\u0259mm\u0259dquluzad\u0259nin n\u0259tic\u0259si Prezident\u0259 t\u0259\u015f\u0259kk\u00fcr etdi"},"content":{"rendered":"<p>&#8220;M\u0259n Az\u0259rbaycan Prezidenti \u0130lham \u018fliyev\u0259 ulu babam C\u0259lil M\u0259mm\u0259dquluzad\u0259nin 150 illiyinin qeyd olunmas\u0131 il\u0259 ba\u011fl\u0131 s\u0259r\u0259ncam imzalad\u0131\u011f\u0131na g\u00f6r\u0259 t\u0259\u015f\u0259kk\u00fcr\u00fcm\u00fc bildirir\u0259m&#8221;.<\/p>\n<p><strong>ARANTV.AZ\u00a0<\/strong> x\u0259b\u0259r verir ki, bunu C\u0259lil M\u0259mm\u0259dquluzad\u0259nin n\u0259tic\u0259si Martin Cavan\u015firi \u0259dibin 150 illiyin\u0259 h\u0259sr olunmu\u015f beyn\u0259lxalq elmi-praktik konfransda \u00e7\u0131x\u0131\u015f\u0131 zaman\u0131 deyib.<\/p>\n<div><\/div>\n<p>O eyni zamanda Az\u0259rbaycan\u0131n M\u0259d\u0259niyy\u0259t Nazirliyin\u0259, AMEA-n\u0131n vitse-prezidenti \u0130sa H\u0259bib\u0259yliy\u0259 v\u0259 dig\u0259r t\u0259\u015fkilat\u00e7\u0131lara da t\u0259\u015f\u0259kk\u00fcr edib.<\/p>\n<p>M.Cavan\u015firi Az\u0259rbaycan xalq\u0131n\u0131n qonaqp\u0259rv\u0259rliyind\u0259n m\u0259mnun oldu\u011funu vur\u011fulay\u0131b: &#8220;M\u0259n f\u0259xr edir\u0259m ki, babam C\u0259lil M\u0259mm\u0259dquluzad\u0259 Az\u0259rbaycan xalq\u0131 \u00fc\u00e7\u00fcn bu q\u0259d\u0259r d\u0259y\u0259rli bir \u015f\u0259xsdir. T\u0259\u0259ss\u00fcfl\u0259r olsun ki, m\u0259n ulu babam\u0131n anadan oldu\u011fu yerd\u0259n k\u0259nara d\u00fc\u015fd\u00fcm. \u0130ki g\u00fcnd\u00fcr ki, Az\u0259rbaycana g\u0259lmi\u015f\u0259m, bu m\u00fcdd\u0259t \u0259rzind\u0259 Az\u0259rbaycan xalq\u0131n\u0131n qonaqp\u0259rv\u0259rliyi v\u0259 s\u0259mimiliyini hiss edir\u0259m. Bu iki g\u00fcn \u0259rzind\u0259 C\u0259lil M\u0259mm\u0259dquluzad\u0259nin Az\u0259rbaycan c\u0259miyy\u0259tind\u0259 oynad\u0131\u011f\u0131 rolu haqq\u0131nda m\u0259lumatlanm\u0131\u015fam. \u0130ndiy\u0259 q\u0259d\u0259r t\u0259s\u0259vv\u00fcr\u00fcm\u0259 g\u0259tir\u0259 bilm\u0259zdim ki, babam bu q\u0259d\u0259r \u0259h\u0259miyy\u0259tli bir \u015f\u0259xsdir&#8221;.<\/p>\n<p>O, bundan sonra Az\u0259rbaycan\u0131n tarixi v\u0259 m\u0259d\u0259niyy\u0259tini daha da d\u0259rind\u0259n \u00f6yr\u0259n\u0259c\u0259yini qeyd edib: &#8220;D\u00fcn\u0259n \u015e\u0259hidl\u0259r xiyaban\u0131nda v\u0259 \u018fd\u0259biyyat muzeyind\u0259 oldum. Bu g\u00fcn is\u0259 ulu babam\u0131n\u0131n m\u0259zar\u0131n\u0131 ziyar\u0259t etdik v\u0259 ev muzeyinin a\u00e7\u0131l\u0131\u015f\u0131nda olduq. Bundan sonra \u00e7al\u0131\u015faca\u011fam ki, Az\u0259rbaycan\u0131 daha da d\u0259rind\u0259n \u00f6yr\u0259nim. Haz\u0131rda m\u0259nim o\u011flum da burdad\u0131r. \u00dcmid edir\u0259m k, o\u011flum m\u0259nim \u0259ld\u0259 ed\u0259 bilm\u0259diyim m\u0259lumatlar\u0131 \u0259ld\u0259 ed\u0259c\u0259k. Bir ne\u00e7\u0259 g\u00fcn \u00f6nc\u0259 Pol\u015fadan Az\u0259rbaycana g\u0259lm\u0259k \u00fc\u00e7\u00fcn viza ald\u0131m. Amma Az\u0259rbaycan\u0131n hava liman\u0131na g\u0259l\u0259nd\u0259 m\u0259lum oldu ki, c\u00fczi bir s\u0259hv var. M\u0259ni viza b\u00f6lm\u0259sin\u0259 apard\u0131lar, ancaq \u0259m\u0259kda\u015flar pasportuma baxan kimi C\u0259lil M\u0259mm\u0259dquluzad\u0259nin n\u0259slind\u0259n oldu\u011fumu dedil\u0259r. M\u0259n f\u0259xr edir\u0259m ku, m\u0259nim ulu babam C\u0259lil M\u0259mm\u0259dquluzad\u0259dir&#8221;.Unikal.org<\/p>\n","protected":false},"excerpt":{"rendered":"<p>&#8220;M\u0259n Az\u0259rbaycan Prezidenti \u0130lham \u018fliyev\u0259 ulu babam C\u0259lil M\u0259mm\u0259dquluzad\u0259nin 150 illiyinin qeyd olunmas\u0131 il\u0259 ba\u011fl\u0131 s\u0259r\u0259ncam imzalad\u0131\u011f\u0131na g\u00f6r\u0259 t\u0259\u015f\u0259kk\u00fcr\u00fcm\u00fc bildirir\u0259m&#8221;. ARANTV.AZ\u00a0 x\u0259b\u0259r verir ki, bunu C\u0259lil M\u0259mm\u0259dquluzad\u0259nin n\u0259tic\u0259si Martin Cavan\u015firi \u0259dibin 150 illiyin\u0259 h\u0259sr olunmu\u015f beyn\u0259lxalq elmi-praktik konfransda \u00e7\u0131x\u0131\u015f\u0131 zaman\u0131 deyib. O eyni zamanda Az\u0259rbaycan\u0131n M\u0259d\u0259niyy\u0259t Nazirliyin\u0259, AMEA-n\u0131n vitse-prezidenti \u0130sa H\u0259bib\u0259yliy\u0259 v\u0259 dig\u0259r t\u0259\u015fkilat\u00e7\u0131lara da t\u0259\u015f\u0259kk\u00fcr edib. M.Cavan\u015firi Az\u0259rbaycan xalq\u0131n\u0131n qonaqp\u0259rv\u0259rliyind\u0259n m\u0259mnun oldu\u011funu vur\u011fulay\u0131b: &#8220;M\u0259n f\u0259xr edir\u0259m ki, babam C\u0259lil M\u0259mm\u0259dquluzad\u0259 Az\u0259rbaycan xalq\u0131 \u00fc\u00e7\u00fcn bu q\u0259d\u0259r d\u0259y\u0259rli bir \u015f\u0259xsdir. T\u0259\u0259ss\u00fcfl\u0259r olsun ki, m\u0259n ulu babam\u0131n anadan oldu\u011fu yerd\u0259n k\u0259nara d\u00fc\u015fd\u00fcm.&hellip;<\/p>\n","protected":false},"author":2,"featured_media":97688,"comment_status":"closed","ping_status":"closed","sticky":false,"template":"","format":"standard","meta":{"om_disable_all_campaigns":false,"_monsterinsights_skip_tracking":false,"_monsterinsights_sitenote_active":false,"_monsterinsights_sitenote_note":"","_monsterinsights_sitenote_category":0},"categories":[1],"tags":[],"aioseo_notices":[],"gutentor_comment":0,"rttpg_featured_image_url":{"full":["https:\/\/arantv.az\/wp-content\/uploads\/2019\/11\/1574079667.719408c6-122d-4400-9aa8-63b320263eed.jpg",549,366,false],"landscape":["https:\/\/arantv.az\/wp-content\/uploads\/2019\/11\/1574079667.719408c6-122d-4400-9aa8-63b320263eed.jpg",549,366,false],"portraits":["https:\/\/arantv.az\/wp-content\/uploads\/2019\/11\/1574079667.719408c6-122d-4400-9aa8-63b320263eed.jpg",549,366,false],"thumbnail":["https:\/\/arantv.az\/wp-content\/uploads\/2019\/11\/1574079667.719408c6-122d-4400-9aa8-63b320263eed-150x150.jpg",150,150,true],"medium":["https:\/\/arantv.az\/wp-content\/uploads\/2019\/11\/1574079667.719408c6-122d-4400-9aa8-63b320263eed-300x200.jpg",300,200,true],"large":["https:\/\/arantv.az\/wp-content\/uploads\/2019\/11\/1574079667.719408c6-122d-4400-9aa8-63b320263eed.jpg",549,366,false],"1536x1536":["https:\/\/arantv.az\/wp-content\/uploads\/2019\/11\/1574079667.719408c6-122d-4400-9aa8-63b320263eed.jpg",549,366,false],"2048x2048":["https:\/\/arantv.az\/wp-content\/uploads\/2019\/11\/1574079667.719408c6-122d-4400-9aa8-63b320263eed.jpg",549,366,false],"post-thumbnail":["https:\/\/arantv.az\/wp-content\/uploads\/2019\/11\/1574079667.719408c6-122d-4400-9aa8-63b320263eed-240x172.jpg",240,172,true],"advps-thumb-one":["https:\/\/arantv.az\/wp-content\/uploads\/2019\/11\/1574079667.719408c6-122d-4400-9aa8-63b320263eed.jpg",549,366,false]},"rttpg_author":{"display_name":"V\u00fcsal Rafiqo\u011flu","author_link":"https:\/\/arantv.az\/?author=2"},"rttpg_comment":0,"rttpg_category":"<a href=\"https:\/\/arantv.az\/?cat=1\" rel=\"category\">C\u0259miyy\u0259t<\/a>","rttpg_excerpt":"&#8220;M\u0259n Az\u0259rbaycan Prezidenti \u0130lham \u018fliyev\u0259 ulu babam C\u0259lil M\u0259mm\u0259dquluzad\u0259nin 150 illiyinin qeyd olunmas\u0131 il\u0259 ba\u011fl\u0131 s\u0259r\u0259ncam imzalad\u0131\u011f\u0131na g\u00f6r\u0259 t\u0259\u015f\u0259kk\u00fcr\u00fcm\u00fc bildirir\u0259m&#8221;. ARANTV.AZ\u00a0 x\u0259b\u0259r verir ki, bunu C\u0259lil M\u0259mm\u0259dquluzad\u0259nin n\u0259tic\u0259si Martin Cavan\u015firi \u0259dibin 150 illiyin\u0259 h\u0259sr olunmu\u015f beyn\u0259lxalq elmi-praktik konfransda \u00e7\u0131x\u0131\u015f\u0131 zaman\u0131 deyib. O eyni zamanda Az\u0259rbaycan\u0131n M\u0259d\u0259niyy\u0259t Nazirliyin\u0259, AMEA-n\u0131n vitse-prezidenti \u0130sa H\u0259bib\u0259yliy\u0259 v\u0259 dig\u0259r t\u0259\u015fkilat\u00e7\u0131lara da&hellip;","_links":{"self":[{"href":"https:\/\/arantv.az\/index.php?rest_route=\/wp\/v2\/posts\/97687"}],"collection":[{"href":"https:\/\/arantv.az\/index.php?rest_route=\/wp\/v2\/posts"}],"about":[{"href":"https:\/\/arantv.az\/index.php?rest_route=\/wp\/v2\/types\/post"}],"author":[{"embeddable":true,"href":"https:\/\/arantv.az\/index.php?rest_route=\/wp\/v2\/users\/2"}],"replies":[{"embeddable":true,"href":"https:\/\/arantv.az\/index.php?rest_route=%2Fwp%2Fv2%2Fcomments&post=97687"}],"version-history":[{"count":0,"href":"https:\/\/arantv.az\/index.php?rest_route=\/wp\/v2\/posts\/97687\/revisions"}],"wp:featuredmedia":[{"embeddable":true,"href":"https:\/\/arantv.az\/index.php?rest_route=\/wp\/v2\/media\/97688"}],"wp:attachment":[{"href":"https:\/\/arantv.az\/index.php?rest_route=%2Fwp%2Fv2%2Fmedia&parent=97687"}],"wp:term":[{"taxonomy":"category","embeddable":true,"href":"https:\/\/arantv.az\/index.php?rest_route=%2Fwp%2Fv2%2Fcategories&post=97687"},{"taxonomy":"post_tag","embeddable":true,"href":"https:\/\/arantv.az\/index.php?rest_route=%2Fwp%2Fv2%2Ftags&post=97687"}],"curies":[{"name":"wp","href":"https:\/\/api.w.org\/{rel}","templated":true}]}}