{"id":97691,"date":"2019-11-18T15:35:35","date_gmt":"2019-11-18T12:35:35","guid":{"rendered":"http:\/\/arantv.az\/?p=97691"},"modified":"2019-11-18T15:35:35","modified_gmt":"2019-11-18T12:35:35","slug":"nazirlik-qadinlarin-olduyu-hadis%c9%99-il%c9%99-bagli-m%c9%99lumat-yaydi","status":"publish","type":"post","link":"https:\/\/arantv.az\/?p=97691","title":{"rendered":"Nazirlik qad\u0131nlar\u0131n \u00f6ld\u00fcy\u00fc hadis\u0259 il\u0259 ba\u011fl\u0131 m\u0259lumat yayd\u0131"},"content":{"rendered":"<p><strong>Daxili \u0130\u015fl\u0259r Nazirliyi Bak\u0131-quba yolunda ba\u015f vermi\u015f a\u011f\u0131r yol q\u0259zas\u0131 il\u0259 ba\u011fl\u0131 m\u0259lumat yay\u0131b.<\/strong><\/p>\n<p><strong>ARANTV.AZ<\/strong>\u00a0 x\u0259b\u0259r verir ki, noyabr\u0131n 17-d\u0259 saat 20 rad\u0259l\u0259rind\u0259 X\u0131z\u0131 rayonunun Gil\u0259zi k\u0259ndi \u0259razisind\u0259 k\u0259nd sakini R.R\u0259himovun idar\u0259 etdiyi \u201cKamAZ\u201d v\u0259 Xa\u00e7maz rayon sakini H.Salamovun idar\u0259 etdiyi \u201cVAZ-21010\u201d markal\u0131 avtomobill\u0259r toqqu\u015fub. N\u0259tic\u0259d\u0259 H.Salamov v\u0259 s\u0259rni\u015finl\u0259ri &#8211; G\u00fclnaz Salamova v\u0259 Oksana \u018fliyeva x\u0259st\u0259xanaya yerl\u0259\u015fdirilibl\u0259r. G.Salamova v\u0259 O.\u018fliyeva orada \u00f6l\u00fcbl\u0259r.<\/p>\n<p>Ba\u015f \u0130stintaq v\u0259 T\u0259hqiqat \u0130dar\u0259si t\u0259r\u0259find\u0259n ara\u015fd\u0131rma apar\u0131l\u0131r.Publika.az<\/p>\n","protected":false},"excerpt":{"rendered":"<p>Daxili \u0130\u015fl\u0259r Nazirliyi Bak\u0131-quba yolunda ba\u015f vermi\u015f a\u011f\u0131r yol q\u0259zas\u0131 il\u0259 ba\u011fl\u0131 m\u0259lumat yay\u0131b. ARANTV.AZ\u00a0 x\u0259b\u0259r verir ki, noyabr\u0131n 17-d\u0259 saat 20 rad\u0259l\u0259rind\u0259 X\u0131z\u0131 rayonunun Gil\u0259zi k\u0259ndi \u0259razisind\u0259 k\u0259nd sakini R.R\u0259himovun idar\u0259 etdiyi \u201cKamAZ\u201d v\u0259 Xa\u00e7maz rayon sakini H.Salamovun idar\u0259 etdiyi \u201cVAZ-21010\u201d markal\u0131 avtomobill\u0259r toqqu\u015fub. N\u0259tic\u0259d\u0259 H.Salamov v\u0259 s\u0259rni\u015finl\u0259ri &#8211; G\u00fclnaz Salamova v\u0259 Oksana \u018fliyeva x\u0259st\u0259xanaya yerl\u0259\u015fdirilibl\u0259r. G.Salamova v\u0259 O.\u018fliyeva orada \u00f6l\u00fcbl\u0259r. Ba\u015f \u0130stintaq v\u0259 T\u0259hqiqat \u0130dar\u0259si t\u0259r\u0259find\u0259n ara\u015fd\u0131rma apar\u0131l\u0131r.Publika.az<\/p>\n","protected":false},"author":2,"featured_media":97692,"comment_status":"closed","ping_status":"closed","sticky":false,"template":"","format":"standard","meta":{"om_disable_all_campaigns":false,"_monsterinsights_skip_tracking":false,"_monsterinsights_sitenote_active":false,"_monsterinsights_sitenote_note":"","_monsterinsights_sitenote_category":0},"categories":[5],"tags":[],"aioseo_notices":[],"gutentor_comment":0,"rttpg_featured_image_url":{"full":["https:\/\/arantv.az\/wp-content\/uploads\/2019\/11\/meyit-3.jpg",800,450,false],"landscape":["https:\/\/arantv.az\/wp-content\/uploads\/2019\/11\/meyit-3.jpg",800,450,false],"portraits":["https:\/\/arantv.az\/wp-content\/uploads\/2019\/11\/meyit-3.jpg",800,450,false],"thumbnail":["https:\/\/arantv.az\/wp-content\/uploads\/2019\/11\/meyit-3-150x150.jpg",150,150,true],"medium":["https:\/\/arantv.az\/wp-content\/uploads\/2019\/11\/meyit-3-300x169.jpg",300,169,true],"large":["https:\/\/arantv.az\/wp-content\/uploads\/2019\/11\/meyit-3.jpg",640,360,false],"1536x1536":["https:\/\/arantv.az\/wp-content\/uploads\/2019\/11\/meyit-3.jpg",800,450,false],"2048x2048":["https:\/\/arantv.az\/wp-content\/uploads\/2019\/11\/meyit-3.jpg",800,450,false],"post-thumbnail":["https:\/\/arantv.az\/wp-content\/uploads\/2019\/11\/meyit-3-240x172.jpg",240,172,true],"advps-thumb-one":["https:\/\/arantv.az\/wp-content\/uploads\/2019\/11\/meyit-3.jpg",800,450,false]},"rttpg_author":{"display_name":"V\u00fcsal Rafiqo\u011flu","author_link":"https:\/\/arantv.az\/?author=2"},"rttpg_comment":0,"rttpg_category":"<a href=\"https:\/\/arantv.az\/?cat=5\" rel=\"category\">Hadis\u0259<\/a>","rttpg_excerpt":"Daxili \u0130\u015fl\u0259r Nazirliyi Bak\u0131-quba yolunda ba\u015f vermi\u015f a\u011f\u0131r yol q\u0259zas\u0131 il\u0259 ba\u011fl\u0131 m\u0259lumat yay\u0131b. ARANTV.AZ\u00a0 x\u0259b\u0259r verir ki, noyabr\u0131n 17-d\u0259 saat 20 rad\u0259l\u0259rind\u0259 X\u0131z\u0131 rayonunun Gil\u0259zi k\u0259ndi \u0259razisind\u0259 k\u0259nd sakini R.R\u0259himovun idar\u0259 etdiyi \u201cKamAZ\u201d v\u0259 Xa\u00e7maz rayon sakini H.Salamovun idar\u0259 etdiyi \u201cVAZ-21010\u201d markal\u0131 avtomobill\u0259r toqqu\u015fub. N\u0259tic\u0259d\u0259 H.Salamov v\u0259 s\u0259rni\u015finl\u0259ri &#8211; G\u00fclnaz Salamova v\u0259 Oksana \u018fliyeva&hellip;","_links":{"self":[{"href":"https:\/\/arantv.az\/index.php?rest_route=\/wp\/v2\/posts\/97691"}],"collection":[{"href":"https:\/\/arantv.az\/index.php?rest_route=\/wp\/v2\/posts"}],"about":[{"href":"https:\/\/arantv.az\/index.php?rest_route=\/wp\/v2\/types\/post"}],"author":[{"embeddable":true,"href":"https:\/\/arantv.az\/index.php?rest_route=\/wp\/v2\/users\/2"}],"replies":[{"embeddable":true,"href":"https:\/\/arantv.az\/index.php?rest_route=%2Fwp%2Fv2%2Fcomments&post=97691"}],"version-history":[{"count":0,"href":"https:\/\/arantv.az\/index.php?rest_route=\/wp\/v2\/posts\/97691\/revisions"}],"wp:featuredmedia":[{"embeddable":true,"href":"https:\/\/arantv.az\/index.php?rest_route=\/wp\/v2\/media\/97692"}],"wp:attachment":[{"href":"https:\/\/arantv.az\/index.php?rest_route=%2Fwp%2Fv2%2Fmedia&parent=97691"}],"wp:term":[{"taxonomy":"category","embeddable":true,"href":"https:\/\/arantv.az\/index.php?rest_route=%2Fwp%2Fv2%2Fcategories&post=97691"},{"taxonomy":"post_tag","embeddable":true,"href":"https:\/\/arantv.az\/index.php?rest_route=%2Fwp%2Fv2%2Ftags&post=97691"}],"curies":[{"name":"wp","href":"https:\/\/api.w.org\/{rel}","templated":true}]}}