{"id":97695,"date":"2019-11-18T15:41:43","date_gmt":"2019-11-18T12:41:43","guid":{"rendered":"http:\/\/arantv.az\/?p=97695"},"modified":"2019-11-18T15:41:43","modified_gmt":"2019-11-18T12:41:43","slug":"az%c9%99rbaycan-prezidenti-naxcivan-ordusu-%c9%99n-muasir-silahlarla-t%c9%99chiz-edilib-texnikanin-alinmasi-t%c9%99skil-olunub-v%c9%99-bu-proses-davam-etdirilir","status":"publish","type":"post","link":"https:\/\/arantv.az\/?p=97695","title":{"rendered":"Az\u0259rbaycan Prezidenti: &#8220;Nax\u00e7\u0131van ordusu \u0259n m\u00fcasir silahlarla t\u0259chiz edilib, texnikan\u0131n al\u0131nmas\u0131 t\u0259\u015fkil olunub v\u0259 bu proses davam etdirilir&#8221;"},"content":{"rendered":"<p>&#8220;Nax\u00e7\u0131van ordusu \u0259n m\u00fcasir silahlarla t\u0259chiz edilib, texnikan\u0131n al\u0131nmas\u0131 t\u0259\u015fkil olunub v\u0259 bu proses davam etdirilir&#8221;.<\/p>\n<p><strong>ARANTV.AZ<\/strong>\u00a0<a href=\"https:\/\/azertag.az\/\" target=\"_blank\" rel=\"noopener\">AZ\u018fRTAC<\/a>-a istinad\u0259n x\u0259b\u0259r verir ki, bunu Az\u0259rbaycan Respublikas\u0131n\u0131n Prezidenti \u0130lham \u018fliyev Nax\u00e7\u0131van Muxtar Respublikas\u0131 Ali M\u0259clisinin S\u0259dri Vasif Tal\u0131bovu q\u0259bul ed\u0259rk\u0259n deyib.<\/p>\n<p>Prezident \u0130lham \u018fliyev qeyd edib: &#8220;Nax\u00e7\u0131van Muxtar Respublikas\u0131n\u0131n inki\u015faf\u0131 daim diqq\u0259t m\u0259rk\u0259zind\u0259dir. Respublikada ged\u0259n abadl\u0131q-quruculuq i\u015fl\u0259ri m\u0259ni \u00e7ox sevindirir. Nax\u00e7\u0131van son ill\u0259r \u0259rzind\u0259 b\u00f6y\u00fck d\u0259r\u0259c\u0259d\u0259 inki\u015faf etmi\u015fdir, h\u0259m sosial sah\u0259d\u0259, iqtisadi sah\u0259d\u0259, s\u0259naye potensial\u0131n\u0131n m\u00f6hk\u0259ml\u0259ndirilm\u0259si istiqam\u0259tind\u0259 b\u00f6y\u00fck add\u0131mlar at\u0131lm\u0131\u015fd\u0131r. Bu, \u00e7ox sevindiricidir. X\u00fcsusil\u0259 n\u0259z\u0259r\u0259 alsaq ki, Nax\u00e7\u0131van uzun ill\u0259r \u0259rzind\u0259 m\u00fchasir\u0259 \u015f\u0259raitind\u0259 ya\u015fay\u0131r, \u00fc\u00e7 t\u0259r\u0259fd\u0259n d\u00fc\u015fm\u0259nl\u0259 \u0259hat\u0259 olunub. Buna baxmayaraq, respublika ya\u015fay\u0131r, g\u00fccl\u0259nir v\u0259 b\u00f6y\u00fck inki\u015faf yolunu davam etdirir.<\/p>\n<p>\u00c7\u0259tin co\u011frafi v\u0259ziyy\u0259ti n\u0259z\u0259r\u0259 alaraq, ilk n\u00f6vb\u0259d\u0259, Nax\u00e7\u0131vanda t\u0259hl\u00fck\u0259sizlik t\u0259dbirl\u0259ri diqq\u0259t m\u0259rk\u0259zind\u0259dir. Son ill\u0259r \u0259rzind\u0259 bu istiqam\u0259td\u0259 b\u00f6y\u00fck i\u015fl\u0259r g\u00f6r\u00fcl\u00fcb, ordu quruculu\u011fu sah\u0259sind\u0259 b\u00f6y\u00fck inki\u015faf var. Bu g\u00fcn Nax\u00e7\u0131van ordusu \u0259n m\u00fcasir silahlarla t\u0259chiz edilib, texnikan\u0131n al\u0131nmas\u0131 t\u0259\u015fkil olunub v\u0259 bu proses davam etdirilir&#8221;.<\/p>\n","protected":false},"excerpt":{"rendered":"<p>&#8220;Nax\u00e7\u0131van ordusu \u0259n m\u00fcasir silahlarla t\u0259chiz edilib, texnikan\u0131n al\u0131nmas\u0131 t\u0259\u015fkil olunub v\u0259 bu proses davam etdirilir&#8221;. ARANTV.AZ\u00a0AZ\u018fRTAC-a istinad\u0259n x\u0259b\u0259r verir ki, bunu Az\u0259rbaycan Respublikas\u0131n\u0131n Prezidenti \u0130lham \u018fliyev Nax\u00e7\u0131van Muxtar Respublikas\u0131 Ali M\u0259clisinin S\u0259dri Vasif Tal\u0131bovu q\u0259bul ed\u0259rk\u0259n deyib. Prezident \u0130lham \u018fliyev qeyd edib: &#8220;Nax\u00e7\u0131van Muxtar Respublikas\u0131n\u0131n inki\u015faf\u0131 daim diqq\u0259t m\u0259rk\u0259zind\u0259dir. Respublikada ged\u0259n abadl\u0131q-quruculuq i\u015fl\u0259ri m\u0259ni \u00e7ox sevindirir. Nax\u00e7\u0131van son ill\u0259r \u0259rzind\u0259 b\u00f6y\u00fck d\u0259r\u0259c\u0259d\u0259 inki\u015faf etmi\u015fdir, h\u0259m sosial sah\u0259d\u0259, iqtisadi sah\u0259d\u0259, s\u0259naye potensial\u0131n\u0131n m\u00f6hk\u0259ml\u0259ndirilm\u0259si istiqam\u0259tind\u0259 b\u00f6y\u00fck add\u0131mlar at\u0131lm\u0131\u015fd\u0131r. Bu, \u00e7ox sevindiricidir. X\u00fcsusil\u0259 n\u0259z\u0259r\u0259 alsaq ki, Nax\u00e7\u0131van uzun ill\u0259r \u0259rzind\u0259 m\u00fchasir\u0259 \u015f\u0259raitind\u0259&hellip;<\/p>\n","protected":false},"author":2,"featured_media":97696,"comment_status":"closed","ping_status":"closed","sticky":false,"template":"","format":"standard","meta":{"om_disable_all_campaigns":false,"_monsterinsights_skip_tracking":false,"_monsterinsights_sitenote_active":false,"_monsterinsights_sitenote_note":"","_monsterinsights_sitenote_category":0},"categories":[4],"tags":[],"aioseo_notices":[],"gutentor_comment":0,"rttpg_featured_image_url":{"full":["https:\/\/arantv.az\/wp-content\/uploads\/2019\/11\/803188.jpg",1200,900,false],"landscape":["https:\/\/arantv.az\/wp-content\/uploads\/2019\/11\/803188.jpg",1200,900,false],"portraits":["https:\/\/arantv.az\/wp-content\/uploads\/2019\/11\/803188.jpg",1200,900,false],"thumbnail":["https:\/\/arantv.az\/wp-content\/uploads\/2019\/11\/803188-150x150.jpg",150,150,true],"medium":["https:\/\/arantv.az\/wp-content\/uploads\/2019\/11\/803188-300x225.jpg",300,225,true],"large":["https:\/\/arantv.az\/wp-content\/uploads\/2019\/11\/803188-1024x768.jpg",640,480,true],"1536x1536":["https:\/\/arantv.az\/wp-content\/uploads\/2019\/11\/803188.jpg",1200,900,false],"2048x2048":["https:\/\/arantv.az\/wp-content\/uploads\/2019\/11\/803188.jpg",1200,900,false],"post-thumbnail":["https:\/\/arantv.az\/wp-content\/uploads\/2019\/11\/803188-240x172.jpg",240,172,true],"advps-thumb-one":["https:\/\/arantv.az\/wp-content\/uploads\/2019\/11\/803188-1200x620.jpg",1200,620,true]},"rttpg_author":{"display_name":"V\u00fcsal Rafiqo\u011flu","author_link":"https:\/\/arantv.az\/?author=2"},"rttpg_comment":0,"rttpg_category":"<a href=\"https:\/\/arantv.az\/?cat=4\" rel=\"category\">Siyas\u0259t<\/a>","rttpg_excerpt":"&#8220;Nax\u00e7\u0131van ordusu \u0259n m\u00fcasir silahlarla t\u0259chiz edilib, texnikan\u0131n al\u0131nmas\u0131 t\u0259\u015fkil olunub v\u0259 bu proses davam etdirilir&#8221;. ARANTV.AZ\u00a0AZ\u018fRTAC-a istinad\u0259n x\u0259b\u0259r verir ki, bunu Az\u0259rbaycan Respublikas\u0131n\u0131n Prezidenti \u0130lham \u018fliyev Nax\u00e7\u0131van Muxtar Respublikas\u0131 Ali M\u0259clisinin S\u0259dri Vasif Tal\u0131bovu q\u0259bul ed\u0259rk\u0259n deyib. Prezident \u0130lham \u018fliyev qeyd edib: &#8220;Nax\u00e7\u0131van Muxtar Respublikas\u0131n\u0131n inki\u015faf\u0131 daim diqq\u0259t m\u0259rk\u0259zind\u0259dir. Respublikada ged\u0259n abadl\u0131q-quruculuq i\u015fl\u0259ri m\u0259ni&hellip;","_links":{"self":[{"href":"https:\/\/arantv.az\/index.php?rest_route=\/wp\/v2\/posts\/97695"}],"collection":[{"href":"https:\/\/arantv.az\/index.php?rest_route=\/wp\/v2\/posts"}],"about":[{"href":"https:\/\/arantv.az\/index.php?rest_route=\/wp\/v2\/types\/post"}],"author":[{"embeddable":true,"href":"https:\/\/arantv.az\/index.php?rest_route=\/wp\/v2\/users\/2"}],"replies":[{"embeddable":true,"href":"https:\/\/arantv.az\/index.php?rest_route=%2Fwp%2Fv2%2Fcomments&post=97695"}],"version-history":[{"count":0,"href":"https:\/\/arantv.az\/index.php?rest_route=\/wp\/v2\/posts\/97695\/revisions"}],"wp:featuredmedia":[{"embeddable":true,"href":"https:\/\/arantv.az\/index.php?rest_route=\/wp\/v2\/media\/97696"}],"wp:attachment":[{"href":"https:\/\/arantv.az\/index.php?rest_route=%2Fwp%2Fv2%2Fmedia&parent=97695"}],"wp:term":[{"taxonomy":"category","embeddable":true,"href":"https:\/\/arantv.az\/index.php?rest_route=%2Fwp%2Fv2%2Fcategories&post=97695"},{"taxonomy":"post_tag","embeddable":true,"href":"https:\/\/arantv.az\/index.php?rest_route=%2Fwp%2Fv2%2Ftags&post=97695"}],"curies":[{"name":"wp","href":"https:\/\/api.w.org\/{rel}","templated":true}]}}