{"id":97707,"date":"2019-11-18T15:57:50","date_gmt":"2019-11-18T12:57:50","guid":{"rendered":"http:\/\/arantv.az\/?p=97707"},"modified":"2019-11-18T15:57:50","modified_gmt":"2019-11-18T12:57:50","slug":"hokum%c9%99t-deputatlarin-budc%c9%99-t%c9%99klifl%c9%99rini-n%c9%99z%c9%99r%c9%99-alacaq","status":"publish","type":"post","link":"https:\/\/arantv.az\/?p=97707","title":{"rendered":"H\u00f6kum\u0259t deputatlar\u0131n b\u00fcdc\u0259 t\u0259klifl\u0259rini n\u0259z\u0259r\u0259 alacaq"},"content":{"rendered":"<p>Noyabr\u0131n 18-d\u0259 Milli M\u0259clisin \u0130qtisadi siyas\u0259t, s\u0259naye v\u0259 sahibkarl\u0131q, M\u00fcdafi\u0259, t\u0259hl\u00fck\u0259sizlik v\u0259 korrupsiya il\u0259 m\u00fcbariz\u0259, T\u0259bii ehtiyatlar, energetika v\u0259 ekologiya, Aqrar siyas\u0259t, \u0130ctimai birlikl\u0259r v\u0259 dini qurumlar komit\u0259l\u0259rinin birg\u0259 iclas\u0131nda 2020-ci il d\u00f6vl\u0259t b\u00fcdc\u0259si layih\u0259si ikinci oxunu\u015fda m\u00fczakir\u0259y\u0259 \u00e7\u0131xar\u0131l\u0131b.<\/p>\n<p><b>ARANTV.AZ<\/b>-\u0131n m\u0259lumat\u0131na g\u00f6r\u0259, Maliyy\u0259 nazirinin m\u00fcavini Az\u0259r Bayramov birinci oxunu\u015f zaman\u0131\u00a0 parlamentd\u0259 ke\u00e7\u0259n g\u0259rgin m\u00fczakir\u0259l\u0259rd\u0259 mill\u0259t v\u0259kill\u0259rinin verdikl\u0259ri t\u0259klifl\u0259r\u0259 bax\u0131ld\u0131\u011f\u0131n\u0131 bildirib.<\/p>\n<p>O qeyd edib ki, g\u0259l\u0259n ilin d\u00f6vl\u0259t b\u00fcdc\u0259sind\u0259 bir s\u0131ra t\u0259klifl\u0259rin n\u0259z\u0259r\u0259 al\u0131nmas\u0131 \u00fc\u00e7\u00fcn \u0259laq\u0259dar nazirlikl\u0259rl\u0259 birg\u0259 m\u0259sl\u0259h\u0259tl\u0259\u015fm\u0259l\u0259r apar\u0131l\u0131r.<\/p>\n<p>\u0130qtisadiyyat nazirinin m\u00fcavini Sevinc H\u0259s\u0259nova bildirib ki, yeni b\u00fcdc\u0259 ilind\u0259 iqtisadiyyat\u0131n \u015fax\u0259l\u0259ndirilm\u0259si, qeyri-neft sektorunun inki\u015faf etdirilm\u0259si, daxili bazarla yana\u015f\u0131, ixrac bazar\u0131n\u0131n da geni\u015fl\u0259ndirilm\u0259si, bir s\u0131ra layih\u0259l\u0259rin ger\u00e7\u0259kl\u0259\u015fm\u0259si \u00fc\u00e7\u00fcn \u00f6z\u0259l investisiyan\u0131n c\u0259lb olunmas\u0131\u00a0prioritet\u00a0m\u0259s\u0259l\u0259l\u0259rd\u0259ndir.<\/p>\n<p>Qanun layih\u0259si ikinci oxunu\u015fda Milli M\u0259clisin plenar iclas\u0131na t\u00f6vsiy\u0259 olunub.Oxu.Az<\/p>\n","protected":false},"excerpt":{"rendered":"<p>Noyabr\u0131n 18-d\u0259 Milli M\u0259clisin \u0130qtisadi siyas\u0259t, s\u0259naye v\u0259 sahibkarl\u0131q, M\u00fcdafi\u0259, t\u0259hl\u00fck\u0259sizlik v\u0259 korrupsiya il\u0259 m\u00fcbariz\u0259, T\u0259bii ehtiyatlar, energetika v\u0259 ekologiya, Aqrar siyas\u0259t, \u0130ctimai birlikl\u0259r v\u0259 dini qurumlar komit\u0259l\u0259rinin birg\u0259 iclas\u0131nda 2020-ci il d\u00f6vl\u0259t b\u00fcdc\u0259si layih\u0259si ikinci oxunu\u015fda m\u00fczakir\u0259y\u0259 \u00e7\u0131xar\u0131l\u0131b. ARANTV.AZ-\u0131n m\u0259lumat\u0131na g\u00f6r\u0259, Maliyy\u0259 nazirinin m\u00fcavini Az\u0259r Bayramov birinci oxunu\u015f zaman\u0131\u00a0 parlamentd\u0259 ke\u00e7\u0259n g\u0259rgin m\u00fczakir\u0259l\u0259rd\u0259 mill\u0259t v\u0259kill\u0259rinin verdikl\u0259ri t\u0259klifl\u0259r\u0259 bax\u0131ld\u0131\u011f\u0131n\u0131 bildirib. O qeyd edib ki, g\u0259l\u0259n ilin d\u00f6vl\u0259t b\u00fcdc\u0259sind\u0259 bir s\u0131ra t\u0259klifl\u0259rin n\u0259z\u0259r\u0259 al\u0131nmas\u0131 \u00fc\u00e7\u00fcn \u0259laq\u0259dar nazirlikl\u0259rl\u0259 birg\u0259 m\u0259sl\u0259h\u0259tl\u0259\u015fm\u0259l\u0259r apar\u0131l\u0131r. \u0130qtisadiyyat nazirinin m\u00fcavini Sevinc H\u0259s\u0259nova bildirib ki, yeni b\u00fcdc\u0259 ilind\u0259 iqtisadiyyat\u0131n&hellip;<\/p>\n","protected":false},"author":2,"featured_media":97708,"comment_status":"closed","ping_status":"closed","sticky":false,"template":"","format":"standard","meta":{"om_disable_all_campaigns":false,"_monsterinsights_skip_tracking":false,"_monsterinsights_sitenote_active":false,"_monsterinsights_sitenote_note":"","_monsterinsights_sitenote_category":0},"categories":[1],"tags":[],"aioseo_notices":[],"gutentor_comment":0,"rttpg_featured_image_url":{"full":["https:\/\/arantv.az\/wp-content\/uploads\/2019\/11\/milli_meclis_237845767.jpg",620,465,false],"landscape":["https:\/\/arantv.az\/wp-content\/uploads\/2019\/11\/milli_meclis_237845767.jpg",620,465,false],"portraits":["https:\/\/arantv.az\/wp-content\/uploads\/2019\/11\/milli_meclis_237845767.jpg",620,465,false],"thumbnail":["https:\/\/arantv.az\/wp-content\/uploads\/2019\/11\/milli_meclis_237845767-150x150.jpg",150,150,true],"medium":["https:\/\/arantv.az\/wp-content\/uploads\/2019\/11\/milli_meclis_237845767-300x225.jpg",300,225,true],"large":["https:\/\/arantv.az\/wp-content\/uploads\/2019\/11\/milli_meclis_237845767.jpg",620,465,false],"1536x1536":["https:\/\/arantv.az\/wp-content\/uploads\/2019\/11\/milli_meclis_237845767.jpg",620,465,false],"2048x2048":["https:\/\/arantv.az\/wp-content\/uploads\/2019\/11\/milli_meclis_237845767.jpg",620,465,false],"post-thumbnail":["https:\/\/arantv.az\/wp-content\/uploads\/2019\/11\/milli_meclis_237845767-240x172.jpg",240,172,true],"advps-thumb-one":["https:\/\/arantv.az\/wp-content\/uploads\/2019\/11\/milli_meclis_237845767.jpg",620,465,false]},"rttpg_author":{"display_name":"V\u00fcsal Rafiqo\u011flu","author_link":"https:\/\/arantv.az\/?author=2"},"rttpg_comment":0,"rttpg_category":"<a href=\"https:\/\/arantv.az\/?cat=1\" rel=\"category\">C\u0259miyy\u0259t<\/a>","rttpg_excerpt":"Noyabr\u0131n 18-d\u0259 Milli M\u0259clisin \u0130qtisadi siyas\u0259t, s\u0259naye v\u0259 sahibkarl\u0131q, M\u00fcdafi\u0259, t\u0259hl\u00fck\u0259sizlik v\u0259 korrupsiya il\u0259 m\u00fcbariz\u0259, T\u0259bii ehtiyatlar, energetika v\u0259 ekologiya, Aqrar siyas\u0259t, \u0130ctimai birlikl\u0259r v\u0259 dini qurumlar komit\u0259l\u0259rinin birg\u0259 iclas\u0131nda 2020-ci il d\u00f6vl\u0259t b\u00fcdc\u0259si layih\u0259si ikinci oxunu\u015fda m\u00fczakir\u0259y\u0259 \u00e7\u0131xar\u0131l\u0131b. ARANTV.AZ-\u0131n m\u0259lumat\u0131na g\u00f6r\u0259, Maliyy\u0259 nazirinin m\u00fcavini Az\u0259r Bayramov birinci oxunu\u015f zaman\u0131\u00a0 parlamentd\u0259 ke\u00e7\u0259n g\u0259rgin m\u00fczakir\u0259l\u0259rd\u0259 mill\u0259t&hellip;","_links":{"self":[{"href":"https:\/\/arantv.az\/index.php?rest_route=\/wp\/v2\/posts\/97707"}],"collection":[{"href":"https:\/\/arantv.az\/index.php?rest_route=\/wp\/v2\/posts"}],"about":[{"href":"https:\/\/arantv.az\/index.php?rest_route=\/wp\/v2\/types\/post"}],"author":[{"embeddable":true,"href":"https:\/\/arantv.az\/index.php?rest_route=\/wp\/v2\/users\/2"}],"replies":[{"embeddable":true,"href":"https:\/\/arantv.az\/index.php?rest_route=%2Fwp%2Fv2%2Fcomments&post=97707"}],"version-history":[{"count":0,"href":"https:\/\/arantv.az\/index.php?rest_route=\/wp\/v2\/posts\/97707\/revisions"}],"wp:featuredmedia":[{"embeddable":true,"href":"https:\/\/arantv.az\/index.php?rest_route=\/wp\/v2\/media\/97708"}],"wp:attachment":[{"href":"https:\/\/arantv.az\/index.php?rest_route=%2Fwp%2Fv2%2Fmedia&parent=97707"}],"wp:term":[{"taxonomy":"category","embeddable":true,"href":"https:\/\/arantv.az\/index.php?rest_route=%2Fwp%2Fv2%2Fcategories&post=97707"},{"taxonomy":"post_tag","embeddable":true,"href":"https:\/\/arantv.az\/index.php?rest_route=%2Fwp%2Fv2%2Ftags&post=97707"}],"curies":[{"name":"wp","href":"https:\/\/api.w.org\/{rel}","templated":true}]}}