{"id":97744,"date":"2019-11-18T16:28:49","date_gmt":"2019-11-18T13:28:49","guid":{"rendered":"http:\/\/arantv.az\/?p=97744"},"modified":"2019-11-18T16:28:49","modified_gmt":"2019-11-18T13:28:49","slug":"bir-ail%c9%99nin-dord-uzvu-tir-in-altinda-%c9%99zilib-oldu-foto","status":"publish","type":"post","link":"https:\/\/arantv.az\/?p=97744","title":{"rendered":"Bir ail\u0259nin d\u00f6rd \u00fczv\u00fc TIR-\u0131n alt\u0131nda \u0259zilib \u00f6ld\u00fc &#8211; FOTO"},"content":{"rendered":"<p>T\u00fcrkiy\u0259d\u0259 \u00c7orum \u0259yal\u0259tind\u0259 d\u0259h\u015f\u0259tli q\u0259za ba\u015f verib.<\/p>\n<p>\u201cCNNT\u00fcrk\u201d\u00fcn m\u0259lumat\u0131na g\u00f6r\u0259, avtomobilin TIR-a \u00e7\u0131rp\u0131lmas\u0131 n\u0259tic\u0259sind\u0259\u00a0bir ail\u0259nin d\u00f6rd\u00a0\u00fczv\u00fc faci\u0259vi\u00a0\u015f\u0259kild\u0259 h\u0259lak olub.<\/p>\n<div id=\"AdviadNativeVideo0\" class=\"AdviadNativeVideo\"><\/div>\n<p>Q\u0259zada h\u0259yat\u0131n\u0131 itir\u0259nl\u0259r Erdemit rayonunda cami imam\u0131 olan F\u0259xri \u018fr\u0259r, anas\u0131 Saliha \u018fr\u0259r, atas\u0131 Yunus \u018fr\u0259r v\u0259 h\u0259yat yolda\u015f\u0131 H\u0259nif\u0259 \u018fr\u0259r olublar.<\/p>\n<p>F\u0259xri \u018fr\u0259r h\u0259yat\u00a0yolda\u015f\u0131 il\u0259\u00a0onlara g\u0259zm\u0259y\u0259 g\u0259lmi\u015f ata-anas\u0131n\u0131 evl\u0259rin\u0259 yola salma\u011fa aparanda yolda q\u0259zaya d\u00fc\u015f\u00fcbl\u0259r.<\/p>\n<div class=\"gallery\">\n<div class=\"gallery-i\"><img src=\"https:\/\/assets.oxu.az\/uploads\/W1siZiIsIjIwMTkvMTEvMTgvMTcvMjIvMjYvYWRmZDUwNGEtMzRkMC00ZjIyLWIwYTYtNTVlMmY1NjFmNmViL2ltYW0gZXJkZW1pdC5qcGciXSxbInAiLCJlbmNvZGUiLCJqcGciLCItcXVhbGl0eSA4MCJdLFsicCIsInRodW1iIiwiNTkweDU5MFx1MDAzZSJdXQ?sha=99cac6872b21d4d3\" \/><\/p>\n<div class=\"gallery-i-caption\"><\/div>\n<\/div>\n<div class=\"gallery-i\"><img src=\"https:\/\/assets.oxu.az\/uploads\/W1siZiIsIjIwMTkvMTEvMTgvMTcvMjIvMjYvYWE4MjRjMWMtNDhhZS00NDI2LWIzYzEtZjY4OTk1MTAwNTFkL2ltYW0gccmZemEuanBnIl0sWyJwIiwiZW5jb2RlIiwianBnIiwiLXF1YWxpdHkgODAiXSxbInAiLCJ0aHVtYiIsIjU5MHg1OTBcdTAwM2UiXV0?sha=c6dbf5c040a6afb0\" \/><\/p>\n<div class=\"gallery-i-caption\"><\/div>\n<\/div>\n<div class=\"gallery-i\"><img src=\"https:\/\/assets.oxu.az\/uploads\/W1siZiIsIjIwMTkvMTEvMTgvMTcvMjIvMjYvZTY3NDYxNjItMjdiZi00MTI4LTg2MGEtMGIwYzFiODZlNjQ1L2ltYW0gccmZemFkYS5qcGciXSxbInAiLCJlbmNvZGUiLCJqcGciLCItcXVhbGl0eSA4MCJdLFsicCIsInRodW1iIiwiNTkweDU5MFx1MDAzZSJdXQ?sha=d7c0256cda9d7466\" \/><\/p>\n<div class=\"gallery-i-caption\"><\/div>\n<\/div>\n<div class=\"gallery-i\"><img src=\"https:\/\/assets.oxu.az\/uploads\/W1siZiIsIjIwMTkvMTEvMTgvMTcvMjIvMjYvY2Q5ZjQ1ZTgtOWVmYS00OTA4LWE0NTQtOTg3NTc0OWM2YTBiL2ltYW0gccmZemFxLmpwZyJdLFsicCIsImVuY29kZSIsImpwZyIsIi1xdWFsaXR5IDgwIl0sWyJwIiwidGh1bWIiLCI1OTB4NTkwXHUwMDNlIl1d?sha=ee9a6c2d2bde4ce1\" \/><\/div>\n<\/div>\n","protected":false},"excerpt":{"rendered":"<p>T\u00fcrkiy\u0259d\u0259 \u00c7orum \u0259yal\u0259tind\u0259 d\u0259h\u015f\u0259tli q\u0259za ba\u015f verib. \u201cCNNT\u00fcrk\u201d\u00fcn m\u0259lumat\u0131na g\u00f6r\u0259, avtomobilin TIR-a \u00e7\u0131rp\u0131lmas\u0131 n\u0259tic\u0259sind\u0259\u00a0bir ail\u0259nin d\u00f6rd\u00a0\u00fczv\u00fc faci\u0259vi\u00a0\u015f\u0259kild\u0259 h\u0259lak olub. Q\u0259zada h\u0259yat\u0131n\u0131 itir\u0259nl\u0259r Erdemit rayonunda cami imam\u0131 olan F\u0259xri \u018fr\u0259r, anas\u0131 Saliha \u018fr\u0259r, atas\u0131 Yunus \u018fr\u0259r v\u0259 h\u0259yat yolda\u015f\u0131 H\u0259nif\u0259 \u018fr\u0259r olublar. F\u0259xri \u018fr\u0259r h\u0259yat\u00a0yolda\u015f\u0131 il\u0259\u00a0onlara g\u0259zm\u0259y\u0259 g\u0259lmi\u015f ata-anas\u0131n\u0131 evl\u0259rin\u0259 yola salma\u011fa aparanda yolda q\u0259zaya d\u00fc\u015f\u00fcbl\u0259r.<\/p>\n","protected":false},"author":2,"featured_media":97745,"comment_status":"closed","ping_status":"closed","sticky":false,"template":"","format":"standard","meta":{"om_disable_all_campaigns":false,"_monsterinsights_skip_tracking":false,"_monsterinsights_sitenote_active":false,"_monsterinsights_sitenote_note":"","_monsterinsights_sitenote_category":0},"categories":[7],"tags":[],"aioseo_notices":[],"gutentor_comment":0,"rttpg_featured_image_url":{"full":["https:\/\/arantv.az\/wp-content\/uploads\/2019\/11\/imam-erdemit.jpg",620,378,false],"landscape":["https:\/\/arantv.az\/wp-content\/uploads\/2019\/11\/imam-erdemit.jpg",620,378,false],"portraits":["https:\/\/arantv.az\/wp-content\/uploads\/2019\/11\/imam-erdemit.jpg",620,378,false],"thumbnail":["https:\/\/arantv.az\/wp-content\/uploads\/2019\/11\/imam-erdemit-150x150.jpg",150,150,true],"medium":["https:\/\/arantv.az\/wp-content\/uploads\/2019\/11\/imam-erdemit-300x183.jpg",300,183,true],"large":["https:\/\/arantv.az\/wp-content\/uploads\/2019\/11\/imam-erdemit.jpg",620,378,false],"1536x1536":["https:\/\/arantv.az\/wp-content\/uploads\/2019\/11\/imam-erdemit.jpg",620,378,false],"2048x2048":["https:\/\/arantv.az\/wp-content\/uploads\/2019\/11\/imam-erdemit.jpg",620,378,false],"post-thumbnail":["https:\/\/arantv.az\/wp-content\/uploads\/2019\/11\/imam-erdemit-240x172.jpg",240,172,true],"advps-thumb-one":["https:\/\/arantv.az\/wp-content\/uploads\/2019\/11\/imam-erdemit.jpg",620,378,false]},"rttpg_author":{"display_name":"V\u00fcsal Rafiqo\u011flu","author_link":"https:\/\/arantv.az\/?author=2"},"rttpg_comment":0,"rttpg_category":"<a href=\"https:\/\/arantv.az\/?cat=7\" rel=\"category\">D\u00fcnya<\/a>","rttpg_excerpt":"T\u00fcrkiy\u0259d\u0259 \u00c7orum \u0259yal\u0259tind\u0259 d\u0259h\u015f\u0259tli q\u0259za ba\u015f verib. \u201cCNNT\u00fcrk\u201d\u00fcn m\u0259lumat\u0131na g\u00f6r\u0259, avtomobilin TIR-a \u00e7\u0131rp\u0131lmas\u0131 n\u0259tic\u0259sind\u0259\u00a0bir ail\u0259nin d\u00f6rd\u00a0\u00fczv\u00fc faci\u0259vi\u00a0\u015f\u0259kild\u0259 h\u0259lak olub. Q\u0259zada h\u0259yat\u0131n\u0131 itir\u0259nl\u0259r Erdemit rayonunda cami imam\u0131 olan F\u0259xri \u018fr\u0259r, anas\u0131 Saliha \u018fr\u0259r, atas\u0131 Yunus \u018fr\u0259r v\u0259 h\u0259yat yolda\u015f\u0131 H\u0259nif\u0259 \u018fr\u0259r olublar. F\u0259xri \u018fr\u0259r h\u0259yat\u00a0yolda\u015f\u0131 il\u0259\u00a0onlara g\u0259zm\u0259y\u0259 g\u0259lmi\u015f ata-anas\u0131n\u0131 evl\u0259rin\u0259 yola salma\u011fa aparanda yolda q\u0259zaya d\u00fc\u015f\u00fcbl\u0259r.","_links":{"self":[{"href":"https:\/\/arantv.az\/index.php?rest_route=\/wp\/v2\/posts\/97744"}],"collection":[{"href":"https:\/\/arantv.az\/index.php?rest_route=\/wp\/v2\/posts"}],"about":[{"href":"https:\/\/arantv.az\/index.php?rest_route=\/wp\/v2\/types\/post"}],"author":[{"embeddable":true,"href":"https:\/\/arantv.az\/index.php?rest_route=\/wp\/v2\/users\/2"}],"replies":[{"embeddable":true,"href":"https:\/\/arantv.az\/index.php?rest_route=%2Fwp%2Fv2%2Fcomments&post=97744"}],"version-history":[{"count":0,"href":"https:\/\/arantv.az\/index.php?rest_route=\/wp\/v2\/posts\/97744\/revisions"}],"wp:featuredmedia":[{"embeddable":true,"href":"https:\/\/arantv.az\/index.php?rest_route=\/wp\/v2\/media\/97745"}],"wp:attachment":[{"href":"https:\/\/arantv.az\/index.php?rest_route=%2Fwp%2Fv2%2Fmedia&parent=97744"}],"wp:term":[{"taxonomy":"category","embeddable":true,"href":"https:\/\/arantv.az\/index.php?rest_route=%2Fwp%2Fv2%2Fcategories&post=97744"},{"taxonomy":"post_tag","embeddable":true,"href":"https:\/\/arantv.az\/index.php?rest_route=%2Fwp%2Fv2%2Ftags&post=97744"}],"curies":[{"name":"wp","href":"https:\/\/api.w.org\/{rel}","templated":true}]}}