{"id":97748,"date":"2019-11-18T16:30:12","date_gmt":"2019-11-18T13:30:12","guid":{"rendered":"http:\/\/arantv.az\/?p=97748"},"modified":"2019-11-18T16:30:12","modified_gmt":"2019-11-18T13:30:12","slug":"deputat-naxcivanin-inkisafi-v%c9%99-t%c9%99hluk%c9%99sizliyi-dovl%c9%99t-bascisinin-diqq%c9%99t-m%c9%99rk%c9%99zind%c9%99dir","status":"publish","type":"post","link":"https:\/\/arantv.az\/?p=97748","title":{"rendered":"Deputat: &#8220;Nax\u00e7\u0131van\u0131n inki\u015faf\u0131 v\u0259 t\u0259hl\u00fck\u0259sizliyi d\u00f6vl\u0259t ba\u015f\u00e7\u0131s\u0131n\u0131n diqq\u0259t m\u0259rk\u0259zind\u0259dir&#8221;"},"content":{"rendered":"<p>&#8220;Nax\u00e7\u0131van Muxtar Respublikas\u0131n\u0131n h\u0259rt\u0259r\u0259fli inki\u015faf\u0131 v\u0259 t\u0259hl\u00fck\u0259sizliyi daim Az\u0259rbaycan Prezidentinin diqq\u0259t m\u0259rk\u0259zind\u0259dir&#8221;.<\/p>\n<p><strong>ARANTV.AZ<\/strong>\u00a0 x\u0259b\u0259r verir ki, bunu\u00a0<a href=\"https:\/\/az.trend.az\/\" target=\"_blank\" rel=\"noopener\">Trend<\/a>-\u0259 Yeni Az\u0259rbaycan Partiyas\u0131n\u0131n icra katibinin m\u00fcavini, Milli M\u0259clisin deputat\u0131 Siyavu\u015f Novruzov deyib.<\/p>\n<p>S.Novruzov bildirib ki, Prezident \u0130lham \u018fliyev Nax\u00e7\u0131van Muxtar Respublikas\u0131n\u0131n Ali M\u0259clisinin S\u0259dri Vasif Tal\u0131bovu q\u0259bul ed\u0259rk\u0259n Nax\u00e7\u0131van\u0131n inki\u015faf\u0131, t\u0259hl\u00fck\u0259sizliyinin t\u0259minat\u0131 il\u0259 ba\u011fl\u0131 m\u00fch\u00fcm m\u0259s\u0259l\u0259l\u0259r\u0259 toxundu: &#8220;C\u0259nab Prezident qeyd etdi ki, &#8220;Nax\u00e7\u0131van\u0131n u\u011furlu v\u0259 t\u0259hl\u00fck\u0259siz inki\u015faf\u0131 \u00fc\u00e7\u00fcn n\u0259 laz\u0131md\u0131rsa, biz onu da ed\u0259c\u0259yik&#8221;. Prezident \u0130lham \u018fliyev, h\u0259m\u00e7inin Nax\u00e7\u0131van\u0131n ixrac potensial\u0131n\u0131n g\u00fccl\u0259ndirilm\u0259si, b\u0259rpaolunan enerji g\u00fcc\u00fcn\u00fcn art\u0131r\u0131lmas\u0131 v\u0259 ordu quruculu\u011fu il\u0259 ba\u011fl\u0131 vacib m\u0259qamlara toxundu. Hesab edir\u0259m ki, b\u00fct\u00fcn bunlar Nax\u00e7\u0131van\u0131n g\u0259l\u0259c\u0259k inki\u015faf\u0131nda m\u00fch\u00fcm rol oynayacaq&#8221;.<\/p>\n<p>Deputat vur\u011fulay\u0131b ki, Nax\u00e7\u0131van Muxtar Respublikas\u0131nda infrastrukturun yenil\u0259nm\u0259si, m\u00fcasir m\u00fc\u0259ssis\u0259l\u0259rin, yeni i\u015f yerl\u0259rinin yarad\u0131lmas\u0131 istiqam\u0259tind\u0259 sistemli t\u0259dbirl\u0259rin h\u0259yata ke\u00e7irilm\u0259si uzunm\u00fcdd\u0259tli v\u0259 h\u0259rt\u0259r\u0259fli inki\u015faf konsepsiyas\u0131n\u0131n realla\u015fd\u0131r\u0131lmas\u0131na \u0259sasl\u0131 t\u00f6hf\u0259l\u0259r verib:<\/p>\n<p>&#8220;Muxtar respublikada quruculuq v\u0259 abadl\u0131q i\u015fl\u0259ri geni\u015f v\u00fcs\u0259t al\u0131b. Yeni parklar sal\u0131n\u0131r, inzibati binalar, o c\u00fcml\u0259d\u0259n, m\u0259kt\u0259bl\u0259r, u\u015faq ba\u011f\u00e7alar\u0131, s\u0259hiyy\u0259 ocaqlar\u0131, idman obyektl\u0259ri, icra n\u00fcmay\u0259nd\u0259likl\u0259ri v\u0259 b\u0259l\u0259diyy\u0259 binalar\u0131, \u0259n modern \u00fcsl\u00fcbda lakin milli v\u0259 yerli memarl\u0131q x\u00fcsusiyy\u0259tl\u0259ri n\u0259z\u0259r\u0259 al\u0131nmaqla y\u00fcks\u0259k s\u00fcr\u0259tl\u0259 v\u0259 z\u00f6vql\u0259 in\u015fa edilib v\u0259t\u0259nda\u015flar\u0131n ixtiyar\u0131na verilir. B\u00fct\u00fcn obyektl\u0259r m\u00fcasir komunikasiya, o c\u00fcml\u0259d\u0259n, y\u00fcks\u0259k s\u00fcr\u0259tli internetl\u0259 tam t\u0259min edilib.<\/p>\n<p>K\u0259nd t\u0259s\u0259rr\u00fcfat\u0131, turizm, informasiya-kommunikasiya texnologiyalar\u0131, emal s\u0259nayesi Nax\u00e7\u0131vanda \u0259sas prioritet sah\u0259l\u0259rd\u0259ndir. Ekspertl\u0259r bu sah\u0259l\u0259r aras\u0131nda k\u0259nd t\u0259s\u0259rr\u00fcfat\u0131n\u0131n \u0259h\u0259miyy\u0259tini x\u00fcsusi qeyd edirl\u0259r. Bel\u0259 ki, muxtar respublika \u0259halisinin 70 faizi k\u0259ndl\u0259rd\u0259 ya\u015fay\u0131r. M\u00fcasir d\u00f6vrd\u0259 \u0259n aktual probleml\u0259rd\u0259n biri k\u0259ndl\u0259rd\u0259n \u015f\u0259h\u0259rl\u0259r\u0259 k\u00f6\u00e7m\u0259yin k\u00fctl\u0259vi hal almas\u0131d\u0131r. Nax\u00e7\u0131vanda is\u0259 bel\u0259 bir problem yoxdur. K\u0259ndl\u0259rd\u0259 ticar\u0259t v\u0259 xidm\u0259t obyektl\u0259ri daxil olmaqla h\u0259r c\u00fcr z\u0259ruri infrastrukturun yer ald\u0131\u011f\u0131 n\u00fcmun\u0259vi k\u0259nd m\u0259rk\u0259zl\u0259ri yarad\u0131l\u0131b. Habel\u0259, k\u0259ndl\u0259rd\u0259 ya\u015fayan \u0259halinin m\u0259\u015f\u011fullu\u011fu t\u0259min edilib. \u0130nsanlar\u0131n k\u0259nd t\u0259s\u0259rr\u00fcfat\u0131 il\u0259 m\u0259\u015f\u011ful olmalar\u0131, bol m\u0259hsul \u0259ld\u0259 etm\u0259l\u0259ri \u00fc\u00e7\u00fcn \u015f\u0259rait yarad\u0131l\u0131b. Ya\u015fay\u0131\u015f m\u0259nt\u0259q\u0259l\u0259rind\u0259 m\u00fcasir infrastrukturun qurulmas\u0131, \u00f6lk\u0259mizd\u0259ki \u0259n keyfiyy\u0259tli yollar\u0131n \u00e7\u0259kilm\u0259si, qaz\u0131n, i\u015f\u0131\u011f\u0131n davaml\u0131 verilm\u0259si, b\u00fct\u00fcn k\u0259ndl\u0259rin telefonla\u015fd\u0131r\u0131lmas\u0131, k\u0259ndd\u0259 \u015f\u0259h\u0259r rahatl\u0131\u011f\u0131n\u0131n \u0259n y\u00fcks\u0259k s\u0259viyy\u0259d\u0259 t\u0259min olunmas\u0131 insanlar\u0131n torpa\u011fa ba\u011fl\u0131l\u0131\u011f\u0131n\u0131 daha da art\u0131r\u0131b, k\u0259nd t\u0259s\u0259rr\u00fcfat\u0131n\u0131n inki\u015faf\u0131n\u0131 t\u0259min edib&#8221;.<\/p>\n<p>S.Novruzov \u0259lav\u0259 edib ki, muxtar respublikada iqtisadiyyat\u0131n b\u00fct\u00fcn sah\u0259l\u0259rind\u0259 d\u00f6vl\u0259t \u00f6z imkanlar\u0131 hesab\u0131na m\u00fcasir sahibkarl\u0131q subyektl\u0259rinin formala\u015fmas\u0131na geni\u015f imkanlar yarad\u0131b, onlar\u0131n \u00f6z potensiallar\u0131ndan s\u0259m\u0259r\u0259li istifad\u0259 etm\u0259l\u0259ri \u00fc\u00e7\u00fcn \u0259lveri\u015fli m\u00fchit formala\u015fd\u0131r\u0131b: &#8220;Nax\u00e7\u0131vanda h\u0259yata ke\u00e7iril\u0259n iqtisadi siyas\u0259t sahibkarl\u0131\u011f\u0131n inki\u015faf\u0131n\u0131n s\u00fcr\u0259tl\u0259ndirilm\u0259sin\u0259, sahibkarl\u0131\u011f\u0131n rolunun g\u00fccl\u0259ndirilm\u0259sin\u0259, bu istiqam\u0259td\u0259 d\u00f6vl\u0259t qay\u011f\u0131s\u0131n\u0131n art\u0131r\u0131lmas\u0131na v\u0259 \u0259n \u0259sas\u0131 m\u00f6vcud potensial\u0131n realla\u015fd\u0131r\u0131lmas\u0131na y\u00f6n\u0259lib. Bel\u0259 ki, \u00f6t\u0259n il \u0259rzind\u0259 muxtar respublikada sahibkarl\u0131q f\u0259aliyy\u0259ti \u00fc\u00e7\u00fcn veril\u0259n kreditl\u0259rin h\u0259cmi 13 milyon 790 min 800 manat t\u0259\u015fkil edib.<\/p>\n<p>Muxtar Respublikada apar\u0131lan quruculuq-abadl\u0131q, muzeyl\u0259r, \u00e7ox\u0259srlik tarixi abid\u0259l\u0259r, inki\u015faf etmi\u015f infrastruktura,otell\u0259r \u015f\u0259b\u0259k\u0259si v\u0259 cinay\u0259tkarl\u0131\u011f\u0131n olduqca a\u015fa\u011f\u0131 s\u0259viy\u0259si b\u00f6lg\u0259ni h\u0259m d\u0259 turizm \u00fc\u00e7\u00fcn \u00e7ox c\u0259lbedici bir m\u0259kana \u00e7evirmi\u015fdir. Bel\u0259 ki, t\u0259kc\u0259 \u00f6t\u0259n il Nax\u00e7\u0131vana yar\u0131m milyona yax\u0131n turist s\u0259yah\u0259t edib&#8221;.<\/p>\n","protected":false},"excerpt":{"rendered":"<p>&#8220;Nax\u00e7\u0131van Muxtar Respublikas\u0131n\u0131n h\u0259rt\u0259r\u0259fli inki\u015faf\u0131 v\u0259 t\u0259hl\u00fck\u0259sizliyi daim Az\u0259rbaycan Prezidentinin diqq\u0259t m\u0259rk\u0259zind\u0259dir&#8221;. ARANTV.AZ\u00a0 x\u0259b\u0259r verir ki, bunu\u00a0Trend-\u0259 Yeni Az\u0259rbaycan Partiyas\u0131n\u0131n icra katibinin m\u00fcavini, Milli M\u0259clisin deputat\u0131 Siyavu\u015f Novruzov deyib. S.Novruzov bildirib ki, Prezident \u0130lham \u018fliyev Nax\u00e7\u0131van Muxtar Respublikas\u0131n\u0131n Ali M\u0259clisinin S\u0259dri Vasif Tal\u0131bovu q\u0259bul ed\u0259rk\u0259n Nax\u00e7\u0131van\u0131n inki\u015faf\u0131, t\u0259hl\u00fck\u0259sizliyinin t\u0259minat\u0131 il\u0259 ba\u011fl\u0131 m\u00fch\u00fcm m\u0259s\u0259l\u0259l\u0259r\u0259 toxundu: &#8220;C\u0259nab Prezident qeyd etdi ki, &#8220;Nax\u00e7\u0131van\u0131n u\u011furlu v\u0259 t\u0259hl\u00fck\u0259siz inki\u015faf\u0131 \u00fc\u00e7\u00fcn n\u0259 laz\u0131md\u0131rsa, biz onu da ed\u0259c\u0259yik&#8221;. Prezident \u0130lham \u018fliyev, h\u0259m\u00e7inin Nax\u00e7\u0131van\u0131n ixrac potensial\u0131n\u0131n g\u00fccl\u0259ndirilm\u0259si, b\u0259rpaolunan enerji g\u00fcc\u00fcn\u00fcn art\u0131r\u0131lmas\u0131 v\u0259 ordu quruculu\u011fu il\u0259 ba\u011fl\u0131 vacib m\u0259qamlara&hellip;<\/p>\n","protected":false},"author":2,"featured_media":97749,"comment_status":"closed","ping_status":"closed","sticky":false,"template":"","format":"standard","meta":{"om_disable_all_campaigns":false,"_monsterinsights_skip_tracking":false,"_monsterinsights_sitenote_active":false,"_monsterinsights_sitenote_note":"","_monsterinsights_sitenote_category":0},"categories":[4],"tags":[],"aioseo_notices":[],"gutentor_comment":0,"rttpg_featured_image_url":{"full":["https:\/\/arantv.az\/wp-content\/uploads\/2019\/11\/802593-1.jpg",800,600,false],"landscape":["https:\/\/arantv.az\/wp-content\/uploads\/2019\/11\/802593-1.jpg",800,600,false],"portraits":["https:\/\/arantv.az\/wp-content\/uploads\/2019\/11\/802593-1.jpg",800,600,false],"thumbnail":["https:\/\/arantv.az\/wp-content\/uploads\/2019\/11\/802593-1-150x150.jpg",150,150,true],"medium":["https:\/\/arantv.az\/wp-content\/uploads\/2019\/11\/802593-1-300x225.jpg",300,225,true],"large":["https:\/\/arantv.az\/wp-content\/uploads\/2019\/11\/802593-1.jpg",640,480,false],"1536x1536":["https:\/\/arantv.az\/wp-content\/uploads\/2019\/11\/802593-1.jpg",800,600,false],"2048x2048":["https:\/\/arantv.az\/wp-content\/uploads\/2019\/11\/802593-1.jpg",800,600,false],"post-thumbnail":["https:\/\/arantv.az\/wp-content\/uploads\/2019\/11\/802593-1-240x172.jpg",240,172,true],"advps-thumb-one":["https:\/\/arantv.az\/wp-content\/uploads\/2019\/11\/802593-1.jpg",800,600,false]},"rttpg_author":{"display_name":"V\u00fcsal Rafiqo\u011flu","author_link":"https:\/\/arantv.az\/?author=2"},"rttpg_comment":0,"rttpg_category":"<a href=\"https:\/\/arantv.az\/?cat=4\" rel=\"category\">Siyas\u0259t<\/a>","rttpg_excerpt":"&#8220;Nax\u00e7\u0131van Muxtar Respublikas\u0131n\u0131n h\u0259rt\u0259r\u0259fli inki\u015faf\u0131 v\u0259 t\u0259hl\u00fck\u0259sizliyi daim Az\u0259rbaycan Prezidentinin diqq\u0259t m\u0259rk\u0259zind\u0259dir&#8221;. ARANTV.AZ\u00a0 x\u0259b\u0259r verir ki, bunu\u00a0Trend-\u0259 Yeni Az\u0259rbaycan Partiyas\u0131n\u0131n icra katibinin m\u00fcavini, Milli M\u0259clisin deputat\u0131 Siyavu\u015f Novruzov deyib. S.Novruzov bildirib ki, Prezident \u0130lham \u018fliyev Nax\u00e7\u0131van Muxtar Respublikas\u0131n\u0131n Ali M\u0259clisinin S\u0259dri Vasif Tal\u0131bovu q\u0259bul ed\u0259rk\u0259n Nax\u00e7\u0131van\u0131n inki\u015faf\u0131, t\u0259hl\u00fck\u0259sizliyinin t\u0259minat\u0131 il\u0259 ba\u011fl\u0131 m\u00fch\u00fcm m\u0259s\u0259l\u0259l\u0259r\u0259 toxundu: &#8220;C\u0259nab&hellip;","_links":{"self":[{"href":"https:\/\/arantv.az\/index.php?rest_route=\/wp\/v2\/posts\/97748"}],"collection":[{"href":"https:\/\/arantv.az\/index.php?rest_route=\/wp\/v2\/posts"}],"about":[{"href":"https:\/\/arantv.az\/index.php?rest_route=\/wp\/v2\/types\/post"}],"author":[{"embeddable":true,"href":"https:\/\/arantv.az\/index.php?rest_route=\/wp\/v2\/users\/2"}],"replies":[{"embeddable":true,"href":"https:\/\/arantv.az\/index.php?rest_route=%2Fwp%2Fv2%2Fcomments&post=97748"}],"version-history":[{"count":0,"href":"https:\/\/arantv.az\/index.php?rest_route=\/wp\/v2\/posts\/97748\/revisions"}],"wp:featuredmedia":[{"embeddable":true,"href":"https:\/\/arantv.az\/index.php?rest_route=\/wp\/v2\/media\/97749"}],"wp:attachment":[{"href":"https:\/\/arantv.az\/index.php?rest_route=%2Fwp%2Fv2%2Fmedia&parent=97748"}],"wp:term":[{"taxonomy":"category","embeddable":true,"href":"https:\/\/arantv.az\/index.php?rest_route=%2Fwp%2Fv2%2Fcategories&post=97748"},{"taxonomy":"post_tag","embeddable":true,"href":"https:\/\/arantv.az\/index.php?rest_route=%2Fwp%2Fv2%2Ftags&post=97748"}],"curies":[{"name":"wp","href":"https:\/\/api.w.org\/{rel}","templated":true}]}}