{"id":97844,"date":"2019-11-19T09:10:17","date_gmt":"2019-11-19T06:10:17","guid":{"rendered":"http:\/\/arantv.az\/?p=97844"},"modified":"2019-11-19T09:10:17","modified_gmt":"2019-11-19T06:10:17","slug":"bakida-sakinl%c9%99r-bu-kuc%c9%99y%c9%99-mubariz-ibrahimovun-adini-veribl%c9%99r-video","status":"publish","type":"post","link":"https:\/\/arantv.az\/?p=97844","title":{"rendered":"Bak\u0131da sakinl\u0259r bu k\u00fc\u00e7\u0259y\u0259 M\u00fcbariz \u0130brahimovun ad\u0131n\u0131 veribl\u0259r &#8211; V\u0130DEO"},"content":{"rendered":"<p>Bak\u0131da y\u00fczl\u0259rl\u0259 sakinin ya\u015fad\u0131\u011f\u0131 \u0259razid\u0259 he\u00e7 bir k\u00fc\u00e7\u0259 ad\u0131 yoxdur.<\/p>\n<p><b>ARANTV.AZ\u00a0<\/b>X\u0259z\u0259r TV-y\u0259 istinad\u0259n x\u0259b\u0259r verir ki, s\u00f6hb\u0259t X\u0259z\u0259r rayonu, Bin\u0259 q\u0259s\u0259b\u0259sinin &#8220;H\u00f6vsan s\u00fcd\u00e7\u00fclik sovxozu&#8221; adlanan \u0259razisind\u0259n gedir. V\u0259ziyy\u0259td\u0259n \u00e7\u0131x\u0131\u015f yolunu is\u0259 sakinl\u0259r \u00f6zl\u0259ri tap\u0131blar. Onlar ya\u015fad\u0131qlar\u0131 k\u00fc\u00e7\u0259y\u0259 Milli Q\u0259hr\u0259man M\u00fcbariz \u0130brahimovun ad\u0131n\u0131 veribl\u0259r.<\/p>\n<div><\/div>\n<p>Bununla bel\u0259, s\u00f6z\u00fcged\u0259n \u0259razid\u0259 k\u00fc\u00e7\u0259l\u0259rin adlar\u0131n\u0131n olmamas\u0131 sakinl\u0259r\u0259 probleml\u0259r yarad\u0131r. Sakinl\u0259r deyirl\u0259r ki, m\u00f6vcud v\u0259ziyy\u0259t\u0259 g\u00f6r\u0259 bir \u00e7ox hallarda t\u0259cili tibbi yard\u0131m avtomobill\u0259ri d\u0259qiq \u00fcnvan\u0131 tapmaqda \u00e7\u0259tinlik \u00e7\u0259kirl\u0259r.<\/p>\n<p>M\u0259s\u0259l\u0259 il\u0259 ba\u011fl\u0131 X\u0259z\u0259r Rayon \u0130cra Hakimiyy\u0259tinin ictimai-siyasi v\u0259 humanitar m\u0259s\u0259l\u0259l\u0259r \u015f\u00f6b\u0259sinin m\u00fcdiri G\u00fclbala Qurbanov bildirdi ki, k\u00fc\u00e7\u0259 adlar\u0131 il\u0259 ba\u011fl\u0131 sakinl\u0259r \u0259razi \u00fczr\u0259 q\u0259s\u0259b\u0259 n\u00fcmay\u0259nd\u0259sin\u0259 r\u0259smi qaydada m\u00fcraci\u0259t etm\u0259lidirl\u0259r.<\/p>\n<p>Bundan sonra is\u0259 q\u0259s\u0259b\u0259 n\u00fcmay\u0259nd\u0259si r\u0259smi m\u00fcraci\u0259ti icra hakimiyy\u0259tin\u0259 \u00e7atd\u0131r\u0131r. \u0130cra hakimiyy\u0259ti d\u0259 \u00f6z n\u00f6vb\u0259sind\u0259 k\u00fc\u00e7\u0259 ad\u0131n\u0131n verilm\u0259si il\u0259 ba\u011fl\u0131 Bak\u0131 \u015e\u0259h\u0259r \u0130cra Hakimiyy\u0259tin\u0259 m\u00fcraci\u0259t edir v\u0259 bu m\u0259s\u0259l\u0259 ara\u015fd\u0131r\u0131l\u0131r. Daha sonra is\u0259 m\u00fcvafiq q\u0259rar q\u0259bul edilir.<\/p>\n<div class=\"embed-responsive embed-responsive-16by9\"><iframe loading=\"lazy\" id=\"nmqembedid\" class=\"embed-responsive-item\" title=\"video player\" src=\"https:\/\/izle.az\/embed\/qyyxdfH29CsJyQx29ksHAA~~\" width=\"600\" height=\"340\" frameborder=\"0\" scrolling=\"no\" allowfullscreen=\"allowfullscreen\" data-mce-fragment=\"1\"><\/iframe><\/div>\n<div class=\"datespan clearfix\"><\/div>\n","protected":false},"excerpt":{"rendered":"<p>Bak\u0131da y\u00fczl\u0259rl\u0259 sakinin ya\u015fad\u0131\u011f\u0131 \u0259razid\u0259 he\u00e7 bir k\u00fc\u00e7\u0259 ad\u0131 yoxdur. ARANTV.AZ\u00a0X\u0259z\u0259r TV-y\u0259 istinad\u0259n x\u0259b\u0259r verir ki, s\u00f6hb\u0259t X\u0259z\u0259r rayonu, Bin\u0259 q\u0259s\u0259b\u0259sinin &#8220;H\u00f6vsan s\u00fcd\u00e7\u00fclik sovxozu&#8221; adlanan \u0259razisind\u0259n gedir. V\u0259ziyy\u0259td\u0259n \u00e7\u0131x\u0131\u015f yolunu is\u0259 sakinl\u0259r \u00f6zl\u0259ri tap\u0131blar. Onlar ya\u015fad\u0131qlar\u0131 k\u00fc\u00e7\u0259y\u0259 Milli Q\u0259hr\u0259man M\u00fcbariz \u0130brahimovun ad\u0131n\u0131 veribl\u0259r. Bununla bel\u0259, s\u00f6z\u00fcged\u0259n \u0259razid\u0259 k\u00fc\u00e7\u0259l\u0259rin adlar\u0131n\u0131n olmamas\u0131 sakinl\u0259r\u0259 probleml\u0259r yarad\u0131r. Sakinl\u0259r deyirl\u0259r ki, m\u00f6vcud v\u0259ziyy\u0259t\u0259 g\u00f6r\u0259 bir \u00e7ox hallarda t\u0259cili tibbi yard\u0131m avtomobill\u0259ri d\u0259qiq \u00fcnvan\u0131 tapmaqda \u00e7\u0259tinlik \u00e7\u0259kirl\u0259r. M\u0259s\u0259l\u0259 il\u0259 ba\u011fl\u0131 X\u0259z\u0259r Rayon \u0130cra Hakimiyy\u0259tinin ictimai-siyasi v\u0259 humanitar m\u0259s\u0259l\u0259l\u0259r \u015f\u00f6b\u0259sinin m\u00fcdiri G\u00fclbala Qurbanov bildirdi ki, k\u00fc\u00e7\u0259 adlar\u0131&hellip;<\/p>\n","protected":false},"author":2,"featured_media":97845,"comment_status":"closed","ping_status":"closed","sticky":false,"template":"","format":"standard","meta":{"om_disable_all_campaigns":false,"_monsterinsights_skip_tracking":false,"_monsterinsights_sitenote_active":false,"_monsterinsights_sitenote_note":"","_monsterinsights_sitenote_category":0},"categories":[1],"tags":[],"aioseo_notices":[],"gutentor_comment":0,"rttpg_featured_image_url":{"full":["https:\/\/arantv.az\/wp-content\/uploads\/2019\/11\/1574142138_mubariz-ibrahimov-kucesi.jpg",549,344,false],"landscape":["https:\/\/arantv.az\/wp-content\/uploads\/2019\/11\/1574142138_mubariz-ibrahimov-kucesi.jpg",549,344,false],"portraits":["https:\/\/arantv.az\/wp-content\/uploads\/2019\/11\/1574142138_mubariz-ibrahimov-kucesi.jpg",549,344,false],"thumbnail":["https:\/\/arantv.az\/wp-content\/uploads\/2019\/11\/1574142138_mubariz-ibrahimov-kucesi-150x150.jpg",150,150,true],"medium":["https:\/\/arantv.az\/wp-content\/uploads\/2019\/11\/1574142138_mubariz-ibrahimov-kucesi-300x188.jpg",300,188,true],"large":["https:\/\/arantv.az\/wp-content\/uploads\/2019\/11\/1574142138_mubariz-ibrahimov-kucesi.jpg",549,344,false],"1536x1536":["https:\/\/arantv.az\/wp-content\/uploads\/2019\/11\/1574142138_mubariz-ibrahimov-kucesi.jpg",549,344,false],"2048x2048":["https:\/\/arantv.az\/wp-content\/uploads\/2019\/11\/1574142138_mubariz-ibrahimov-kucesi.jpg",549,344,false],"post-thumbnail":["https:\/\/arantv.az\/wp-content\/uploads\/2019\/11\/1574142138_mubariz-ibrahimov-kucesi-240x172.jpg",240,172,true],"advps-thumb-one":["https:\/\/arantv.az\/wp-content\/uploads\/2019\/11\/1574142138_mubariz-ibrahimov-kucesi.jpg",549,344,false]},"rttpg_author":{"display_name":"V\u00fcsal Rafiqo\u011flu","author_link":"https:\/\/arantv.az\/?author=2"},"rttpg_comment":0,"rttpg_category":"<a href=\"https:\/\/arantv.az\/?cat=1\" rel=\"category\">C\u0259miyy\u0259t<\/a>","rttpg_excerpt":"Bak\u0131da y\u00fczl\u0259rl\u0259 sakinin ya\u015fad\u0131\u011f\u0131 \u0259razid\u0259 he\u00e7 bir k\u00fc\u00e7\u0259 ad\u0131 yoxdur. ARANTV.AZ\u00a0X\u0259z\u0259r TV-y\u0259 istinad\u0259n x\u0259b\u0259r verir ki, s\u00f6hb\u0259t X\u0259z\u0259r rayonu, Bin\u0259 q\u0259s\u0259b\u0259sinin &#8220;H\u00f6vsan s\u00fcd\u00e7\u00fclik sovxozu&#8221; adlanan \u0259razisind\u0259n gedir. V\u0259ziyy\u0259td\u0259n \u00e7\u0131x\u0131\u015f yolunu is\u0259 sakinl\u0259r \u00f6zl\u0259ri tap\u0131blar. Onlar ya\u015fad\u0131qlar\u0131 k\u00fc\u00e7\u0259y\u0259 Milli Q\u0259hr\u0259man M\u00fcbariz \u0130brahimovun ad\u0131n\u0131 veribl\u0259r. Bununla bel\u0259, s\u00f6z\u00fcged\u0259n \u0259razid\u0259 k\u00fc\u00e7\u0259l\u0259rin adlar\u0131n\u0131n olmamas\u0131 sakinl\u0259r\u0259 probleml\u0259r yarad\u0131r. Sakinl\u0259r deyirl\u0259r&hellip;","_links":{"self":[{"href":"https:\/\/arantv.az\/index.php?rest_route=\/wp\/v2\/posts\/97844"}],"collection":[{"href":"https:\/\/arantv.az\/index.php?rest_route=\/wp\/v2\/posts"}],"about":[{"href":"https:\/\/arantv.az\/index.php?rest_route=\/wp\/v2\/types\/post"}],"author":[{"embeddable":true,"href":"https:\/\/arantv.az\/index.php?rest_route=\/wp\/v2\/users\/2"}],"replies":[{"embeddable":true,"href":"https:\/\/arantv.az\/index.php?rest_route=%2Fwp%2Fv2%2Fcomments&post=97844"}],"version-history":[{"count":0,"href":"https:\/\/arantv.az\/index.php?rest_route=\/wp\/v2\/posts\/97844\/revisions"}],"wp:featuredmedia":[{"embeddable":true,"href":"https:\/\/arantv.az\/index.php?rest_route=\/wp\/v2\/media\/97845"}],"wp:attachment":[{"href":"https:\/\/arantv.az\/index.php?rest_route=%2Fwp%2Fv2%2Fmedia&parent=97844"}],"wp:term":[{"taxonomy":"category","embeddable":true,"href":"https:\/\/arantv.az\/index.php?rest_route=%2Fwp%2Fv2%2Fcategories&post=97844"},{"taxonomy":"post_tag","embeddable":true,"href":"https:\/\/arantv.az\/index.php?rest_route=%2Fwp%2Fv2%2Ftags&post=97844"}],"curies":[{"name":"wp","href":"https:\/\/api.w.org\/{rel}","templated":true}]}}