{"id":98307,"date":"2019-11-20T08:47:08","date_gmt":"2019-11-20T05:47:08","guid":{"rendered":"http:\/\/arantv.az\/?p=98307"},"modified":"2019-11-20T08:47:08","modified_gmt":"2019-11-20T05:47:08","slug":"royadan-lal%c9%99-m%c9%99mm%c9%99dova-haqqinda-qeyri-adi-aciqlama","status":"publish","type":"post","link":"https:\/\/arantv.az\/?p=98307","title":{"rendered":"R\u00f6yadan Lal\u0259 M\u0259mm\u0259dova haqq\u0131nda qeyri-adi a\u00e7\u0131qlama"},"content":{"rendered":"<p>Xalq artisti R\u00f6ya Ayxan \u0259m\u0259kdar artist Lal\u0259 M\u0259mm\u0259dova haqq\u0131nda maraql\u0131 a\u00e7\u0131qlama verib.<strong> ARANTV.AZ\u00a0<\/strong> x\u0259b\u0259r verir ki, ifa\u00e7\u0131 bunu &#8220;1 az tv&#8221; verli\u015find\u0259 qonaq olark\u0259n s\u00f6yl\u0259yib. Apar\u0131c\u0131 H\u00fcsniyy\u0259nin ona verdiyi &#8220;Elnurun hans\u0131 \u0259l i\u015fini daha \u00e7ox b\u0259y\u0259nirsiz?&#8221; sual\u0131na xalq artisti \u00f6z\u00fcn\u0259m\u0259xsus \u015f\u0259kild\u0259 cavab verib : &#8220;Daha \u00e7ox Lal\u0259 M\u0259mm\u0259dovaya etdiyi make-up b\u0259y\u0259nir\u0259m. El\u0259 bil Lal\u0259ni Elnur 2-ci d\u0259f\u0259 d\u00fcnyaya g\u0259tirib.&#8221;<\/p>\n<p>&nbsp;<\/p>\n","protected":false},"excerpt":{"rendered":"<p>Xalq artisti R\u00f6ya Ayxan \u0259m\u0259kdar artist Lal\u0259 M\u0259mm\u0259dova haqq\u0131nda maraql\u0131 a\u00e7\u0131qlama verib. ARANTV.AZ\u00a0 x\u0259b\u0259r verir ki, ifa\u00e7\u0131 bunu &#8220;1 az tv&#8221; verli\u015find\u0259 qonaq olark\u0259n s\u00f6yl\u0259yib. Apar\u0131c\u0131 H\u00fcsniyy\u0259nin ona verdiyi &#8220;Elnurun hans\u0131 \u0259l i\u015fini daha \u00e7ox b\u0259y\u0259nirsiz?&#8221; sual\u0131na xalq artisti \u00f6z\u00fcn\u0259m\u0259xsus \u015f\u0259kild\u0259 cavab verib : &#8220;Daha \u00e7ox Lal\u0259 M\u0259mm\u0259dovaya etdiyi make-up b\u0259y\u0259nir\u0259m. El\u0259 bil Lal\u0259ni Elnur 2-ci d\u0259f\u0259 d\u00fcnyaya g\u0259tirib.&#8221; &nbsp;<\/p>\n","protected":false},"author":2,"featured_media":98308,"comment_status":"closed","ping_status":"closed","sticky":false,"template":"","format":"standard","meta":{"om_disable_all_campaigns":false,"_monsterinsights_skip_tracking":false,"_monsterinsights_sitenote_active":false,"_monsterinsights_sitenote_note":"","_monsterinsights_sitenote_category":0},"categories":[20],"tags":[],"aioseo_notices":[],"gutentor_comment":0,"rttpg_featured_image_url":{"full":["https:\/\/arantv.az\/wp-content\/uploads\/2019\/11\/75650566_1409278705899423_3917784023979524096_n.jpg",960,960,false],"landscape":["https:\/\/arantv.az\/wp-content\/uploads\/2019\/11\/75650566_1409278705899423_3917784023979524096_n.jpg",960,960,false],"portraits":["https:\/\/arantv.az\/wp-content\/uploads\/2019\/11\/75650566_1409278705899423_3917784023979524096_n.jpg",960,960,false],"thumbnail":["https:\/\/arantv.az\/wp-content\/uploads\/2019\/11\/75650566_1409278705899423_3917784023979524096_n-150x150.jpg",150,150,true],"medium":["https:\/\/arantv.az\/wp-content\/uploads\/2019\/11\/75650566_1409278705899423_3917784023979524096_n-300x300.jpg",300,300,true],"large":["https:\/\/arantv.az\/wp-content\/uploads\/2019\/11\/75650566_1409278705899423_3917784023979524096_n.jpg",640,640,false],"1536x1536":["https:\/\/arantv.az\/wp-content\/uploads\/2019\/11\/75650566_1409278705899423_3917784023979524096_n.jpg",960,960,false],"2048x2048":["https:\/\/arantv.az\/wp-content\/uploads\/2019\/11\/75650566_1409278705899423_3917784023979524096_n.jpg",960,960,false],"post-thumbnail":["https:\/\/arantv.az\/wp-content\/uploads\/2019\/11\/75650566_1409278705899423_3917784023979524096_n-240x172.jpg",240,172,true],"advps-thumb-one":["https:\/\/arantv.az\/wp-content\/uploads\/2019\/11\/75650566_1409278705899423_3917784023979524096_n-960x620.jpg",960,620,true]},"rttpg_author":{"display_name":"V\u00fcsal Rafiqo\u011flu","author_link":"https:\/\/arantv.az\/?author=2"},"rttpg_comment":0,"rttpg_category":"<a href=\"https:\/\/arantv.az\/?cat=20\" rel=\"category\">\u015eou biznes<\/a>","rttpg_excerpt":"Xalq artisti R\u00f6ya Ayxan \u0259m\u0259kdar artist Lal\u0259 M\u0259mm\u0259dova haqq\u0131nda maraql\u0131 a\u00e7\u0131qlama verib. ARANTV.AZ\u00a0 x\u0259b\u0259r verir ki, ifa\u00e7\u0131 bunu &#8220;1 az tv&#8221; verli\u015find\u0259 qonaq olark\u0259n s\u00f6yl\u0259yib. Apar\u0131c\u0131 H\u00fcsniyy\u0259nin ona verdiyi &#8220;Elnurun hans\u0131 \u0259l i\u015fini daha \u00e7ox b\u0259y\u0259nirsiz?&#8221; sual\u0131na xalq artisti \u00f6z\u00fcn\u0259m\u0259xsus \u015f\u0259kild\u0259 cavab verib : &#8220;Daha \u00e7ox Lal\u0259 M\u0259mm\u0259dovaya etdiyi make-up b\u0259y\u0259nir\u0259m. El\u0259 bil Lal\u0259ni Elnur&hellip;","_links":{"self":[{"href":"https:\/\/arantv.az\/index.php?rest_route=\/wp\/v2\/posts\/98307"}],"collection":[{"href":"https:\/\/arantv.az\/index.php?rest_route=\/wp\/v2\/posts"}],"about":[{"href":"https:\/\/arantv.az\/index.php?rest_route=\/wp\/v2\/types\/post"}],"author":[{"embeddable":true,"href":"https:\/\/arantv.az\/index.php?rest_route=\/wp\/v2\/users\/2"}],"replies":[{"embeddable":true,"href":"https:\/\/arantv.az\/index.php?rest_route=%2Fwp%2Fv2%2Fcomments&post=98307"}],"version-history":[{"count":0,"href":"https:\/\/arantv.az\/index.php?rest_route=\/wp\/v2\/posts\/98307\/revisions"}],"wp:featuredmedia":[{"embeddable":true,"href":"https:\/\/arantv.az\/index.php?rest_route=\/wp\/v2\/media\/98308"}],"wp:attachment":[{"href":"https:\/\/arantv.az\/index.php?rest_route=%2Fwp%2Fv2%2Fmedia&parent=98307"}],"wp:term":[{"taxonomy":"category","embeddable":true,"href":"https:\/\/arantv.az\/index.php?rest_route=%2Fwp%2Fv2%2Fcategories&post=98307"},{"taxonomy":"post_tag","embeddable":true,"href":"https:\/\/arantv.az\/index.php?rest_route=%2Fwp%2Fv2%2Ftags&post=98307"}],"curies":[{"name":"wp","href":"https:\/\/api.w.org\/{rel}","templated":true}]}}