{"id":98350,"date":"2019-11-20T10:08:31","date_gmt":"2019-11-20T07:08:31","guid":{"rendered":"http:\/\/arantv.az\/?p=98350"},"modified":"2019-11-20T10:08:31","modified_gmt":"2019-11-20T07:08:31","slug":"almaniyanin-sabiq-prezidentinin-oglunu-bicaqlayib-oldurdul%c9%99r","status":"publish","type":"post","link":"https:\/\/arantv.az\/?p=98350","title":{"rendered":"Almaniyan\u0131n sabiq prezidentinin o\u011flunu b\u0131\u00e7aqlay\u0131b \u00f6ld\u00fcrd\u00fcl\u0259r"},"content":{"rendered":"<p>Almaniyan\u0131n sabiq Prezidenti\u00a0Rixard fon\u00a0Vayszekkerin o\u011flu Fritz fon Vayszekker r\u0259hb\u0259rlik etdiyi klinikada m\u0259ruz\u0259 oxuyark\u0259n cinay\u0259tkar t\u0259r\u0259find\u0259n \u00f6l\u00fcmc\u00fcl yaralan\u0131b.<\/p>\n<p>Bu bar\u0259d\u0259 \u201cRundfunk Berlin-Brandenburg\u201d n\u0259\u015fri m\u0259lumat verib.<\/p>\n<p>Polisin m\u0259lumat\u0131na g\u00f6r\u0259, hadis\u0259 Berlind\u0259 \u015earlottenburq\u00a0saray\u0131 yax\u0131nl\u0131\u011f\u0131nda yerl\u0259\u015f\u0259n Schlosspark klinikas\u0131nda ba\u015f verib. \u00c7\u0131x\u0131\u015f zaman\u0131 bir ki\u015fi Vayszekker\u0259 yax\u0131nla\u015faraq, onu b\u0131\u00e7aqlay\u0131b.<\/p>\n<p>59 ya\u015fl\u0131 h\u0259kim ald\u0131\u011f\u0131 yaralardan h\u0259yat\u0131n\u0131 itirib.<\/p>\n<p>Hadis\u0259 zaman\u0131 caniy\u0259 mane olmaq ist\u0259y\u0259n ba\u015fqa bir \u015f\u0259xs d\u0259 yaralan\u0131b.<\/p>\n<p>Haz\u0131rda \u015f\u00fcbh\u0259li \u015f\u0259xs saxlan\u0131l\u0131b. Onun cinay\u0259tinin motivl\u0259ri m\u0259lum deyil.<\/p>\n<p>Fritz fon Vayszekker 2005-ci ild\u0259n Schlosspark klinikas\u0131n\u0131n ba\u015f h\u0259kimi v\u0259zif\u0259sind\u0259 olub. Onun atas\u0131\u00a0Rixard fon Vayszekker 1984-1994-c\u00fc ill\u0259rd\u0259 Almaniyan\u0131n prezidenti olub.<\/p>\n","protected":false},"excerpt":{"rendered":"<p>Almaniyan\u0131n sabiq Prezidenti\u00a0Rixard fon\u00a0Vayszekkerin o\u011flu Fritz fon Vayszekker r\u0259hb\u0259rlik etdiyi klinikada m\u0259ruz\u0259 oxuyark\u0259n cinay\u0259tkar t\u0259r\u0259find\u0259n \u00f6l\u00fcmc\u00fcl yaralan\u0131b. Bu bar\u0259d\u0259 \u201cRundfunk Berlin-Brandenburg\u201d n\u0259\u015fri m\u0259lumat verib. Polisin m\u0259lumat\u0131na g\u00f6r\u0259, hadis\u0259 Berlind\u0259 \u015earlottenburq\u00a0saray\u0131 yax\u0131nl\u0131\u011f\u0131nda yerl\u0259\u015f\u0259n Schlosspark klinikas\u0131nda ba\u015f verib. \u00c7\u0131x\u0131\u015f zaman\u0131 bir ki\u015fi Vayszekker\u0259 yax\u0131nla\u015faraq, onu b\u0131\u00e7aqlay\u0131b. 59 ya\u015fl\u0131 h\u0259kim ald\u0131\u011f\u0131 yaralardan h\u0259yat\u0131n\u0131 itirib. Hadis\u0259 zaman\u0131 caniy\u0259 mane olmaq ist\u0259y\u0259n ba\u015fqa bir \u015f\u0259xs d\u0259 yaralan\u0131b. Haz\u0131rda \u015f\u00fcbh\u0259li \u015f\u0259xs saxlan\u0131l\u0131b. Onun cinay\u0259tinin motivl\u0259ri m\u0259lum deyil. Fritz fon Vayszekker 2005-ci ild\u0259n Schlosspark klinikas\u0131n\u0131n ba\u015f h\u0259kimi v\u0259zif\u0259sind\u0259 olub. Onun atas\u0131\u00a0Rixard fon Vayszekker 1984-1994-c\u00fc ill\u0259rd\u0259 Almaniyan\u0131n prezidenti&hellip;<\/p>\n","protected":false},"author":2,"featured_media":98351,"comment_status":"closed","ping_status":"closed","sticky":false,"template":"","format":"standard","meta":{"om_disable_all_campaigns":false,"_monsterinsights_skip_tracking":false,"_monsterinsights_sitenote_active":false,"_monsterinsights_sitenote_note":"","_monsterinsights_sitenote_category":0},"categories":[7],"tags":[],"aioseo_notices":[],"gutentor_comment":0,"rttpg_featured_image_url":{"full":["https:\/\/arantv.az\/wp-content\/uploads\/2019\/11\/75513522_1033722310295295_1460206941253926912_n.jpg",620,345,false],"landscape":["https:\/\/arantv.az\/wp-content\/uploads\/2019\/11\/75513522_1033722310295295_1460206941253926912_n.jpg",620,345,false],"portraits":["https:\/\/arantv.az\/wp-content\/uploads\/2019\/11\/75513522_1033722310295295_1460206941253926912_n.jpg",620,345,false],"thumbnail":["https:\/\/arantv.az\/wp-content\/uploads\/2019\/11\/75513522_1033722310295295_1460206941253926912_n-150x150.jpg",150,150,true],"medium":["https:\/\/arantv.az\/wp-content\/uploads\/2019\/11\/75513522_1033722310295295_1460206941253926912_n-300x167.jpg",300,167,true],"large":["https:\/\/arantv.az\/wp-content\/uploads\/2019\/11\/75513522_1033722310295295_1460206941253926912_n.jpg",620,345,false],"1536x1536":["https:\/\/arantv.az\/wp-content\/uploads\/2019\/11\/75513522_1033722310295295_1460206941253926912_n.jpg",620,345,false],"2048x2048":["https:\/\/arantv.az\/wp-content\/uploads\/2019\/11\/75513522_1033722310295295_1460206941253926912_n.jpg",620,345,false],"post-thumbnail":["https:\/\/arantv.az\/wp-content\/uploads\/2019\/11\/75513522_1033722310295295_1460206941253926912_n-240x172.jpg",240,172,true],"advps-thumb-one":["https:\/\/arantv.az\/wp-content\/uploads\/2019\/11\/75513522_1033722310295295_1460206941253926912_n.jpg",620,345,false]},"rttpg_author":{"display_name":"V\u00fcsal Rafiqo\u011flu","author_link":"https:\/\/arantv.az\/?author=2"},"rttpg_comment":0,"rttpg_category":"<a href=\"https:\/\/arantv.az\/?cat=7\" rel=\"category\">D\u00fcnya<\/a>","rttpg_excerpt":"Almaniyan\u0131n sabiq Prezidenti\u00a0Rixard fon\u00a0Vayszekkerin o\u011flu Fritz fon Vayszekker r\u0259hb\u0259rlik etdiyi klinikada m\u0259ruz\u0259 oxuyark\u0259n cinay\u0259tkar t\u0259r\u0259find\u0259n \u00f6l\u00fcmc\u00fcl yaralan\u0131b. Bu bar\u0259d\u0259 \u201cRundfunk Berlin-Brandenburg\u201d n\u0259\u015fri m\u0259lumat verib. Polisin m\u0259lumat\u0131na g\u00f6r\u0259, hadis\u0259 Berlind\u0259 \u015earlottenburq\u00a0saray\u0131 yax\u0131nl\u0131\u011f\u0131nda yerl\u0259\u015f\u0259n Schlosspark klinikas\u0131nda ba\u015f verib. \u00c7\u0131x\u0131\u015f zaman\u0131 bir ki\u015fi Vayszekker\u0259 yax\u0131nla\u015faraq, onu b\u0131\u00e7aqlay\u0131b. 59 ya\u015fl\u0131 h\u0259kim ald\u0131\u011f\u0131 yaralardan h\u0259yat\u0131n\u0131 itirib. Hadis\u0259 zaman\u0131 caniy\u0259 mane&hellip;","_links":{"self":[{"href":"https:\/\/arantv.az\/index.php?rest_route=\/wp\/v2\/posts\/98350"}],"collection":[{"href":"https:\/\/arantv.az\/index.php?rest_route=\/wp\/v2\/posts"}],"about":[{"href":"https:\/\/arantv.az\/index.php?rest_route=\/wp\/v2\/types\/post"}],"author":[{"embeddable":true,"href":"https:\/\/arantv.az\/index.php?rest_route=\/wp\/v2\/users\/2"}],"replies":[{"embeddable":true,"href":"https:\/\/arantv.az\/index.php?rest_route=%2Fwp%2Fv2%2Fcomments&post=98350"}],"version-history":[{"count":0,"href":"https:\/\/arantv.az\/index.php?rest_route=\/wp\/v2\/posts\/98350\/revisions"}],"wp:featuredmedia":[{"embeddable":true,"href":"https:\/\/arantv.az\/index.php?rest_route=\/wp\/v2\/media\/98351"}],"wp:attachment":[{"href":"https:\/\/arantv.az\/index.php?rest_route=%2Fwp%2Fv2%2Fmedia&parent=98350"}],"wp:term":[{"taxonomy":"category","embeddable":true,"href":"https:\/\/arantv.az\/index.php?rest_route=%2Fwp%2Fv2%2Fcategories&post=98350"},{"taxonomy":"post_tag","embeddable":true,"href":"https:\/\/arantv.az\/index.php?rest_route=%2Fwp%2Fv2%2Ftags&post=98350"}],"curies":[{"name":"wp","href":"https:\/\/api.w.org\/{rel}","templated":true}]}}