{"id":98358,"date":"2019-11-20T10:11:41","date_gmt":"2019-11-20T07:11:41","guid":{"rendered":"http:\/\/arantv.az\/?p=98358"},"modified":"2019-11-20T10:11:41","modified_gmt":"2019-11-20T07:11:41","slug":"baki-istanbul-t%c9%99yyar%c9%99si-t%c9%99cili-enis-etdi-s%c9%99rnisinin-hali-pisl%c9%99sib","status":"publish","type":"post","link":"https:\/\/arantv.az\/?p=98358","title":{"rendered":"Bak\u0131-\u0130stanbul t\u0259yyar\u0259si t\u0259cili eni\u015f etdi &#8211; S\u0259rni\u015finin hal\u0131 pisl\u0259\u015fib"},"content":{"rendered":"<p>S\u0259rni\u015finl\u0259rd\u0259n birinin hal\u0131n\u0131n q\u0259fil pisl\u0259\u015fm\u0259si il\u0259 \u0259laq\u0259dar olaraq \u201cButa Airways\u201din J2 9103 n\u00f6mr\u0259li aviareysind\u0259 hava g\u0259misinin kapitan\u0131 u\u00e7u\u015f aeroportuna geri qay\u0131tmaq q\u0259rar\u0131 al\u0131b.<\/p>\n<p>\u201cButa Airways\u201d avia\u015firk\u0259tinin m\u0259tbuat xidm\u0259tind\u0259n veril\u0259n m\u0259lumata g\u00f6r\u0259, reys Bak\u0131 vaxt\u0131 il\u0259 saat 09:40-da u\u011furlu eni\u015f edib.<\/p>\n<p>T\u0259yyar\u0259 Bak\u0131-\u0130stanbul mar\u015frutu \u00fczr\u0259 reysi yerin\u0259 yetirib.\u00a0G\u00f6y\u0259rt\u0259d\u0259 104 s\u0259rni\u015fin olub.<\/p>\n<p>X\u0259st\u0259 s\u0259rni\u015fini tibb \u0259m\u0259kda\u015flar\u0131na t\u0259hvil verdikd\u0259n sonra t\u0259yyar\u0259nin ekipaj\u0131n\u0131n \u0130stanbula u\u00e7u\u015fa haz\u0131rla\u015faca\u011f\u0131 g\u00f6zl\u0259nilir.<\/p>\n","protected":false},"excerpt":{"rendered":"<p>S\u0259rni\u015finl\u0259rd\u0259n birinin hal\u0131n\u0131n q\u0259fil pisl\u0259\u015fm\u0259si il\u0259 \u0259laq\u0259dar olaraq \u201cButa Airways\u201din J2 9103 n\u00f6mr\u0259li aviareysind\u0259 hava g\u0259misinin kapitan\u0131 u\u00e7u\u015f aeroportuna geri qay\u0131tmaq q\u0259rar\u0131 al\u0131b. \u201cButa Airways\u201d avia\u015firk\u0259tinin m\u0259tbuat xidm\u0259tind\u0259n veril\u0259n m\u0259lumata g\u00f6r\u0259, reys Bak\u0131 vaxt\u0131 il\u0259 saat 09:40-da u\u011furlu eni\u015f edib. T\u0259yyar\u0259 Bak\u0131-\u0130stanbul mar\u015frutu \u00fczr\u0259 reysi yerin\u0259 yetirib.\u00a0G\u00f6y\u0259rt\u0259d\u0259 104 s\u0259rni\u015fin olub. X\u0259st\u0259 s\u0259rni\u015fini tibb \u0259m\u0259kda\u015flar\u0131na t\u0259hvil verdikd\u0259n sonra t\u0259yyar\u0259nin ekipaj\u0131n\u0131n \u0130stanbula u\u00e7u\u015fa haz\u0131rla\u015faca\u011f\u0131 g\u00f6zl\u0259nilir.<\/p>\n","protected":false},"author":2,"featured_media":98359,"comment_status":"closed","ping_status":"closed","sticky":false,"template":"","format":"standard","meta":{"om_disable_all_campaigns":false,"_monsterinsights_skip_tracking":false,"_monsterinsights_sitenote_active":false,"_monsterinsights_sitenote_note":"","_monsterinsights_sitenote_category":0},"categories":[1],"tags":[],"aioseo_notices":[],"gutentor_comment":0,"rttpg_featured_image_url":{"full":["https:\/\/arantv.az\/wp-content\/uploads\/2019\/11\/buta_airways.jpg",620,405,false],"landscape":["https:\/\/arantv.az\/wp-content\/uploads\/2019\/11\/buta_airways.jpg",620,405,false],"portraits":["https:\/\/arantv.az\/wp-content\/uploads\/2019\/11\/buta_airways.jpg",620,405,false],"thumbnail":["https:\/\/arantv.az\/wp-content\/uploads\/2019\/11\/buta_airways-150x150.jpg",150,150,true],"medium":["https:\/\/arantv.az\/wp-content\/uploads\/2019\/11\/buta_airways-300x196.jpg",300,196,true],"large":["https:\/\/arantv.az\/wp-content\/uploads\/2019\/11\/buta_airways.jpg",620,405,false],"1536x1536":["https:\/\/arantv.az\/wp-content\/uploads\/2019\/11\/buta_airways.jpg",620,405,false],"2048x2048":["https:\/\/arantv.az\/wp-content\/uploads\/2019\/11\/buta_airways.jpg",620,405,false],"post-thumbnail":["https:\/\/arantv.az\/wp-content\/uploads\/2019\/11\/buta_airways-240x172.jpg",240,172,true],"advps-thumb-one":["https:\/\/arantv.az\/wp-content\/uploads\/2019\/11\/buta_airways.jpg",620,405,false]},"rttpg_author":{"display_name":"V\u00fcsal Rafiqo\u011flu","author_link":"https:\/\/arantv.az\/?author=2"},"rttpg_comment":0,"rttpg_category":"<a href=\"https:\/\/arantv.az\/?cat=1\" rel=\"category\">C\u0259miyy\u0259t<\/a>","rttpg_excerpt":"S\u0259rni\u015finl\u0259rd\u0259n birinin hal\u0131n\u0131n q\u0259fil pisl\u0259\u015fm\u0259si il\u0259 \u0259laq\u0259dar olaraq \u201cButa Airways\u201din J2 9103 n\u00f6mr\u0259li aviareysind\u0259 hava g\u0259misinin kapitan\u0131 u\u00e7u\u015f aeroportuna geri qay\u0131tmaq q\u0259rar\u0131 al\u0131b. \u201cButa Airways\u201d avia\u015firk\u0259tinin m\u0259tbuat xidm\u0259tind\u0259n veril\u0259n m\u0259lumata g\u00f6r\u0259, reys Bak\u0131 vaxt\u0131 il\u0259 saat 09:40-da u\u011furlu eni\u015f edib. T\u0259yyar\u0259 Bak\u0131-\u0130stanbul mar\u015frutu \u00fczr\u0259 reysi yerin\u0259 yetirib.\u00a0G\u00f6y\u0259rt\u0259d\u0259 104 s\u0259rni\u015fin olub. X\u0259st\u0259 s\u0259rni\u015fini tibb \u0259m\u0259kda\u015flar\u0131na t\u0259hvil&hellip;","_links":{"self":[{"href":"https:\/\/arantv.az\/index.php?rest_route=\/wp\/v2\/posts\/98358"}],"collection":[{"href":"https:\/\/arantv.az\/index.php?rest_route=\/wp\/v2\/posts"}],"about":[{"href":"https:\/\/arantv.az\/index.php?rest_route=\/wp\/v2\/types\/post"}],"author":[{"embeddable":true,"href":"https:\/\/arantv.az\/index.php?rest_route=\/wp\/v2\/users\/2"}],"replies":[{"embeddable":true,"href":"https:\/\/arantv.az\/index.php?rest_route=%2Fwp%2Fv2%2Fcomments&post=98358"}],"version-history":[{"count":0,"href":"https:\/\/arantv.az\/index.php?rest_route=\/wp\/v2\/posts\/98358\/revisions"}],"wp:featuredmedia":[{"embeddable":true,"href":"https:\/\/arantv.az\/index.php?rest_route=\/wp\/v2\/media\/98359"}],"wp:attachment":[{"href":"https:\/\/arantv.az\/index.php?rest_route=%2Fwp%2Fv2%2Fmedia&parent=98358"}],"wp:term":[{"taxonomy":"category","embeddable":true,"href":"https:\/\/arantv.az\/index.php?rest_route=%2Fwp%2Fv2%2Fcategories&post=98358"},{"taxonomy":"post_tag","embeddable":true,"href":"https:\/\/arantv.az\/index.php?rest_route=%2Fwp%2Fv2%2Ftags&post=98358"}],"curies":[{"name":"wp","href":"https:\/\/api.w.org\/{rel}","templated":true}]}}