{"id":98378,"date":"2019-11-20T10:18:53","date_gmt":"2019-11-20T07:18:53","guid":{"rendered":"http:\/\/arantv.az\/?p=98378"},"modified":"2019-11-20T10:18:53","modified_gmt":"2019-11-20T07:18:53","slug":"din-itl%c9%99rin-kutl%c9%99vi-s%c9%99kild%c9%99-oldurulm%c9%99sini-arasdirir-foto","status":"publish","type":"post","link":"https:\/\/arantv.az\/?p=98378","title":{"rendered":"D\u0130N itl\u0259rin k\u00fctl\u0259vi \u015f\u0259kild\u0259 \u00f6ld\u00fcr\u00fclm\u0259sini ara\u015fd\u0131r\u0131r &#8211; FOTO"},"content":{"rendered":"<p>Xa\u00e7maz rayonunda s\u0131\u011f\u0131nacaqda saxlan\u0131lan itl\u0259r k\u00fctl\u0259vi \u015f\u0259kild\u0259 t\u0259l\u0259f olub.<\/p>\n<p><b>ARANTV.AZ\u00a0<\/b>x\u0259b\u0259r verir ki, bunu qafqazinfo-ya a\u00e7\u0131qlamas\u0131nda h\u0259min s\u0131\u011f\u0131naca\u011f\u0131n sahibi Nail\u0259 R\u00fcst\u0259mli bildirib. O deyib ki, 15 it iki g\u00fcn \u0259vv\u0259l s\u0131\u011f\u0131naca\u011f\u0131n h\u0259y\u0259tind\u0259 g\u0259zib, ax\u015famdan is\u0259 onlarda z\u0259h\u0259rl\u0259nm\u0259 \u0259lam\u0259tl\u0259ri a\u015fkar olunub: &#8220;K\u00fctl\u0259vi \u015f\u0259kild\u0259 komaya d\u00fc\u015f\u00fcrd\u00fcl\u0259r. \u00dcmumi 15 it z\u0259h\u0259rl\u0259nib, 11-i \u00f6l\u00fcb. 4-\u00fc m\u00fcalic\u0259 olunur. Amma aya\u011fa dura bilmirl\u0259r, m\u00fcqavim\u0259tl\u0259ri yerind\u0259 deyil, a\u011fr\u0131 \u00e7\u0259kirl\u0259r.<\/p>\n<div><\/div>\n<p>Bunu ed\u0259nin kim oldu\u011funu d\u0259qiq bilmirik. Amma \u015f\u00fcbh\u0259l\u0259ndiyimiz 2-3 n\u0259f\u0259r var. Hansi ki, birincisi qon\u015fu ba\u011f\u0131n sahibi, Xa\u00e7mazda v\u0259zif\u0259li bir \u015f\u0259xsdir. D\u0259f\u0259l\u0259rl\u0259 m\u0259n\u0259 h\u0259d\u0259-qorxu g\u0259lib, bir d\u0259f\u0259 i\u015f\u00e7isi itl\u0259rimiz\u0259 g\u00fcll\u0259 at\u0131b. \u018fn \u00e7ox \u015f\u00fcbh\u0259 etdiyim odur&#8221;.<\/p>\n<p>N.R\u00fcst\u0259mli bildirib ki, sa\u011f qalan itl\u0259r m\u00fcalic\u0259 \u00fc\u00e7\u00fcn Bak\u0131ya g\u0259tirilib v\u0259 onlardan n\u00fcmun\u0259l\u0259r g\u00f6t\u00fcr\u00fcl\u0259r\u0259k analiz verilib: &#8220;N\u0259tic\u0259l\u0259r ham\u0131s\u0131 a\u015fa\u011f\u0131 d\u0259r\u0259c\u0259li oldu. H\u0259kim dedi ki, bu tramadol, ya da dig\u0259r psixotrop d\u0259rman ver\u0259nd\u0259 bel\u0259 olur. Y\u0259ni itl\u0259rin d\u0259rmanla z\u0259h\u0259rl\u0259ndiyi t\u0259sdiql\u0259ndi&#8221;.<\/p>\n<p>N.R\u00fcst\u0259mli hadis\u0259 il\u0259 ba\u011fl\u0131 Daxili \u0130\u015fl\u0259r Nazirliyinin 102 xidm\u0259tin\u0259 d\u0259 m\u0259lumat verib: &#8220;D\u00fcn\u0259n g\u00fcnorta qaynar x\u0259tt\u0259 \u015fikay\u0259t etdim, iki saat sonra Xa\u00e7maz Rayon Polis \u015e\u00f6b\u0259sind\u0259n \u0259m\u0259kda\u015flar g\u0259lib izahat ald\u0131&#8221;.<\/p>\n<p>Nazirliyin M\u0259tbuat Xidm\u0259tinin Quba regional qrupundan sayta bildirilib ki, m\u00fcraci\u0259tl\u0259 ba\u011fl\u0131 \u015fikay\u0259t\u00e7inin izahat\u0131 al\u0131n\u0131b v\u0259 itl\u0259rin \u00f6l\u00fcm\u00fc fakt\u0131 \u00fcz\u0259rind\u0259 ara\u015fd\u0131rmalara ba\u015flan\u0131l\u0131b: &#8220;\u018fg\u0259r ara\u015fd\u0131rma n\u0259tic\u0259sind\u0259 itl\u0259rin kim v\u0259 ya kiml\u0259rs\u0259 t\u0259r\u0259find\u0259n q\u0259sd\u0259n \u00f6ld\u00fcr\u00fcld\u00fcy\u00fc a\u015fkar olunarsa, h\u0259min \u015f\u0259xs cinay\u0259t m\u0259suliyy\u0259tin\u0259 c\u0259lb edil\u0259c\u0259k&#8221;.<\/p>\n","protected":false},"excerpt":{"rendered":"<p>Xa\u00e7maz rayonunda s\u0131\u011f\u0131nacaqda saxlan\u0131lan itl\u0259r k\u00fctl\u0259vi \u015f\u0259kild\u0259 t\u0259l\u0259f olub. ARANTV.AZ\u00a0x\u0259b\u0259r verir ki, bunu qafqazinfo-ya a\u00e7\u0131qlamas\u0131nda h\u0259min s\u0131\u011f\u0131naca\u011f\u0131n sahibi Nail\u0259 R\u00fcst\u0259mli bildirib. O deyib ki, 15 it iki g\u00fcn \u0259vv\u0259l s\u0131\u011f\u0131naca\u011f\u0131n h\u0259y\u0259tind\u0259 g\u0259zib, ax\u015famdan is\u0259 onlarda z\u0259h\u0259rl\u0259nm\u0259 \u0259lam\u0259tl\u0259ri a\u015fkar olunub: &#8220;K\u00fctl\u0259vi \u015f\u0259kild\u0259 komaya d\u00fc\u015f\u00fcrd\u00fcl\u0259r. \u00dcmumi 15 it z\u0259h\u0259rl\u0259nib, 11-i \u00f6l\u00fcb. 4-\u00fc m\u00fcalic\u0259 olunur. Amma aya\u011fa dura bilmirl\u0259r, m\u00fcqavim\u0259tl\u0259ri yerind\u0259 deyil, a\u011fr\u0131 \u00e7\u0259kirl\u0259r. Bunu ed\u0259nin kim oldu\u011funu d\u0259qiq bilmirik. Amma \u015f\u00fcbh\u0259l\u0259ndiyimiz 2-3 n\u0259f\u0259r var. Hansi ki, birincisi qon\u015fu ba\u011f\u0131n sahibi, Xa\u00e7mazda v\u0259zif\u0259li bir \u015f\u0259xsdir. D\u0259f\u0259l\u0259rl\u0259 m\u0259n\u0259 h\u0259d\u0259-qorxu g\u0259lib, bir d\u0259f\u0259 i\u015f\u00e7isi itl\u0259rimiz\u0259&hellip;<\/p>\n","protected":false},"author":2,"featured_media":98379,"comment_status":"closed","ping_status":"closed","sticky":false,"template":"","format":"standard","meta":{"om_disable_all_campaigns":false,"_monsterinsights_skip_tracking":false,"_monsterinsights_sitenote_active":false,"_monsterinsights_sitenote_note":"","_monsterinsights_sitenote_category":0},"categories":[1],"tags":[],"aioseo_notices":[],"gutentor_comment":0,"rttpg_featured_image_url":{"full":["https:\/\/arantv.az\/wp-content\/uploads\/2019\/11\/803659.jpg",549,412,false],"landscape":["https:\/\/arantv.az\/wp-content\/uploads\/2019\/11\/803659.jpg",549,412,false],"portraits":["https:\/\/arantv.az\/wp-content\/uploads\/2019\/11\/803659.jpg",549,412,false],"thumbnail":["https:\/\/arantv.az\/wp-content\/uploads\/2019\/11\/803659-150x150.jpg",150,150,true],"medium":["https:\/\/arantv.az\/wp-content\/uploads\/2019\/11\/803659-300x225.jpg",300,225,true],"large":["https:\/\/arantv.az\/wp-content\/uploads\/2019\/11\/803659.jpg",549,412,false],"1536x1536":["https:\/\/arantv.az\/wp-content\/uploads\/2019\/11\/803659.jpg",549,412,false],"2048x2048":["https:\/\/arantv.az\/wp-content\/uploads\/2019\/11\/803659.jpg",549,412,false],"post-thumbnail":["https:\/\/arantv.az\/wp-content\/uploads\/2019\/11\/803659-240x172.jpg",240,172,true],"advps-thumb-one":["https:\/\/arantv.az\/wp-content\/uploads\/2019\/11\/803659.jpg",549,412,false]},"rttpg_author":{"display_name":"V\u00fcsal Rafiqo\u011flu","author_link":"https:\/\/arantv.az\/?author=2"},"rttpg_comment":0,"rttpg_category":"<a href=\"https:\/\/arantv.az\/?cat=1\" rel=\"category\">C\u0259miyy\u0259t<\/a>","rttpg_excerpt":"Xa\u00e7maz rayonunda s\u0131\u011f\u0131nacaqda saxlan\u0131lan itl\u0259r k\u00fctl\u0259vi \u015f\u0259kild\u0259 t\u0259l\u0259f olub. ARANTV.AZ\u00a0x\u0259b\u0259r verir ki, bunu qafqazinfo-ya a\u00e7\u0131qlamas\u0131nda h\u0259min s\u0131\u011f\u0131naca\u011f\u0131n sahibi Nail\u0259 R\u00fcst\u0259mli bildirib. O deyib ki, 15 it iki g\u00fcn \u0259vv\u0259l s\u0131\u011f\u0131naca\u011f\u0131n h\u0259y\u0259tind\u0259 g\u0259zib, ax\u015famdan is\u0259 onlarda z\u0259h\u0259rl\u0259nm\u0259 \u0259lam\u0259tl\u0259ri a\u015fkar olunub: &#8220;K\u00fctl\u0259vi \u015f\u0259kild\u0259 komaya d\u00fc\u015f\u00fcrd\u00fcl\u0259r. \u00dcmumi 15 it z\u0259h\u0259rl\u0259nib, 11-i \u00f6l\u00fcb. 4-\u00fc m\u00fcalic\u0259 olunur. Amma aya\u011fa dura&hellip;","_links":{"self":[{"href":"https:\/\/arantv.az\/index.php?rest_route=\/wp\/v2\/posts\/98378"}],"collection":[{"href":"https:\/\/arantv.az\/index.php?rest_route=\/wp\/v2\/posts"}],"about":[{"href":"https:\/\/arantv.az\/index.php?rest_route=\/wp\/v2\/types\/post"}],"author":[{"embeddable":true,"href":"https:\/\/arantv.az\/index.php?rest_route=\/wp\/v2\/users\/2"}],"replies":[{"embeddable":true,"href":"https:\/\/arantv.az\/index.php?rest_route=%2Fwp%2Fv2%2Fcomments&post=98378"}],"version-history":[{"count":0,"href":"https:\/\/arantv.az\/index.php?rest_route=\/wp\/v2\/posts\/98378\/revisions"}],"wp:featuredmedia":[{"embeddable":true,"href":"https:\/\/arantv.az\/index.php?rest_route=\/wp\/v2\/media\/98379"}],"wp:attachment":[{"href":"https:\/\/arantv.az\/index.php?rest_route=%2Fwp%2Fv2%2Fmedia&parent=98378"}],"wp:term":[{"taxonomy":"category","embeddable":true,"href":"https:\/\/arantv.az\/index.php?rest_route=%2Fwp%2Fv2%2Fcategories&post=98378"},{"taxonomy":"post_tag","embeddable":true,"href":"https:\/\/arantv.az\/index.php?rest_route=%2Fwp%2Fv2%2Ftags&post=98378"}],"curies":[{"name":"wp","href":"https:\/\/api.w.org\/{rel}","templated":true}]}}