{"id":98451,"date":"2019-11-20T11:17:36","date_gmt":"2019-11-20T08:17:36","guid":{"rendered":"http:\/\/arantv.az\/?p=98451"},"modified":"2019-11-20T11:17:36","modified_gmt":"2019-11-20T08:17:36","slug":"mtk-dan-narazi-olan-baki-sakini-intihara-c%c9%99hd-etdi-video","status":"publish","type":"post","link":"https:\/\/arantv.az\/?p=98451","title":{"rendered":"MTK-dan naraz\u0131 olan Bak\u0131 sakini intihara c\u0259hd etdi &#8211; V\u0130DEO"},"content":{"rendered":"<p>S\u0259h\u0259r saatlar\u0131nda Bak\u0131da ki\u015fi intihara c\u0259hd edib.<\/p>\n<p><strong>ARANTV.AZ<\/strong> x\u0259b\u0259r verir ki, hadis\u0259 N\u0259simi rayonu, Mir\u0259li Qa\u015fqay k\u00fc\u00e7\u0259sind\u0259 ba\u015f verib.<\/p>\n<p>Qam\u0259t A\u011fayev ya\u015fad\u0131\u011f\u0131 binan\u0131n dam\u0131na \u00e7\u0131xaraq, h\u0259yat\u0131na son qoymaq ist\u0259yib.<\/p>\n<article class=\"news\">\n<div class=\"news-inner\">\n<p>M\u0259lum olub ki, buna s\u0259b\u0259b onun m\u0259nzilinin m\u0259xsus oldu\u011fu MTK-dan naraz\u0131l\u0131\u011f\u0131d\u0131r. O, m\u0259nzilinin kommunal t\u0259chizat\u0131ndan naraz\u0131 oldu\u011fu \u00fc\u00e7\u00fcn bu add\u0131m\u0131 atmaq q\u0259rar\u0131na g\u0259lib.<\/p>\n<p>Q.A\u011fayev bildirib ki, 2006-c\u0131 ild\u0259\u0131 \u201cAslan\u201d MTK-dan 45 min manata m\u0259nzil al\u0131b. O, yaln\u0131z bir ne\u00e7\u0259 il sonra \u00f6yr\u0259nib ki, ald\u0131\u011f\u0131 m\u0259nzil 81 yox, 68 kvadrat metrdir. \u00dcst\u0259lik, m\u0259nzilin kommunal probleml\u0259ri d\u0259 ill\u0259rdir h\u0259llini tapm\u0131r. O, art\u0131q bu \u015f\u0259raitd\u0259 ya\u015famaqdan bezdiyini qeyd edib.<\/p>\n<p>Q.A\u011fayevin intihara c\u0259hdini izl\u0259y\u0259nl\u0259r aras\u0131nda olan MTK-n\u0131n r\u0259hb\u0259ri v\u0259zif\u0259sini m\u00fcv\u0259qq\u0259ti icra ed\u0259n \u015f\u0259xs jurnalistl\u0259rin suallar\u0131n\u0131 cavabland\u0131rmaq ist\u0259m\u0259diyini deyib.ARB<\/p>\n<div><iframe loading=\"lazy\" src=\"https:\/\/www.youtube.com\/embed\/7xCdWISwsHk\" width=\"560\" height=\"315\" frameborder=\"0\" allowfullscreen=\"allowfullscreen\" data-mce-fragment=\"1\"><\/iframe><\/div>\n<\/div>\n<\/article>\n<h2 class=\"news-share-title\"><\/h2>\n","protected":false},"excerpt":{"rendered":"<p>S\u0259h\u0259r saatlar\u0131nda Bak\u0131da ki\u015fi intihara c\u0259hd edib. ARANTV.AZ x\u0259b\u0259r verir ki, hadis\u0259 N\u0259simi rayonu, Mir\u0259li Qa\u015fqay k\u00fc\u00e7\u0259sind\u0259 ba\u015f verib. Qam\u0259t A\u011fayev ya\u015fad\u0131\u011f\u0131 binan\u0131n dam\u0131na \u00e7\u0131xaraq, h\u0259yat\u0131na son qoymaq ist\u0259yib. M\u0259lum olub ki, buna s\u0259b\u0259b onun m\u0259nzilinin m\u0259xsus oldu\u011fu MTK-dan naraz\u0131l\u0131\u011f\u0131d\u0131r. O, m\u0259nzilinin kommunal t\u0259chizat\u0131ndan naraz\u0131 oldu\u011fu \u00fc\u00e7\u00fcn bu add\u0131m\u0131 atmaq q\u0259rar\u0131na g\u0259lib. Q.A\u011fayev bildirib ki, 2006-c\u0131 ild\u0259\u0131 \u201cAslan\u201d MTK-dan 45 min manata m\u0259nzil al\u0131b. O, yaln\u0131z bir ne\u00e7\u0259 il sonra \u00f6yr\u0259nib ki, ald\u0131\u011f\u0131 m\u0259nzil 81 yox, 68 kvadrat metrdir. \u00dcst\u0259lik, m\u0259nzilin kommunal probleml\u0259ri d\u0259 ill\u0259rdir h\u0259llini tapm\u0131r. O, art\u0131q bu&hellip;<\/p>\n","protected":false},"author":2,"featured_media":98452,"comment_status":"closed","ping_status":"closed","sticky":false,"template":"","format":"standard","meta":{"om_disable_all_campaigns":false,"_monsterinsights_skip_tracking":false,"_monsterinsights_sitenote_active":false,"_monsterinsights_sitenote_note":"","_monsterinsights_sitenote_category":0},"categories":[1],"tags":[],"aioseo_notices":[],"gutentor_comment":0,"rttpg_featured_image_url":{"full":["https:\/\/arantv.az\/wp-content\/uploads\/2019\/11\/intihar_0414.jpg",620,465,false],"landscape":["https:\/\/arantv.az\/wp-content\/uploads\/2019\/11\/intihar_0414.jpg",620,465,false],"portraits":["https:\/\/arantv.az\/wp-content\/uploads\/2019\/11\/intihar_0414.jpg",620,465,false],"thumbnail":["https:\/\/arantv.az\/wp-content\/uploads\/2019\/11\/intihar_0414-150x150.jpg",150,150,true],"medium":["https:\/\/arantv.az\/wp-content\/uploads\/2019\/11\/intihar_0414-300x225.jpg",300,225,true],"large":["https:\/\/arantv.az\/wp-content\/uploads\/2019\/11\/intihar_0414.jpg",620,465,false],"1536x1536":["https:\/\/arantv.az\/wp-content\/uploads\/2019\/11\/intihar_0414.jpg",620,465,false],"2048x2048":["https:\/\/arantv.az\/wp-content\/uploads\/2019\/11\/intihar_0414.jpg",620,465,false],"post-thumbnail":["https:\/\/arantv.az\/wp-content\/uploads\/2019\/11\/intihar_0414-240x172.jpg",240,172,true],"advps-thumb-one":["https:\/\/arantv.az\/wp-content\/uploads\/2019\/11\/intihar_0414.jpg",620,465,false]},"rttpg_author":{"display_name":"V\u00fcsal Rafiqo\u011flu","author_link":"https:\/\/arantv.az\/?author=2"},"rttpg_comment":0,"rttpg_category":"<a href=\"https:\/\/arantv.az\/?cat=1\" rel=\"category\">C\u0259miyy\u0259t<\/a>","rttpg_excerpt":"S\u0259h\u0259r saatlar\u0131nda Bak\u0131da ki\u015fi intihara c\u0259hd edib. ARANTV.AZ x\u0259b\u0259r verir ki, hadis\u0259 N\u0259simi rayonu, Mir\u0259li Qa\u015fqay k\u00fc\u00e7\u0259sind\u0259 ba\u015f verib. Qam\u0259t A\u011fayev ya\u015fad\u0131\u011f\u0131 binan\u0131n dam\u0131na \u00e7\u0131xaraq, h\u0259yat\u0131na son qoymaq ist\u0259yib. M\u0259lum olub ki, buna s\u0259b\u0259b onun m\u0259nzilinin m\u0259xsus oldu\u011fu MTK-dan naraz\u0131l\u0131\u011f\u0131d\u0131r. O, m\u0259nzilinin kommunal t\u0259chizat\u0131ndan naraz\u0131 oldu\u011fu \u00fc\u00e7\u00fcn bu add\u0131m\u0131 atmaq q\u0259rar\u0131na g\u0259lib. Q.A\u011fayev bildirib ki,&hellip;","_links":{"self":[{"href":"https:\/\/arantv.az\/index.php?rest_route=\/wp\/v2\/posts\/98451"}],"collection":[{"href":"https:\/\/arantv.az\/index.php?rest_route=\/wp\/v2\/posts"}],"about":[{"href":"https:\/\/arantv.az\/index.php?rest_route=\/wp\/v2\/types\/post"}],"author":[{"embeddable":true,"href":"https:\/\/arantv.az\/index.php?rest_route=\/wp\/v2\/users\/2"}],"replies":[{"embeddable":true,"href":"https:\/\/arantv.az\/index.php?rest_route=%2Fwp%2Fv2%2Fcomments&post=98451"}],"version-history":[{"count":0,"href":"https:\/\/arantv.az\/index.php?rest_route=\/wp\/v2\/posts\/98451\/revisions"}],"wp:featuredmedia":[{"embeddable":true,"href":"https:\/\/arantv.az\/index.php?rest_route=\/wp\/v2\/media\/98452"}],"wp:attachment":[{"href":"https:\/\/arantv.az\/index.php?rest_route=%2Fwp%2Fv2%2Fmedia&parent=98451"}],"wp:term":[{"taxonomy":"category","embeddable":true,"href":"https:\/\/arantv.az\/index.php?rest_route=%2Fwp%2Fv2%2Fcategories&post=98451"},{"taxonomy":"post_tag","embeddable":true,"href":"https:\/\/arantv.az\/index.php?rest_route=%2Fwp%2Fv2%2Ftags&post=98451"}],"curies":[{"name":"wp","href":"https:\/\/api.w.org\/{rel}","templated":true}]}}