{"id":98467,"date":"2019-11-20T11:22:51","date_gmt":"2019-11-20T08:22:51","guid":{"rendered":"http:\/\/arantv.az\/?p=98467"},"modified":"2019-11-20T11:22:51","modified_gmt":"2019-11-20T08:22:51","slug":"mikayil-cabbarova-yeni-v%c9%99zif%c9%99-verildi","status":"publish","type":"post","link":"https:\/\/arantv.az\/?p=98467","title":{"rendered":"Mikay\u0131l Cabbarova YEN\u0130 V\u018fZ\u0130F\u018f VER\u0130LD\u0130"},"content":{"rendered":"<p><strong>Az\u0259rbaycan \u0130qtisadiyyat naziri Mikay\u0131l Cabbarov MDB i\u015ftirak\u00e7\u0131s\u0131 olan d\u00f6vl\u0259tl\u0259rin Vergi Xidm\u0259tl\u0259ri r\u0259hb\u0259rl\u0259rinin Koordinasiya \u015euras\u0131n\u0131n s\u0259dri se\u00e7ilib.<\/strong><\/p>\n<p>\u015euran\u0131n n\u00f6vb\u0259ti iclas\u0131 Bak\u0131da ke\u00e7iril\u0259c\u0259k.<\/p>\n<p>M\u0259lumata g\u00f6r\u0259, bu bar\u0259d\u0259 q\u0259rar MDB \u00fczv d\u00f6vl\u0259tl\u0259rinin vergi xidm\u0259tl\u0259ri r\u0259hb\u0259rl\u0259rinin Koordinasiya \u015euras\u0131n\u0131n Moskvada ke\u00e7iril\u0259n XXVI iclas\u0131nda q\u0259bul olunub.<\/p>\n<p>\u0130clasda Az\u0259rbaycan\u0131 \u0130qtisadiyyat naziri Mikay\u0131l Cabbarov t\u0259msil edib. M.Cabbarov s\u0259dr v\u0259zif\u0259sini haz\u0131rda bu postda olan Rusiyan\u0131n Federal Vergi Xidm\u0259tinin r\u0259hb\u0259ri Mixay\u0131l Mi\u015fustind\u0259n t\u0259hvil al\u0131b.<\/p>\n<p>Xat\u0131rladaq ki, qeyd edil\u0259n t\u0259\u015fkilata Az\u0259rbaycan, Erm\u0259nistan, Belarus, Qazax\u0131stan, Q\u0131r\u011f\u0131z\u0131stan, Moldova, Rusiya, Tacikistan, \u00d6zb\u0259kistan, Ukrayna vergi qurumlar\u0131 daxildir. (report)<\/p>\n","protected":false},"excerpt":{"rendered":"<p>Az\u0259rbaycan \u0130qtisadiyyat naziri Mikay\u0131l Cabbarov MDB i\u015ftirak\u00e7\u0131s\u0131 olan d\u00f6vl\u0259tl\u0259rin Vergi Xidm\u0259tl\u0259ri r\u0259hb\u0259rl\u0259rinin Koordinasiya \u015euras\u0131n\u0131n s\u0259dri se\u00e7ilib. \u015euran\u0131n n\u00f6vb\u0259ti iclas\u0131 Bak\u0131da ke\u00e7iril\u0259c\u0259k. M\u0259lumata g\u00f6r\u0259, bu bar\u0259d\u0259 q\u0259rar MDB \u00fczv d\u00f6vl\u0259tl\u0259rinin vergi xidm\u0259tl\u0259ri r\u0259hb\u0259rl\u0259rinin Koordinasiya \u015euras\u0131n\u0131n Moskvada ke\u00e7iril\u0259n XXVI iclas\u0131nda q\u0259bul olunub. \u0130clasda Az\u0259rbaycan\u0131 \u0130qtisadiyyat naziri Mikay\u0131l Cabbarov t\u0259msil edib. M.Cabbarov s\u0259dr v\u0259zif\u0259sini haz\u0131rda bu postda olan Rusiyan\u0131n Federal Vergi Xidm\u0259tinin r\u0259hb\u0259ri Mixay\u0131l Mi\u015fustind\u0259n t\u0259hvil al\u0131b. Xat\u0131rladaq ki, qeyd edil\u0259n t\u0259\u015fkilata Az\u0259rbaycan, Erm\u0259nistan, Belarus, Qazax\u0131stan, Q\u0131r\u011f\u0131z\u0131stan, Moldova, Rusiya, Tacikistan, \u00d6zb\u0259kistan, Ukrayna vergi qurumlar\u0131 daxildir. (report)<\/p>\n","protected":false},"author":2,"featured_media":98468,"comment_status":"closed","ping_status":"closed","sticky":false,"template":"","format":"standard","meta":{"om_disable_all_campaigns":false,"_monsterinsights_skip_tracking":false,"_monsterinsights_sitenote_active":false,"_monsterinsights_sitenote_note":"","_monsterinsights_sitenote_category":0},"categories":[1],"tags":[],"aioseo_notices":[],"gutentor_comment":0,"rttpg_featured_image_url":{"full":["https:\/\/arantv.az\/wp-content\/uploads\/2019\/11\/mikayil_cabbarov00.jpg",800,450,false],"landscape":["https:\/\/arantv.az\/wp-content\/uploads\/2019\/11\/mikayil_cabbarov00.jpg",800,450,false],"portraits":["https:\/\/arantv.az\/wp-content\/uploads\/2019\/11\/mikayil_cabbarov00.jpg",800,450,false],"thumbnail":["https:\/\/arantv.az\/wp-content\/uploads\/2019\/11\/mikayil_cabbarov00-150x150.jpg",150,150,true],"medium":["https:\/\/arantv.az\/wp-content\/uploads\/2019\/11\/mikayil_cabbarov00-300x169.jpg",300,169,true],"large":["https:\/\/arantv.az\/wp-content\/uploads\/2019\/11\/mikayil_cabbarov00.jpg",640,360,false],"1536x1536":["https:\/\/arantv.az\/wp-content\/uploads\/2019\/11\/mikayil_cabbarov00.jpg",800,450,false],"2048x2048":["https:\/\/arantv.az\/wp-content\/uploads\/2019\/11\/mikayil_cabbarov00.jpg",800,450,false],"post-thumbnail":["https:\/\/arantv.az\/wp-content\/uploads\/2019\/11\/mikayil_cabbarov00-240x172.jpg",240,172,true],"advps-thumb-one":["https:\/\/arantv.az\/wp-content\/uploads\/2019\/11\/mikayil_cabbarov00.jpg",800,450,false]},"rttpg_author":{"display_name":"V\u00fcsal Rafiqo\u011flu","author_link":"https:\/\/arantv.az\/?author=2"},"rttpg_comment":0,"rttpg_category":"<a href=\"https:\/\/arantv.az\/?cat=1\" rel=\"category\">C\u0259miyy\u0259t<\/a>","rttpg_excerpt":"Az\u0259rbaycan \u0130qtisadiyyat naziri Mikay\u0131l Cabbarov MDB i\u015ftirak\u00e7\u0131s\u0131 olan d\u00f6vl\u0259tl\u0259rin Vergi Xidm\u0259tl\u0259ri r\u0259hb\u0259rl\u0259rinin Koordinasiya \u015euras\u0131n\u0131n s\u0259dri se\u00e7ilib. \u015euran\u0131n n\u00f6vb\u0259ti iclas\u0131 Bak\u0131da ke\u00e7iril\u0259c\u0259k. M\u0259lumata g\u00f6r\u0259, bu bar\u0259d\u0259 q\u0259rar MDB \u00fczv d\u00f6vl\u0259tl\u0259rinin vergi xidm\u0259tl\u0259ri r\u0259hb\u0259rl\u0259rinin Koordinasiya \u015euras\u0131n\u0131n Moskvada ke\u00e7iril\u0259n XXVI iclas\u0131nda q\u0259bul olunub. \u0130clasda Az\u0259rbaycan\u0131 \u0130qtisadiyyat naziri Mikay\u0131l Cabbarov t\u0259msil edib. M.Cabbarov s\u0259dr v\u0259zif\u0259sini haz\u0131rda bu postda olan&hellip;","_links":{"self":[{"href":"https:\/\/arantv.az\/index.php?rest_route=\/wp\/v2\/posts\/98467"}],"collection":[{"href":"https:\/\/arantv.az\/index.php?rest_route=\/wp\/v2\/posts"}],"about":[{"href":"https:\/\/arantv.az\/index.php?rest_route=\/wp\/v2\/types\/post"}],"author":[{"embeddable":true,"href":"https:\/\/arantv.az\/index.php?rest_route=\/wp\/v2\/users\/2"}],"replies":[{"embeddable":true,"href":"https:\/\/arantv.az\/index.php?rest_route=%2Fwp%2Fv2%2Fcomments&post=98467"}],"version-history":[{"count":0,"href":"https:\/\/arantv.az\/index.php?rest_route=\/wp\/v2\/posts\/98467\/revisions"}],"wp:featuredmedia":[{"embeddable":true,"href":"https:\/\/arantv.az\/index.php?rest_route=\/wp\/v2\/media\/98468"}],"wp:attachment":[{"href":"https:\/\/arantv.az\/index.php?rest_route=%2Fwp%2Fv2%2Fmedia&parent=98467"}],"wp:term":[{"taxonomy":"category","embeddable":true,"href":"https:\/\/arantv.az\/index.php?rest_route=%2Fwp%2Fv2%2Fcategories&post=98467"},{"taxonomy":"post_tag","embeddable":true,"href":"https:\/\/arantv.az\/index.php?rest_route=%2Fwp%2Fv2%2Ftags&post=98467"}],"curies":[{"name":"wp","href":"https:\/\/api.w.org\/{rel}","templated":true}]}}