{"id":98471,"date":"2019-11-20T11:24:46","date_gmt":"2019-11-20T08:24:46","guid":{"rendered":"http:\/\/arantv.az\/?p=98471"},"modified":"2019-11-20T11:24:46","modified_gmt":"2019-11-20T08:24:46","slug":"s%c9%99hid-ail%c9%99l%c9%99rin%c9%99-v%c9%99-%c9%99lill%c9%99r%c9%99-yeni-m%c9%99nzill%c9%99r-verildi","status":"publish","type":"post","link":"https:\/\/arantv.az\/?p=98471","title":{"rendered":"\u015e\u0259hid ail\u0259l\u0259rin\u0259 v\u0259 \u0259lill\u0259r\u0259 yeni m\u0259nzill\u0259r verildi"},"content":{"rendered":"<p><strong>\u018fm\u0259k v\u0259 \u018fhalinin Sosial M\u00fcdafi\u0259si Nazirliyi t\u0259r\u0259find\u0259n Ab\u015feron rayonunun M\u0259mm\u0259dli k\u0259ndind\u0259 yeni ya\u015fay\u0131\u015f binalar\u0131ndan al\u0131nm\u0131\u015f tam t\u0259mirli 50 m\u0259nzil \u015f\u0259hid ail\u0259l\u0259rin\u0259, Qaraba\u011f m\u00fcharib\u0259si v\u0259 20 Yanvar \u0259lill\u0259rin\u0259 t\u0259qdim edilib.<\/strong><\/p>\n<p>T\u0259dbird\u0259 \u018fm\u0259k v\u0259 \u018fhalinin Sosial M\u00fcdafi\u0259si nazirinin m\u00fcavini V\u00fcsal N\u0259sirli bildirib ki, Prezident \u0130lham \u018fliyevin u\u011furlu sosial siyas\u0259tin\u0259 uy\u011fun olaraq, h\u0259ssas qruplardan olan v\u0259t\u0259nda\u015flar\u0131n sosial m\u00fcdafi\u0259sinin g\u00fccl\u0259ndirilm\u0259si istiqam\u0259tind\u0259 m\u00fch\u00fcm t\u0259dbirl\u0259r h\u0259yata ke\u00e7irilir.<\/p>\n<p>Bu t\u0259dbirl\u0259r s\u0131ras\u0131nda m\u0259nzill\u0259 t\u0259minat proqram\u0131 da x\u00fcsusi yer tutur. 2018-ci ild\u0259 \u015f\u0259hid ail\u0259l\u0259ri v\u0259 \u00f6lk\u0259mizin \u0259razi b\u00fct\u00f6vl\u00fcy\u00fcn\u00fcn, m\u00fcst\u0259qilliyinin v\u0259 konstitusiya qurulu\u015funun m\u00fcdafi\u0259si il\u0259 \u0259laq\u0259dar \u0259lilliyi olan \u015f\u0259xsl\u0259r\u0259 n\u0259z\u0259rd\u0259 tutuldu\u011fundan 3 d\u0259f\u0259 \u00e7ox olmaqla, 626 m\u0259nzil t\u0259qdim edilibs\u0259, 2019-cu ild\u0259 onlara 934 m\u0259nzilin v\u0259 f\u0259rdi ya\u015fay\u0131\u015f evinin verilm\u0259si planla\u015fd\u0131r\u0131l\u0131b.<\/p>\n<p>Art\u0131q bu ilin \u00f6t\u0259n d\u00f6vr\u00fcnd\u0259 347 m\u0259nzil v\u0259 f\u0259rdi ev v\u0259t\u0259nda\u015flar\u0131n istifad\u0259sin\u0259 verilib. V.N\u0259sirli qeyd edib ki, bu istiqam\u0259td\u0259 t\u0259dbirl\u0259r ard\u0131c\u0131l \u015f\u0259kild\u0259 davam etdirilir. \u015e\u0259hid ail\u0259l\u0259ri v\u0259 \u00f6lk\u0259mizin \u0259razi b\u00fct\u00f6vl\u00fcy\u00fcn\u00fcn, m\u00fcst\u0259qilliyinin v\u0259 konstitusiya qurulu\u015funun m\u00fcdafi\u0259si il\u0259 \u0259laq\u0259dar \u0259lilliyi olan \u015f\u0259xsl\u0259r\u0259 indiy\u0259d\u0259k nazirlik t\u0259r\u0259find\u0259n 7 mind\u0259n \u00e7ox m\u0259nzil v\u0259 f\u0259rdi ev verilib.<\/p>\n<p>T\u0259qdim edil\u0259n m\u0259nzill\u0259rd\u0259, f\u0259rdi ya\u015fay\u0131\u015f evl\u0259rind\u0259 m\u00fcasir \u015f\u0259rait yarad\u0131l\u0131b v\u0259 qar\u015f\u0131dak\u0131 d\u00f6vrd\u0259 d\u0259 m\u0259nzill\u0259 t\u0259minat proqram\u0131 u\u011furla davam etdiril\u0259c\u0259k. Nazir m\u00fcavini onu da bildirib ki, 2018-ci ild\u0259 265 m\u00fcharib\u0259 \u0259lilin\u0259 avtomobil verilib.<\/p>\n<p>Cari ild\u0259 is\u0259 n\u0259z\u0259rd\u0259 tutuldu\u011fundan 3,2 d\u0259f\u0259 \u00e7ox olmaqla 600-\u0259 yax\u0131n avtomobil verilm\u0259si planla\u015fd\u0131r\u0131l\u0131b. Bu ilin \u00f6t\u0259n d\u00f6vr\u00fcnd\u0259 onlardan art\u0131q 427 avtomobil m\u00fcharib\u0259 \u0259lill\u0259rin\u0259 t\u0259qdim edilib.<\/p>\n<p>Bel\u0259likl\u0259, indiy\u0259d\u0259k nazirlik t\u0259r\u0259find\u0259n bu kateqoriyadan olan v\u0259t\u0259nda\u015flara 6400-d\u0259k minik avtomobili verilib. T\u0259dbird\u0259 qeyd edilib ki, sosial sah\u0259d\u0259 inqilabi add\u0131mlar olaraq cari ild\u0259 \u00f6lk\u0259mizd\u0259 minimum \u0259m\u0259khaqq\u0131 iki d\u0259f\u0259y\u0259 yax\u0131n, minimum pensiya 72,4 faiz, sosial m\u00fcavin\u0259t v\u0259 Prezidentin ayl\u0131q t\u0259qa\u00fcdl\u0259ri orta hesabla 100 faiz art\u0131r\u0131l\u0131b. Bu v\u0259 dig\u0259r m\u00fch\u00fcm sosial \u00f6n\u0259m k\u0259sb ed\u0259n t\u0259dbirl\u0259r \u00fcmumilikd\u0259 4,2 milyon v\u0259t\u0259nda\u015f\u0131n rifah\u0131na ciddi d\u0259st\u0259k olub.<\/p>\n<p>Eyni zamanda, Prezidentin ayl\u0131q t\u0259qa\u00fcd\u00fc \u015f\u0259hid ail\u0259l\u0259ri \u00fc\u00e7\u00fcn 242 manatdan 300 manata \u00e7atd\u0131r\u0131l\u0131b, m\u00fcharib\u0259 \u0259lill\u0259ri \u00fc\u00e7\u00fcn sosial m\u00fcavin\u0259t v\u0259 t\u0259qa\u00fcdl\u0259r orta hesabla 100 faiz art\u0131r\u0131l\u0131b. I qrup \u0259lilliyi olanlara (o c\u00fcml\u0259d\u0259n I qrup m\u00fcharib\u0259 v\u0259 20 Yanvar \u0259lill\u0259rin\u0259) qulluq ed\u0259nl\u0259r v\u0259 m\u00fcharib\u0259 veteranlar\u0131 \u00fc\u00e7\u00fcn Prezidentin ayl\u0131q t\u0259qa\u00fcd\u00fc t\u0259sis olunub.<\/p>\n<p>M\u0259nzill\u0259rl\u0259 t\u0259min edil\u0259n v\u0259t\u0259nda\u015flar Prezident \u0130lham \u018fliyevin \u015f\u0259hid ail\u0259l\u0259rin\u0259, m\u00fcharib\u0259 v\u0259 20 Yanvar \u0259lill\u0259rin\u0259 b\u00f6y\u00fck qay\u011f\u0131s\u0131n\u0131n daha bir t\u0259zah\u00fcr\u00fc kimi, m\u00fcasir t\u0259l\u0259bl\u0259r\u0259 uy\u011fun ya\u015fay\u0131\u015f \u015f\u0259raitin\u0259 malik m\u0259nzill\u0259rin onlara t\u0259qdim edilm\u0259sind\u0259n sevinc hissi ke\u00e7irdikl\u0259rini vur\u011fulay\u0131blar. Onlar h\u0259mi\u015f\u0259 \u00f6zl\u0259rini d\u00f6vl\u0259tin qay\u011f\u0131s\u0131 \u0259hat\u0259sind\u0259 hiss etdikl\u0259rini v\u0259 bu qay\u011f\u0131n\u0131n ild\u0259n-il\u0259 artd\u0131\u011f\u0131n\u0131 bildirib, d\u00f6vl\u0259timizin ba\u015f\u00e7\u0131s\u0131na d\u0259rin minn\u0259tdarl\u0131qlar\u0131n\u0131 ifad\u0259 edibl\u0259r.<\/p>\n","protected":false},"excerpt":{"rendered":"<p>\u018fm\u0259k v\u0259 \u018fhalinin Sosial M\u00fcdafi\u0259si Nazirliyi t\u0259r\u0259find\u0259n Ab\u015feron rayonunun M\u0259mm\u0259dli k\u0259ndind\u0259 yeni ya\u015fay\u0131\u015f binalar\u0131ndan al\u0131nm\u0131\u015f tam t\u0259mirli 50 m\u0259nzil \u015f\u0259hid ail\u0259l\u0259rin\u0259, Qaraba\u011f m\u00fcharib\u0259si v\u0259 20 Yanvar \u0259lill\u0259rin\u0259 t\u0259qdim edilib. T\u0259dbird\u0259 \u018fm\u0259k v\u0259 \u018fhalinin Sosial M\u00fcdafi\u0259si nazirinin m\u00fcavini V\u00fcsal N\u0259sirli bildirib ki, Prezident \u0130lham \u018fliyevin u\u011furlu sosial siyas\u0259tin\u0259 uy\u011fun olaraq, h\u0259ssas qruplardan olan v\u0259t\u0259nda\u015flar\u0131n sosial m\u00fcdafi\u0259sinin g\u00fccl\u0259ndirilm\u0259si istiqam\u0259tind\u0259 m\u00fch\u00fcm t\u0259dbirl\u0259r h\u0259yata ke\u00e7irilir. Bu t\u0259dbirl\u0259r s\u0131ras\u0131nda m\u0259nzill\u0259 t\u0259minat proqram\u0131 da x\u00fcsusi yer tutur. 2018-ci ild\u0259 \u015f\u0259hid ail\u0259l\u0259ri v\u0259 \u00f6lk\u0259mizin \u0259razi b\u00fct\u00f6vl\u00fcy\u00fcn\u00fcn, m\u00fcst\u0259qilliyinin v\u0259 konstitusiya qurulu\u015funun m\u00fcdafi\u0259si il\u0259 \u0259laq\u0259dar \u0259lilliyi olan \u015f\u0259xsl\u0259r\u0259 n\u0259z\u0259rd\u0259&hellip;<\/p>\n","protected":false},"author":2,"featured_media":98472,"comment_status":"closed","ping_status":"closed","sticky":false,"template":"","format":"standard","meta":{"om_disable_all_campaigns":false,"_monsterinsights_skip_tracking":false,"_monsterinsights_sitenote_active":false,"_monsterinsights_sitenote_note":"","_monsterinsights_sitenote_category":0},"categories":[1],"tags":[],"aioseo_notices":[],"gutentor_comment":0,"rttpg_featured_image_url":{"full":["https:\/\/arantv.az\/wp-content\/uploads\/2019\/11\/menzil.jpg",800,450,false],"landscape":["https:\/\/arantv.az\/wp-content\/uploads\/2019\/11\/menzil.jpg",800,450,false],"portraits":["https:\/\/arantv.az\/wp-content\/uploads\/2019\/11\/menzil.jpg",800,450,false],"thumbnail":["https:\/\/arantv.az\/wp-content\/uploads\/2019\/11\/menzil-150x150.jpg",150,150,true],"medium":["https:\/\/arantv.az\/wp-content\/uploads\/2019\/11\/menzil-300x169.jpg",300,169,true],"large":["https:\/\/arantv.az\/wp-content\/uploads\/2019\/11\/menzil.jpg",640,360,false],"1536x1536":["https:\/\/arantv.az\/wp-content\/uploads\/2019\/11\/menzil.jpg",800,450,false],"2048x2048":["https:\/\/arantv.az\/wp-content\/uploads\/2019\/11\/menzil.jpg",800,450,false],"post-thumbnail":["https:\/\/arantv.az\/wp-content\/uploads\/2019\/11\/menzil-240x172.jpg",240,172,true],"advps-thumb-one":["https:\/\/arantv.az\/wp-content\/uploads\/2019\/11\/menzil.jpg",800,450,false]},"rttpg_author":{"display_name":"V\u00fcsal Rafiqo\u011flu","author_link":"https:\/\/arantv.az\/?author=2"},"rttpg_comment":0,"rttpg_category":"<a href=\"https:\/\/arantv.az\/?cat=1\" rel=\"category\">C\u0259miyy\u0259t<\/a>","rttpg_excerpt":"\u018fm\u0259k v\u0259 \u018fhalinin Sosial M\u00fcdafi\u0259si Nazirliyi t\u0259r\u0259find\u0259n Ab\u015feron rayonunun M\u0259mm\u0259dli k\u0259ndind\u0259 yeni ya\u015fay\u0131\u015f binalar\u0131ndan al\u0131nm\u0131\u015f tam t\u0259mirli 50 m\u0259nzil \u015f\u0259hid ail\u0259l\u0259rin\u0259, Qaraba\u011f m\u00fcharib\u0259si v\u0259 20 Yanvar \u0259lill\u0259rin\u0259 t\u0259qdim edilib. T\u0259dbird\u0259 \u018fm\u0259k v\u0259 \u018fhalinin Sosial M\u00fcdafi\u0259si nazirinin m\u00fcavini V\u00fcsal N\u0259sirli bildirib ki, Prezident \u0130lham \u018fliyevin u\u011furlu sosial siyas\u0259tin\u0259 uy\u011fun olaraq, h\u0259ssas qruplardan olan v\u0259t\u0259nda\u015flar\u0131n sosial m\u00fcdafi\u0259sinin&hellip;","_links":{"self":[{"href":"https:\/\/arantv.az\/index.php?rest_route=\/wp\/v2\/posts\/98471"}],"collection":[{"href":"https:\/\/arantv.az\/index.php?rest_route=\/wp\/v2\/posts"}],"about":[{"href":"https:\/\/arantv.az\/index.php?rest_route=\/wp\/v2\/types\/post"}],"author":[{"embeddable":true,"href":"https:\/\/arantv.az\/index.php?rest_route=\/wp\/v2\/users\/2"}],"replies":[{"embeddable":true,"href":"https:\/\/arantv.az\/index.php?rest_route=%2Fwp%2Fv2%2Fcomments&post=98471"}],"version-history":[{"count":0,"href":"https:\/\/arantv.az\/index.php?rest_route=\/wp\/v2\/posts\/98471\/revisions"}],"wp:featuredmedia":[{"embeddable":true,"href":"https:\/\/arantv.az\/index.php?rest_route=\/wp\/v2\/media\/98472"}],"wp:attachment":[{"href":"https:\/\/arantv.az\/index.php?rest_route=%2Fwp%2Fv2%2Fmedia&parent=98471"}],"wp:term":[{"taxonomy":"category","embeddable":true,"href":"https:\/\/arantv.az\/index.php?rest_route=%2Fwp%2Fv2%2Fcategories&post=98471"},{"taxonomy":"post_tag","embeddable":true,"href":"https:\/\/arantv.az\/index.php?rest_route=%2Fwp%2Fv2%2Ftags&post=98471"}],"curies":[{"name":"wp","href":"https:\/\/api.w.org\/{rel}","templated":true}]}}