{"id":98576,"date":"2019-11-20T12:16:55","date_gmt":"2019-11-20T09:16:55","guid":{"rendered":"http:\/\/arantv.az\/?p=98576"},"modified":"2019-11-20T12:16:55","modified_gmt":"2019-11-20T09:16:55","slug":"22-noyabr-%c9%99dliyy%c9%99-iscil%c9%99rin-pes%c9%99-bayrami-gunudur","status":"publish","type":"post","link":"https:\/\/arantv.az\/?p=98576","title":{"rendered":"22 noyabr- \u018fdliyy\u0259 i\u015f\u00e7il\u0259rin pe\u015f\u0259 bayram\u0131 g\u00fcn\u00fcd\u00fcr."},"content":{"rendered":"<p>Az\u0259rbaycan Respublikas\u0131n\u0131n \u0259dliyy\u0259 sisteminin uzun v\u0259 ke\u015fm\u0259ke\u015fli tarixi vard\u0131r. Bu g\u00fcn h\u0259min sistemin yaranmas\u0131n\u0131n 101 illiyi qeyd edilir. T\u0259sad\u00fcfi deyil ki, \u018fdliyy\u0259 Nazirliyi d\u00f6vl\u0259timizin yarand\u0131\u011f\u0131 g\u00fcnd\u0259, m\u0259hz 1918-ci il may ay\u0131n\u0131n 28-d\u0259 t\u0259sis edilib. Bu onu g\u00f6st\u0259rir ki, \u015e\u0259rqin ilk demokratik d\u00f6vl\u0259ti olan Az\u0259rbaycan Xalq C\u00fcmhuriyy\u0259tinin d\u00f6vr\u00fcnd\u0259 \u0259dliyy\u0259 f\u0259aliyy\u0259tin\u0259 x\u00fcsusi \u0259h\u0259miyy\u0259t verilib v\u0259 demoratik d\u00f6vl\u0259timiz q\u0259d\u0259r ya\u015f sahibidir.<br \/>\nAz\u0259rbaycan \u0259dliyy\u0259si \u00f6lk\u0259miz d\u00f6vl\u0259t m\u00fcst\u0259qilliyini yenid\u0259n b\u0259rpa etdikd\u0259n sonra daha da \u00e7i\u00e7\u0259kl\u0259nib. \u00dcmummilli liderimiz Heyd\u0259r \u018fliyev r\u0259hb\u0259rliyi il\u0259 \u0259dliyy\u0259 sisteminin inki\u015faf\u0131n\u0131 t\u0259min ed\u0259n m\u0259qs\u0259dy\u00f6nl\u00fc, geni\u015fmiqyasl\u0131 islahatlar h\u0259yata ke\u00e7irilib. S\u0259lahiyy\u0259tl\u0259ri daha da geni\u015fl\u0259ndiril\u0259n nazirliyin c\u0259miyy\u0259td\u0259 rolu art\u0131b. Ulu \u00f6nd\u0259rimizin bu sah\u0259y\u0259 diqq\u0259tinin bariz n\u00fcmun\u0259si kimi \u0259dliyy\u0259 i\u015f\u00e7il\u0259rin\u0259 veril\u0259n d\u0259y\u0259ri \u00f6z\u00fcnd\u0259 ehtiva ed\u0259n s\u0259r\u0259ncam\u0131 qeyd ed\u0259 bil\u0259rik. Bel\u0259 ki,11 noyabr 2000-ci il tarixli S\u0259r\u0259ncam\u0131 il\u0259 t\u0259sis edilmi\u015f 22 noyabr &#8211; \u0259dliyy\u0259 i\u015f\u00e7il\u0259rinin pe\u015f\u0259 bayram\u0131 g\u00fcn\u00fc \u0259dliyy\u0259 orqanlar\u0131nda v\u0259 m\u0259hk\u0259m\u0259l\u0259rd\u0259 b\u00f6y\u00fck ruh y\u00fcks\u0259kliyi il\u0259 geni\u015f qeyd olunur.<br \/>\n\u018fdliyy\u0259 sisteminin f\u0259aliyy\u0259tinin t\u0259kmill\u0259dirilm\u0259si, bu strukturda olan orqanlar\u0131n inki\u015faf etdirilm\u0259si \u0259lb\u0259tt\u0259 ki, \u00f6lk\u0259 ba\u015f\u00e7\u0131m\u0131z Az\u0259rbaycan Respublikas\u0131n\u0131n Prezidenti \u0130lham \u018fliyev t\u0259r\u0259find\u0259n u\u011furla apar\u0131l\u0131r v\u0259 davaml\u0131 olaraq c\u0259miyy\u0259t\u0259 t\u0259qdim etdiyi islahatlar paketinin h\u0259yata ke\u00e7irilm\u0259sind\u0259 \u018fdliyy\u0259 Nazirliyinin d\u0259 b\u00f6y\u00fck rolu var. Bu sah\u0259d\u0259 f\u0259aliyy\u0259tin t\u0259kmill\u0259\u015fdirilm\u0259si, \u0259dliyy\u0259 orqanlar\u0131n\u0131n inki\u015faf\u0131, \u0259dal\u0259t m\u00fchakim\u0259sinin s\u0259m\u0259r\u0259liliyinin art\u0131r\u0131lmas\u0131, m\u00fcst\u0259qil m\u0259hk\u0259m\u0259 hakimiyy\u0259tinin m\u00f6hk\u0259ml\u0259ndirilm\u0259si \u00fczr\u0259 geni\u015fmiqyasl\u0131 t\u0259birl\u0259r h\u0259yata ke\u00e7irilib.<br \/>\n2006-c\u0131 ild\u0259 \u00f6lk\u0259 Prezidenti c\u0259nab \u0130lham \u018fliyevin t\u0259\u015f\u0259bb\u00fcs\u00fc il\u0259 \u0259dliyy\u0259 orqanlar\u0131n\u0131n f\u0259aliyy\u0259ti il\u0259 ba\u011fl\u0131 bir s\u0131ra m\u00fch\u00fcm s\u0259n\u0259dl\u0259r q\u0259bul olunub, struktur t\u0259kmill\u0259\u015fdirilib. 18 aprel 2006-c\u0131 il tarixli F\u0259rman il\u0259 \u018fdliyy\u0259 Nazirliyi haqq\u0131nda \u0259sasnam\u0259 t\u0259sdiq edil\u0259r\u0259k ona h\u00fcquq m\u00fchafiz\u0259 orqan\u0131 statusu verilib. Nazirlikd\u0259 yeni qurumlar &#8211; \u018fdliyy\u0259 Akademiyas\u0131, regional \u0259dliyy\u0259 \u015f\u00f6b\u0259l\u0259ri, m\u00fcxt\u0259lif reyestrl\u0259r yarad\u0131l\u0131b. H\u0259min ild\u0259 h\u0259m\u00e7inin&#8221;\u018fdliyy\u0259 orqanlar\u0131nda qulluq ke\u00e7m\u0259 haqq\u0131nda&#8221; Az\u0259rbaycan Respublikas\u0131n\u0131n 26 may 2006-c\u0131 il tarixli Qanunu q\u0259bul olunmu\u015f v\u0259 \u00f6lk\u0259 Prezidenti t\u0259r\u0259find\u0259n &#8220;\u018fdliyy\u0259 orqanlar\u0131n\u0131n inki\u015faf\u0131 haqq\u0131nda&#8221; 17 avqust 2006-c\u0131 il tarixli F\u0259rman\u0131 da imzalan\u0131b. Apar\u0131lan islahatlar\u0131n n\u0259tic\u0259sind\u0259 regionlarda v\u0259 h\u0259m\u00e7inin paytaxt\u0131m\u0131zda \u0259halinin m\u0259hk\u0259m\u0259l\u0259r\u0259 m\u00fcraci\u0259t imkanlar\u0131 asanla\u015f\u0131b. Bu da v\u0259t\u0259nda\u015flara g\u00f6st\u0259ril\u0259n h\u00fcquqi yard\u0131m\u0131n fonunda edil\u0259n m\u0259n\u0259vi k\u00f6m\u0259k kimi d\u0259 s\u0259ciyy\u0259l\u0259ndirm\u0259k olar. \u00c7\u00fcnki, burda insan amili v\u0259 onun inki\u015faf\u0131ndan s\u00f6hb\u0259t gedir.<br \/>\nHaz\u0131rda \u0259dliyy\u0259 sah\u0259sind\u0259 d\u00f6vl\u0259t siyas\u0259tini v\u0259 idar\u0259etm\u0259ni h\u0259yata ke\u00e7ir\u0259n \u018fdliyy\u0259 Nazirliyi normativ h\u00fcquqi aktlar\u0131n h\u00fcquqi ekspertizas\u0131n\u0131, u\u00e7otunu v\u0259 d\u00f6vl\u0259t qeydiyyat\u0131n\u0131 apar\u0131r, qanunvericiliyin t\u0259kmill\u0259\u015fdirilm\u0259sind\u0259 i\u015ftirak edir, o c\u00fcml\u0259d\u0259n qanun layih\u0259l\u0259ri haz\u0131rlay\u0131r v\u0259 normativ s\u0259n\u0259dl\u0259rin layih\u0259l\u0259ri \u00fczr\u0259 r\u0259yl\u0259r verir, h\u00fcquqi maarifl\u0259ndirm\u0259 i\u015fi apar\u0131r; h\u00fcquqi \u015f\u0259xsl\u0259rin d\u00f6vl\u0259t qeydiyyat\u0131n\u0131 v\u0259 d\u00f6vl\u0259t reyestrini, m\u0259tbu n\u0259\u015frl\u0259rin reyestrini apar\u0131r; notariat f\u0259aliyy\u0259tin\u0259 r\u0259hb\u0259rlik edir; v\u0259t\u0259nda\u015fl\u0131q v\u0259ziyy\u0259ti aktlar\u0131n\u0131n d\u00f6vl\u0259t qeydiyyat\u0131n\u0131 h\u0259yata ke\u00e7irir; d\u00f6vl\u0259tl\u0259raras\u0131 \u00f6vladl\u0131\u011fa g\u00f6t\u00fcrm\u0259 m\u0259s\u0259l\u0259l\u0259rini v\u0259 s\u0259n\u0259dl\u0259rin leqalla\u015fd\u0131r\u0131lmas\u0131n\u0131 h\u0259yata ke\u00e7irir; m\u0259hk\u0259m\u0259 q\u0259rarlar\u0131n\u0131n icras\u0131n\u0131n t\u0259min olunmas\u0131n\u0131 t\u0259\u015fkil edir; m\u0259hk\u0259m\u0259l\u0259rin f\u0259aliyy\u0259tinin t\u0259\u015fkilati t\u0259minat\u0131n\u0131, m\u0259hk\u0259m\u0259 statistikas\u0131n\u0131n apar\u0131lmas\u0131n\u0131 t\u0259min edir; qeyri-kommersiya h\u00fcquqi \u015f\u0259xsl\u0259r\u0259 m\u00fcnasib\u0259td\u0259 qrant m\u00fcqavil\u0259l\u0259rinin (q\u0259rarlar\u0131n\u0131n) qeydiyyat\u0131n\u0131n apar\u0131lmas\u0131n\u0131 h\u0259yata ke\u00e7irir.<br \/>\nNazirliyin n\u0259zdind\u0259 yarad\u0131lan \u018fdliyy\u0259 Akademyas\u0131nda t\u0259dris t\u0259dbirl\u0259rind\u0259 \u0259dliyy\u0259 i\u015f\u00e7il\u0259ri v\u0259 dig\u0259r h\u00fcquq\u015f\u00fcnaslar n\u0259z\u0259ri bilik v\u0259 pe\u015f\u0259 haz\u0131rl\u0131qlar\u0131n\u0131 art\u0131r\u0131r. \u018fdliyy\u0259 i\u015f\u00e7il\u0259rinin pe\u015f\u0259 haz\u0131rl\u0131\u011f\u0131 bununla bitmir. Onlar h\u0259m\u00e7inin beyn\u0259lxalq treninql\u0259r\u0259 v\u0259 ixtisasart\u0131rma kurslar\u0131na da c\u0259lb olunurlar. Akademiyan\u0131n elektron resurslarla f\u0259aliyy\u0259t g\u00f6st\u0259r\u0259n Elmi Kitabxanas\u0131 da bu bilik-bacar\u0131qlar\u0131n t\u0259kmil\u0259\u015fdirilm\u0259sind\u0259 b\u00f6y\u00fck v\u0259 \u0259l\u00e7atan rol oynay\u0131r.<br \/>\nM\u00fct\u0259madi olaraq, \u018fdliyy\u0259 Nazirliyi t\u0259r\u0259find\u0259n v\u0259t\u0259nda\u015flar\u0131n m\u00fcraci\u0259tl\u0259rin\u0259 diqq\u0259tl\u0259 yana\u015fmaq \u00fc\u00e7\u00fcn bir s\u0131ra \u0259h\u0259miyy\u0259tli t\u0259dbirl\u0259r h\u0259yata ke\u00e7irilir. Nazirliyin r\u0259hb\u0259rliyi davaml\u0131 olaraq s\u0259yyar q\u0259bullar t\u0259\u015fkil edir, h\u0259m\u00e7inin yerli \u0259dliyy\u0259 qurumlar\u0131 v\u0259 m\u0259hk\u0259m\u0259l\u0259r\u0259 ba\u015f \u00e7\u0259kilir. V\u0259t\u0259nda\u015flar\u0131n m\u0259mnunlu\u011fu m\u00fcxt\u0259lif \u0259dliyy\u0259 orqanlar\u0131nda diqq\u0259t v\u0259 qay\u011f\u0131da saxlan\u0131l\u0131r.<br \/>\nBunuda qeyd etm\u0259k ist\u0259yir\u0259m ki,\u00f6lk\u0259mizin brendin\u0259 \u00e7evirilmi\u015f ilk &#8220;ASAN xidm\u0259t&#8221;m\u0259rk\u0259zi v\u0259t\u0259nda\u015flara 2013-c\u00fc ild\u0259n xidm\u0259t g\u00f6st\u0259rm\u0259y\u0259 ba\u015flay\u0131b v\u0259 v\u0259t\u0259nda\u015f m\u0259mnunlu\u011funu tez v\u0259 asan \u015f\u0259kild\u0259 h\u0259ll etdiyi \u00fc\u00e7\u00fcn t\u0259qdim edil\u0259n s\u0259n\u0259dl\u0259rin \u00e7oxu &#8220;ASAN xidm\u0259t&#8221; m\u0259rk\u0259zl\u0259rind\u0259 f\u0259aliyy\u0259t g\u00f6st\u0259r\u0259n \u0259dliyy\u0259 qurumlar\u0131n\u0131n pay\u0131na d\u00fc\u015f\u00fcr.<br \/>\nBir s\u00f6zl\u0259, \u018fdliyy\u0259 Nazirliyi 101 illik tarixi d\u00f6vr \u0259rzind\u0259 z\u0259ngin, k\u0259\u015fm\u0259k\u0259\u015fli bir yol ke\u00e7\u0259r\u0259k m\u00fcasir inki\u015faf m\u0259rh\u0259l\u0259sin\u0259 \u00e7atm\u0131\u015f, d\u00f6vl\u0259tin h\u00fcquq siyas\u0259tini h\u0259yata ke\u00e7ir\u0259n orqana \u00e7evrilmi\u015f, s\u0259lahiyy\u0259tl\u0259ri xeyli geni\u015fl\u0259nmi\u015f, c\u0259miyy\u0259td\u0259 n\u00fcfuzu daha da y\u00fcks\u0259lmi\u015fdir.<br \/>\nPe\u015f\u0259 bayram\u0131 g\u00fcn\u00fc m\u00fcnasib\u0259til\u0259 b\u00fct\u00fcn \u0259dliyy\u0259 i\u015f\u00e7il\u0259rini t\u0259brik edir v\u0259 g\u0259l\u0259c\u0259k f\u0259aliyy\u0259tl\u0259rind\u0259 u\u011furlar arzu edir\u0259m !<\/p>\n<p>Ayt\u0259n Muradova<\/p>\n<div><\/div>\n<p>2 sayl\u0131 Bak\u0131 &#8220;ASAN xidm\u0259t&#8221; m\u0259rk\u0259zind\u0259<br \/>\n\u018fdliyy\u0259 Nazirliyinin Qeydiyyat \u015f\u00f6b\u0259sinin r\u0259isi<br \/>\nI d\u0259r\u0259c\u0259li \u0259dliyy\u0259 qulluq\u015fusu<\/p>\n","protected":false},"excerpt":{"rendered":"<p>Az\u0259rbaycan Respublikas\u0131n\u0131n \u0259dliyy\u0259 sisteminin uzun v\u0259 ke\u015fm\u0259ke\u015fli tarixi vard\u0131r. Bu g\u00fcn h\u0259min sistemin yaranmas\u0131n\u0131n 101 illiyi qeyd edilir. T\u0259sad\u00fcfi deyil ki, \u018fdliyy\u0259 Nazirliyi d\u00f6vl\u0259timizin yarand\u0131\u011f\u0131 g\u00fcnd\u0259, m\u0259hz 1918-ci il may ay\u0131n\u0131n 28-d\u0259 t\u0259sis edilib. Bu onu g\u00f6st\u0259rir ki, \u015e\u0259rqin ilk demokratik d\u00f6vl\u0259ti olan Az\u0259rbaycan Xalq C\u00fcmhuriyy\u0259tinin d\u00f6vr\u00fcnd\u0259 \u0259dliyy\u0259 f\u0259aliyy\u0259tin\u0259 x\u00fcsusi \u0259h\u0259miyy\u0259t verilib v\u0259 demoratik d\u00f6vl\u0259timiz q\u0259d\u0259r ya\u015f sahibidir. Az\u0259rbaycan \u0259dliyy\u0259si \u00f6lk\u0259miz d\u00f6vl\u0259t m\u00fcst\u0259qilliyini yenid\u0259n b\u0259rpa etdikd\u0259n sonra daha da \u00e7i\u00e7\u0259kl\u0259nib. \u00dcmummilli liderimiz Heyd\u0259r \u018fliyev r\u0259hb\u0259rliyi il\u0259 \u0259dliyy\u0259 sisteminin inki\u015faf\u0131n\u0131 t\u0259min ed\u0259n m\u0259qs\u0259dy\u00f6nl\u00fc, geni\u015fmiqyasl\u0131 islahatlar h\u0259yata ke\u00e7irilib. S\u0259lahiyy\u0259tl\u0259ri daha da geni\u015fl\u0259ndiril\u0259n&hellip;<\/p>\n","protected":false},"author":2,"featured_media":98577,"comment_status":"closed","ping_status":"closed","sticky":false,"template":"","format":"standard","meta":{"om_disable_all_campaigns":false,"_monsterinsights_skip_tracking":false,"_monsterinsights_sitenote_active":false,"_monsterinsights_sitenote_note":"","_monsterinsights_sitenote_category":0},"categories":[1],"tags":[],"aioseo_notices":[],"gutentor_comment":0,"rttpg_featured_image_url":{"full":["https:\/\/arantv.az\/wp-content\/uploads\/2019\/11\/1574240425fffffff.jpg",548,308,false],"landscape":["https:\/\/arantv.az\/wp-content\/uploads\/2019\/11\/1574240425fffffff.jpg",548,308,false],"portraits":["https:\/\/arantv.az\/wp-content\/uploads\/2019\/11\/1574240425fffffff.jpg",548,308,false],"thumbnail":["https:\/\/arantv.az\/wp-content\/uploads\/2019\/11\/1574240425fffffff-150x150.jpg",150,150,true],"medium":["https:\/\/arantv.az\/wp-content\/uploads\/2019\/11\/1574240425fffffff-300x169.jpg",300,169,true],"large":["https:\/\/arantv.az\/wp-content\/uploads\/2019\/11\/1574240425fffffff.jpg",548,308,false],"1536x1536":["https:\/\/arantv.az\/wp-content\/uploads\/2019\/11\/1574240425fffffff.jpg",548,308,false],"2048x2048":["https:\/\/arantv.az\/wp-content\/uploads\/2019\/11\/1574240425fffffff.jpg",548,308,false],"post-thumbnail":["https:\/\/arantv.az\/wp-content\/uploads\/2019\/11\/1574240425fffffff-240x172.jpg",240,172,true],"advps-thumb-one":["https:\/\/arantv.az\/wp-content\/uploads\/2019\/11\/1574240425fffffff.jpg",548,308,false]},"rttpg_author":{"display_name":"V\u00fcsal Rafiqo\u011flu","author_link":"https:\/\/arantv.az\/?author=2"},"rttpg_comment":0,"rttpg_category":"<a href=\"https:\/\/arantv.az\/?cat=1\" rel=\"category\">C\u0259miyy\u0259t<\/a>","rttpg_excerpt":"Az\u0259rbaycan Respublikas\u0131n\u0131n \u0259dliyy\u0259 sisteminin uzun v\u0259 ke\u015fm\u0259ke\u015fli tarixi vard\u0131r. Bu g\u00fcn h\u0259min sistemin yaranmas\u0131n\u0131n 101 illiyi qeyd edilir. T\u0259sad\u00fcfi deyil ki, \u018fdliyy\u0259 Nazirliyi d\u00f6vl\u0259timizin yarand\u0131\u011f\u0131 g\u00fcnd\u0259, m\u0259hz 1918-ci il may ay\u0131n\u0131n 28-d\u0259 t\u0259sis edilib. Bu onu g\u00f6st\u0259rir ki, \u015e\u0259rqin ilk demokratik d\u00f6vl\u0259ti olan Az\u0259rbaycan Xalq C\u00fcmhuriyy\u0259tinin d\u00f6vr\u00fcnd\u0259 \u0259dliyy\u0259 f\u0259aliyy\u0259tin\u0259 x\u00fcsusi \u0259h\u0259miyy\u0259t verilib v\u0259 demoratik d\u00f6vl\u0259timiz&hellip;","_links":{"self":[{"href":"https:\/\/arantv.az\/index.php?rest_route=\/wp\/v2\/posts\/98576"}],"collection":[{"href":"https:\/\/arantv.az\/index.php?rest_route=\/wp\/v2\/posts"}],"about":[{"href":"https:\/\/arantv.az\/index.php?rest_route=\/wp\/v2\/types\/post"}],"author":[{"embeddable":true,"href":"https:\/\/arantv.az\/index.php?rest_route=\/wp\/v2\/users\/2"}],"replies":[{"embeddable":true,"href":"https:\/\/arantv.az\/index.php?rest_route=%2Fwp%2Fv2%2Fcomments&post=98576"}],"version-history":[{"count":0,"href":"https:\/\/arantv.az\/index.php?rest_route=\/wp\/v2\/posts\/98576\/revisions"}],"wp:featuredmedia":[{"embeddable":true,"href":"https:\/\/arantv.az\/index.php?rest_route=\/wp\/v2\/media\/98577"}],"wp:attachment":[{"href":"https:\/\/arantv.az\/index.php?rest_route=%2Fwp%2Fv2%2Fmedia&parent=98576"}],"wp:term":[{"taxonomy":"category","embeddable":true,"href":"https:\/\/arantv.az\/index.php?rest_route=%2Fwp%2Fv2%2Fcategories&post=98576"},{"taxonomy":"post_tag","embeddable":true,"href":"https:\/\/arantv.az\/index.php?rest_route=%2Fwp%2Fv2%2Ftags&post=98576"}],"curies":[{"name":"wp","href":"https:\/\/api.w.org\/{rel}","templated":true}]}}