{"id":98600,"date":"2019-11-20T12:37:07","date_gmt":"2019-11-20T09:37:07","guid":{"rendered":"http:\/\/arantv.az\/?p=98600"},"modified":"2019-11-20T12:37:07","modified_gmt":"2019-11-20T09:37:07","slug":"%c9%99fqanistanda-h%c9%99rbi-bazaya-hucum-13-h%c9%99rbci-h%c9%99lak-oldu","status":"publish","type":"post","link":"https:\/\/arantv.az\/?p=98600","title":{"rendered":"\u018ffqan\u0131standa h\u0259rbi bazaya h\u00fccum: 13 h\u0259rb\u00e7i h\u0259lak oldu"},"content":{"rendered":"<p><strong>\u018ffqan\u0131stan\u0131n \u015fimal-\u015f\u0259rqind\u0259ki Kunduz \u0259yal\u0259tind\u0259 h\u0259rbi bazaya h\u00fccum ba\u015f verib.<\/strong><\/p>\n<p><strong>ARANTV.AZ<\/strong>\u00a0<a href=\"https:\/\/az.trend.az\/\" target=\"_blank\" rel=\"noopener\">Trend<\/a>-\u0259 istinad\u0259n x\u0259b\u0259r verir ki, h\u00fccum n\u0259tic\u0259sind\u0259 13 h\u0259rb\u00e7i h\u0259lak olub. Daha be\u015f n\u0259f\u0259rin is\u0259 yaraland\u0131\u011f\u0131 bildirilir.<\/p>\n<p>M\u0259lumata g\u00f6r\u0259, h\u00fccum &#8220;Taliban&#8221; terror t\u0259\u015fkilat\u0131n\u0131n silahl\u0131lar\u0131 t\u0259r\u0259find\u0259n h\u0259yata ke\u00e7irilib.<\/p>\n<div>\n<div id=\"AdviadNativeVideo0\" class=\"AdviadNativeVideo\"><\/div>\n<\/div>\n<p>Qar\u015f\u0131 t\u0259r\u0259fin itkil\u0259ri bar\u0259d\u0259 m\u0259lumat verilm\u0259yib.<\/p>\n","protected":false},"excerpt":{"rendered":"<p>\u018ffqan\u0131stan\u0131n \u015fimal-\u015f\u0259rqind\u0259ki Kunduz \u0259yal\u0259tind\u0259 h\u0259rbi bazaya h\u00fccum ba\u015f verib. ARANTV.AZ\u00a0Trend-\u0259 istinad\u0259n x\u0259b\u0259r verir ki, h\u00fccum n\u0259tic\u0259sind\u0259 13 h\u0259rb\u00e7i h\u0259lak olub. Daha be\u015f n\u0259f\u0259rin is\u0259 yaraland\u0131\u011f\u0131 bildirilir. M\u0259lumata g\u00f6r\u0259, h\u00fccum &#8220;Taliban&#8221; terror t\u0259\u015fkilat\u0131n\u0131n silahl\u0131lar\u0131 t\u0259r\u0259find\u0259n h\u0259yata ke\u00e7irilib. Qar\u015f\u0131 t\u0259r\u0259fin itkil\u0259ri bar\u0259d\u0259 m\u0259lumat verilm\u0259yib.<\/p>\n","protected":false},"author":2,"featured_media":98601,"comment_status":"closed","ping_status":"closed","sticky":false,"template":"","format":"standard","meta":{"om_disable_all_campaigns":false,"_monsterinsights_skip_tracking":false,"_monsterinsights_sitenote_active":false,"_monsterinsights_sitenote_note":"","_monsterinsights_sitenote_category":0},"categories":[7],"tags":[],"aioseo_notices":[],"gutentor_comment":0,"rttpg_featured_image_url":{"full":["https:\/\/arantv.az\/wp-content\/uploads\/2019\/11\/803739.jpg",800,600,false],"landscape":["https:\/\/arantv.az\/wp-content\/uploads\/2019\/11\/803739.jpg",800,600,false],"portraits":["https:\/\/arantv.az\/wp-content\/uploads\/2019\/11\/803739.jpg",800,600,false],"thumbnail":["https:\/\/arantv.az\/wp-content\/uploads\/2019\/11\/803739-150x150.jpg",150,150,true],"medium":["https:\/\/arantv.az\/wp-content\/uploads\/2019\/11\/803739-300x225.jpg",300,225,true],"large":["https:\/\/arantv.az\/wp-content\/uploads\/2019\/11\/803739.jpg",640,480,false],"1536x1536":["https:\/\/arantv.az\/wp-content\/uploads\/2019\/11\/803739.jpg",800,600,false],"2048x2048":["https:\/\/arantv.az\/wp-content\/uploads\/2019\/11\/803739.jpg",800,600,false],"post-thumbnail":["https:\/\/arantv.az\/wp-content\/uploads\/2019\/11\/803739-240x172.jpg",240,172,true],"advps-thumb-one":["https:\/\/arantv.az\/wp-content\/uploads\/2019\/11\/803739.jpg",800,600,false]},"rttpg_author":{"display_name":"V\u00fcsal Rafiqo\u011flu","author_link":"https:\/\/arantv.az\/?author=2"},"rttpg_comment":0,"rttpg_category":"<a href=\"https:\/\/arantv.az\/?cat=7\" rel=\"category\">D\u00fcnya<\/a>","rttpg_excerpt":"\u018ffqan\u0131stan\u0131n \u015fimal-\u015f\u0259rqind\u0259ki Kunduz \u0259yal\u0259tind\u0259 h\u0259rbi bazaya h\u00fccum ba\u015f verib. ARANTV.AZ\u00a0Trend-\u0259 istinad\u0259n x\u0259b\u0259r verir ki, h\u00fccum n\u0259tic\u0259sind\u0259 13 h\u0259rb\u00e7i h\u0259lak olub. Daha be\u015f n\u0259f\u0259rin is\u0259 yaraland\u0131\u011f\u0131 bildirilir. M\u0259lumata g\u00f6r\u0259, h\u00fccum &#8220;Taliban&#8221; terror t\u0259\u015fkilat\u0131n\u0131n silahl\u0131lar\u0131 t\u0259r\u0259find\u0259n h\u0259yata ke\u00e7irilib. Qar\u015f\u0131 t\u0259r\u0259fin itkil\u0259ri bar\u0259d\u0259 m\u0259lumat verilm\u0259yib.","_links":{"self":[{"href":"https:\/\/arantv.az\/index.php?rest_route=\/wp\/v2\/posts\/98600"}],"collection":[{"href":"https:\/\/arantv.az\/index.php?rest_route=\/wp\/v2\/posts"}],"about":[{"href":"https:\/\/arantv.az\/index.php?rest_route=\/wp\/v2\/types\/post"}],"author":[{"embeddable":true,"href":"https:\/\/arantv.az\/index.php?rest_route=\/wp\/v2\/users\/2"}],"replies":[{"embeddable":true,"href":"https:\/\/arantv.az\/index.php?rest_route=%2Fwp%2Fv2%2Fcomments&post=98600"}],"version-history":[{"count":0,"href":"https:\/\/arantv.az\/index.php?rest_route=\/wp\/v2\/posts\/98600\/revisions"}],"wp:featuredmedia":[{"embeddable":true,"href":"https:\/\/arantv.az\/index.php?rest_route=\/wp\/v2\/media\/98601"}],"wp:attachment":[{"href":"https:\/\/arantv.az\/index.php?rest_route=%2Fwp%2Fv2%2Fmedia&parent=98600"}],"wp:term":[{"taxonomy":"category","embeddable":true,"href":"https:\/\/arantv.az\/index.php?rest_route=%2Fwp%2Fv2%2Fcategories&post=98600"},{"taxonomy":"post_tag","embeddable":true,"href":"https:\/\/arantv.az\/index.php?rest_route=%2Fwp%2Fv2%2Ftags&post=98600"}],"curies":[{"name":"wp","href":"https:\/\/api.w.org\/{rel}","templated":true}]}}