{"id":98612,"date":"2019-11-20T13:05:49","date_gmt":"2019-11-20T10:05:49","guid":{"rendered":"http:\/\/arantv.az\/?p=98612"},"modified":"2019-11-20T13:05:49","modified_gmt":"2019-11-20T10:05:49","slug":"ilham-%c9%99liyev-icra-bascisini-v%c9%99zif%c9%99sind%c9%99n-azad-etdi-yeni-t%c9%99yinat-2","status":"publish","type":"post","link":"https:\/\/arantv.az\/?p=98612","title":{"rendered":"\u0130lham \u018fliyev icra ba\u015f\u00e7\u0131s\u0131n\u0131 v\u0259zif\u0259sind\u0259n azad etdi &#8211; YEN\u0130 T\u018fY\u0130NAT"},"content":{"rendered":"<p>Prezident \u0130lham \u018fliyevin\u00a0\u015eahin K\u0259rim o\u011flu M\u0259mm\u0259dovun A\u011fcab\u0259di Rayon \u0130cra Hakimiyy\u0259tinin ba\u015f\u00e7\u0131s\u0131 v\u0259zif\u0259sind\u0259n azad edilm\u0259si haqq\u0131nda s\u0259r\u0259ncam\u00a0<a href=\"https:\/\/azertag.az\/xeber\/SKMemmedovun_Agcabedi_Rayon_Icra_Hakimiyyetinin_baschisi_vezifesinden_azad_edilmesi_haqqinda_Azerbaycan_Respublikasi_Prezidentinin_Serencami-1357359\" target=\"_blank\" rel=\"noopener\">imzalay\u0131b<\/a>.<\/p>\n<p>D\u00f6vl\u0259t ba\u015f\u00e7\u0131s\u0131n\u0131n dig\u0259r s\u0259r\u0259ncam\u0131 il\u0259 Rafil \u0130srafil o\u011flu H\u00fcseynov A\u011fcab\u0259di Rayon \u0130cra Hakimiyy\u0259tinin ba\u015f\u00e7\u0131s\u0131\u00a0<a href=\"https:\/\/azertag.az\/xeber\/RIHuseynovun_Agcabedi_Rayon_Icra_Hakimiyyetinin_baschisi_teyin_edilmesi_haqqinda_Azerbaycan_Respublikasi_Prezidentinin_Serencami-1357357\" target=\"_blank\" rel=\"noopener\">t\u0259yin edilib<\/a>.<\/p>\n","protected":false},"excerpt":{"rendered":"<p>Prezident \u0130lham \u018fliyevin\u00a0\u015eahin K\u0259rim o\u011flu M\u0259mm\u0259dovun A\u011fcab\u0259di Rayon \u0130cra Hakimiyy\u0259tinin ba\u015f\u00e7\u0131s\u0131 v\u0259zif\u0259sind\u0259n azad edilm\u0259si haqq\u0131nda s\u0259r\u0259ncam\u00a0imzalay\u0131b. D\u00f6vl\u0259t ba\u015f\u00e7\u0131s\u0131n\u0131n dig\u0259r s\u0259r\u0259ncam\u0131 il\u0259 Rafil \u0130srafil o\u011flu H\u00fcseynov A\u011fcab\u0259di Rayon \u0130cra Hakimiyy\u0259tinin ba\u015f\u00e7\u0131s\u0131\u00a0t\u0259yin edilib.<\/p>\n","protected":false},"author":2,"featured_media":98613,"comment_status":"closed","ping_status":"closed","sticky":false,"template":"","format":"standard","meta":{"om_disable_all_campaigns":false,"_monsterinsights_skip_tracking":false,"_monsterinsights_sitenote_active":false,"_monsterinsights_sitenote_note":"","_monsterinsights_sitenote_category":0},"categories":[4],"tags":[],"aioseo_notices":[],"gutentor_comment":0,"rttpg_featured_image_url":{"full":["https:\/\/arantv.az\/wp-content\/uploads\/2019\/11\/ilham.jpg",620,443,false],"landscape":["https:\/\/arantv.az\/wp-content\/uploads\/2019\/11\/ilham.jpg",620,443,false],"portraits":["https:\/\/arantv.az\/wp-content\/uploads\/2019\/11\/ilham.jpg",620,443,false],"thumbnail":["https:\/\/arantv.az\/wp-content\/uploads\/2019\/11\/ilham-150x150.jpg",150,150,true],"medium":["https:\/\/arantv.az\/wp-content\/uploads\/2019\/11\/ilham-300x214.jpg",300,214,true],"large":["https:\/\/arantv.az\/wp-content\/uploads\/2019\/11\/ilham.jpg",620,443,false],"1536x1536":["https:\/\/arantv.az\/wp-content\/uploads\/2019\/11\/ilham.jpg",620,443,false],"2048x2048":["https:\/\/arantv.az\/wp-content\/uploads\/2019\/11\/ilham.jpg",620,443,false],"post-thumbnail":["https:\/\/arantv.az\/wp-content\/uploads\/2019\/11\/ilham-240x172.jpg",240,172,true],"advps-thumb-one":["https:\/\/arantv.az\/wp-content\/uploads\/2019\/11\/ilham.jpg",620,443,false]},"rttpg_author":{"display_name":"V\u00fcsal Rafiqo\u011flu","author_link":"https:\/\/arantv.az\/?author=2"},"rttpg_comment":0,"rttpg_category":"<a href=\"https:\/\/arantv.az\/?cat=4\" rel=\"category\">Siyas\u0259t<\/a>","rttpg_excerpt":"Prezident \u0130lham \u018fliyevin\u00a0\u015eahin K\u0259rim o\u011flu M\u0259mm\u0259dovun A\u011fcab\u0259di Rayon \u0130cra Hakimiyy\u0259tinin ba\u015f\u00e7\u0131s\u0131 v\u0259zif\u0259sind\u0259n azad edilm\u0259si haqq\u0131nda s\u0259r\u0259ncam\u00a0imzalay\u0131b. D\u00f6vl\u0259t ba\u015f\u00e7\u0131s\u0131n\u0131n dig\u0259r s\u0259r\u0259ncam\u0131 il\u0259 Rafil \u0130srafil o\u011flu H\u00fcseynov A\u011fcab\u0259di Rayon \u0130cra Hakimiyy\u0259tinin ba\u015f\u00e7\u0131s\u0131\u00a0t\u0259yin edilib.","_links":{"self":[{"href":"https:\/\/arantv.az\/index.php?rest_route=\/wp\/v2\/posts\/98612"}],"collection":[{"href":"https:\/\/arantv.az\/index.php?rest_route=\/wp\/v2\/posts"}],"about":[{"href":"https:\/\/arantv.az\/index.php?rest_route=\/wp\/v2\/types\/post"}],"author":[{"embeddable":true,"href":"https:\/\/arantv.az\/index.php?rest_route=\/wp\/v2\/users\/2"}],"replies":[{"embeddable":true,"href":"https:\/\/arantv.az\/index.php?rest_route=%2Fwp%2Fv2%2Fcomments&post=98612"}],"version-history":[{"count":0,"href":"https:\/\/arantv.az\/index.php?rest_route=\/wp\/v2\/posts\/98612\/revisions"}],"wp:featuredmedia":[{"embeddable":true,"href":"https:\/\/arantv.az\/index.php?rest_route=\/wp\/v2\/media\/98613"}],"wp:attachment":[{"href":"https:\/\/arantv.az\/index.php?rest_route=%2Fwp%2Fv2%2Fmedia&parent=98612"}],"wp:term":[{"taxonomy":"category","embeddable":true,"href":"https:\/\/arantv.az\/index.php?rest_route=%2Fwp%2Fv2%2Fcategories&post=98612"},{"taxonomy":"post_tag","embeddable":true,"href":"https:\/\/arantv.az\/index.php?rest_route=%2Fwp%2Fv2%2Ftags&post=98612"}],"curies":[{"name":"wp","href":"https:\/\/api.w.org\/{rel}","templated":true}]}}