{"id":98620,"date":"2019-11-20T13:09:29","date_gmt":"2019-11-20T10:09:29","guid":{"rendered":"http:\/\/arantv.az\/?p=98620"},"modified":"2019-11-20T13:09:29","modified_gmt":"2019-11-20T10:09:29","slug":"icma-s%c9%99dri-ankarada-s%c9%99firl%c9%99r%c9%99-erm%c9%99nistanin-t%c9%99cavuzu-haqda-danisib","status":"publish","type":"post","link":"https:\/\/arantv.az\/?p=98620","title":{"rendered":"\u0130cma s\u0259dri Ankarada s\u0259firl\u0259r\u0259 Erm\u0259nistan\u0131n t\u0259cav\u00fcz\u00fc haqda dan\u0131\u015f\u0131b"},"content":{"rendered":"<p><strong>Da\u011fl\u0131q Qaraba\u011f b\u00f6lg\u0259sinin az\u0259rbaycanl\u0131 icmas\u0131n\u0131n n\u00fcmay\u0259nd\u0259 hey\u0259ti Ankarada Az\u0259rbaycan\u0131n T\u00fcrkiy\u0259d\u0259ki s\u0259firliyinin xarici \u00f6lk\u0259l\u0259rin s\u0259firl\u0259ri \u00fc\u00e7\u00fcn t\u0259\u015fkil etdiyi t\u0259dbird\u0259 i\u015ftirak edib.<\/strong><\/p>\n<p><strong>ARANTV.AZ<\/strong>\u00a0<a href=\"https:\/\/az.trend.az\/\" target=\"_blank\" rel=\"noopener\">Trend<\/a>-\u0259 istinad\u0259n x\u0259b\u0259r verir ki, Da\u011fl\u0131q Qaraba\u011f\u0131n az\u0259rbaycanl\u0131 icmas\u0131n\u0131n s\u0259dri Tural G\u0259nc\u0259liyev Erm\u0259nistan\u0131n t\u0259cav\u00fcz\u00fc v\u0259 icma haqq\u0131nda i\u015ftirak\u00e7\u0131lara \u0259trafl\u0131 m\u0259lumat verib.<\/p>\n<p>Qeyd ed\u0259k ki, Da\u011fl\u0131q Qaraba\u011f b\u00f6lg\u0259sinin az\u0259rbaycanl\u0131 icmas\u0131n\u0131n n\u00fcmay\u0259nd\u0259 hey\u0259ti Ankara s\u0259f\u0259rind\u0259n \u00f6nc\u0259 AB\u015e-da olub. Orada da Da\u011fl\u0131q Qaraba\u011f v\u0259 erm\u0259ni cinay\u0259tkarl\u0131\u011f\u0131 bar\u0259d\u0259 fikir m\u00fcbadil\u0259rl\u0259ri apar\u0131l\u0131b.<\/p>\n","protected":false},"excerpt":{"rendered":"<p>Da\u011fl\u0131q Qaraba\u011f b\u00f6lg\u0259sinin az\u0259rbaycanl\u0131 icmas\u0131n\u0131n n\u00fcmay\u0259nd\u0259 hey\u0259ti Ankarada Az\u0259rbaycan\u0131n T\u00fcrkiy\u0259d\u0259ki s\u0259firliyinin xarici \u00f6lk\u0259l\u0259rin s\u0259firl\u0259ri \u00fc\u00e7\u00fcn t\u0259\u015fkil etdiyi t\u0259dbird\u0259 i\u015ftirak edib. ARANTV.AZ\u00a0Trend-\u0259 istinad\u0259n x\u0259b\u0259r verir ki, Da\u011fl\u0131q Qaraba\u011f\u0131n az\u0259rbaycanl\u0131 icmas\u0131n\u0131n s\u0259dri Tural G\u0259nc\u0259liyev Erm\u0259nistan\u0131n t\u0259cav\u00fcz\u00fc v\u0259 icma haqq\u0131nda i\u015ftirak\u00e7\u0131lara \u0259trafl\u0131 m\u0259lumat verib. Qeyd ed\u0259k ki, Da\u011fl\u0131q Qaraba\u011f b\u00f6lg\u0259sinin az\u0259rbaycanl\u0131 icmas\u0131n\u0131n n\u00fcmay\u0259nd\u0259 hey\u0259ti Ankara s\u0259f\u0259rind\u0259n \u00f6nc\u0259 AB\u015e-da olub. Orada da Da\u011fl\u0131q Qaraba\u011f v\u0259 erm\u0259ni cinay\u0259tkarl\u0131\u011f\u0131 bar\u0259d\u0259 fikir m\u00fcbadil\u0259rl\u0259ri apar\u0131l\u0131b.<\/p>\n","protected":false},"author":2,"featured_media":98621,"comment_status":"closed","ping_status":"closed","sticky":false,"template":"","format":"standard","meta":{"om_disable_all_campaigns":false,"_monsterinsights_skip_tracking":false,"_monsterinsights_sitenote_active":false,"_monsterinsights_sitenote_note":"","_monsterinsights_sitenote_category":0},"categories":[4],"tags":[],"aioseo_notices":[],"gutentor_comment":0,"rttpg_featured_image_url":{"full":["https:\/\/arantv.az\/wp-content\/uploads\/2019\/11\/803700.jpg",800,600,false],"landscape":["https:\/\/arantv.az\/wp-content\/uploads\/2019\/11\/803700.jpg",800,600,false],"portraits":["https:\/\/arantv.az\/wp-content\/uploads\/2019\/11\/803700.jpg",800,600,false],"thumbnail":["https:\/\/arantv.az\/wp-content\/uploads\/2019\/11\/803700-150x150.jpg",150,150,true],"medium":["https:\/\/arantv.az\/wp-content\/uploads\/2019\/11\/803700-300x225.jpg",300,225,true],"large":["https:\/\/arantv.az\/wp-content\/uploads\/2019\/11\/803700.jpg",640,480,false],"1536x1536":["https:\/\/arantv.az\/wp-content\/uploads\/2019\/11\/803700.jpg",800,600,false],"2048x2048":["https:\/\/arantv.az\/wp-content\/uploads\/2019\/11\/803700.jpg",800,600,false],"post-thumbnail":["https:\/\/arantv.az\/wp-content\/uploads\/2019\/11\/803700-240x172.jpg",240,172,true],"advps-thumb-one":["https:\/\/arantv.az\/wp-content\/uploads\/2019\/11\/803700.jpg",800,600,false]},"rttpg_author":{"display_name":"V\u00fcsal Rafiqo\u011flu","author_link":"https:\/\/arantv.az\/?author=2"},"rttpg_comment":0,"rttpg_category":"<a href=\"https:\/\/arantv.az\/?cat=4\" rel=\"category\">Siyas\u0259t<\/a>","rttpg_excerpt":"Da\u011fl\u0131q Qaraba\u011f b\u00f6lg\u0259sinin az\u0259rbaycanl\u0131 icmas\u0131n\u0131n n\u00fcmay\u0259nd\u0259 hey\u0259ti Ankarada Az\u0259rbaycan\u0131n T\u00fcrkiy\u0259d\u0259ki s\u0259firliyinin xarici \u00f6lk\u0259l\u0259rin s\u0259firl\u0259ri \u00fc\u00e7\u00fcn t\u0259\u015fkil etdiyi t\u0259dbird\u0259 i\u015ftirak edib. ARANTV.AZ\u00a0Trend-\u0259 istinad\u0259n x\u0259b\u0259r verir ki, Da\u011fl\u0131q Qaraba\u011f\u0131n az\u0259rbaycanl\u0131 icmas\u0131n\u0131n s\u0259dri Tural G\u0259nc\u0259liyev Erm\u0259nistan\u0131n t\u0259cav\u00fcz\u00fc v\u0259 icma haqq\u0131nda i\u015ftirak\u00e7\u0131lara \u0259trafl\u0131 m\u0259lumat verib. Qeyd ed\u0259k ki, Da\u011fl\u0131q Qaraba\u011f b\u00f6lg\u0259sinin az\u0259rbaycanl\u0131 icmas\u0131n\u0131n n\u00fcmay\u0259nd\u0259 hey\u0259ti Ankara s\u0259f\u0259rind\u0259n \u00f6nc\u0259 AB\u015e-da&hellip;","_links":{"self":[{"href":"https:\/\/arantv.az\/index.php?rest_route=\/wp\/v2\/posts\/98620"}],"collection":[{"href":"https:\/\/arantv.az\/index.php?rest_route=\/wp\/v2\/posts"}],"about":[{"href":"https:\/\/arantv.az\/index.php?rest_route=\/wp\/v2\/types\/post"}],"author":[{"embeddable":true,"href":"https:\/\/arantv.az\/index.php?rest_route=\/wp\/v2\/users\/2"}],"replies":[{"embeddable":true,"href":"https:\/\/arantv.az\/index.php?rest_route=%2Fwp%2Fv2%2Fcomments&post=98620"}],"version-history":[{"count":0,"href":"https:\/\/arantv.az\/index.php?rest_route=\/wp\/v2\/posts\/98620\/revisions"}],"wp:featuredmedia":[{"embeddable":true,"href":"https:\/\/arantv.az\/index.php?rest_route=\/wp\/v2\/media\/98621"}],"wp:attachment":[{"href":"https:\/\/arantv.az\/index.php?rest_route=%2Fwp%2Fv2%2Fmedia&parent=98620"}],"wp:term":[{"taxonomy":"category","embeddable":true,"href":"https:\/\/arantv.az\/index.php?rest_route=%2Fwp%2Fv2%2Fcategories&post=98620"},{"taxonomy":"post_tag","embeddable":true,"href":"https:\/\/arantv.az\/index.php?rest_route=%2Fwp%2Fv2%2Ftags&post=98620"}],"curies":[{"name":"wp","href":"https:\/\/api.w.org\/{rel}","templated":true}]}}