{"id":98628,"date":"2019-11-20T13:11:18","date_gmt":"2019-11-20T10:11:18","guid":{"rendered":"http:\/\/arantv.az\/?p=98628"},"modified":"2019-11-20T13:11:18","modified_gmt":"2019-11-20T10:11:18","slug":"ilham-%c9%99liyevin-masalliya-icra-bascisi-t%c9%99yin-etdiyi-sahin-m%c9%99mm%c9%99dov-kimdir-dosye","status":"publish","type":"post","link":"https:\/\/arantv.az\/?p=98628","title":{"rendered":"\u0130lham \u018fliyevin Masall\u0131ya icra ba\u015f\u00e7\u0131s\u0131 t\u0259yin etdiyi \u015eahin M\u0259mm\u0259dov kimdir? &#8211; DOSYE"},"content":{"rendered":"<p>X\u0259b\u0259r verdiyimiz kimi, Prezidentin s\u0259r\u0259ncam\u0131 il\u0259 \u015eahin K\u0259rim o\u011flu M\u0259mm\u0259dov Masall\u0131 Rayon \u0130cra Hakimiyy\u0259tinin ba\u015f\u00e7\u0131s\u0131 t\u0259yin edilib.<\/p>\n<p>\u015eahin K\u0259rim o\u011flu M\u0259mm\u0259dov 1959-c\u00fc ild\u0259 B\u0259rd\u0259 \u015f\u0259h\u0259rind\u0259 anadan olub. \u018fm\u0259k f\u0259aliyy\u0259tin\u0259 1975-ci ild\u0259n ba\u015flay\u0131b. 1975-1983-c\u00fc ill\u0259rd\u0259 &#8220;Azelektromontaj&#8221; idar\u0259si v\u0259 B\u0259rd\u0259 Elektrik \u015f\u0259b\u0259k\u0259sind\u0259 m\u00fcxt\u0259lif v\u0259zif\u0259l\u0259rd\u0259 i\u015fl\u0259yib. 1985-ci ild\u0259 Az\u0259rbaycan Xalq T\u0259s\u0259rr\u00fcfat\u0131 \u0130nstitutunun U\u00e7ot-iqtisad fak\u00fclt\u0259sini bitirib.<\/p>\n<p>\u015eahin M\u0259mm\u0259dov 1983-1992-ci ill\u0259rd\u0259 Az\u0259rbaycan LKG\u0130 B\u0259rd\u0259 rayon komit\u0259sind\u0259 azad komsomol t\u0259\u015fkilat katibi, t\u0259limat\u00e7\u0131, ikinci katib, 1992-1993-c\u00fc ill\u0259rd\u0259 Maliyy\u0259 Nazirliyinin &#8220;Az\u0259raudit&#8221; m\u0259rk\u0259zinin B\u0259rd\u0259 rayon \u015f\u00f6b\u0259sinin r\u0259isi, 1993-1995- ci ill\u0259rd\u0259 B\u0259rd\u0259 rayon \u0130cra Hakimiyy\u0259ti ba\u015fc\u0131s\u0131n\u0131n sosial &#8211; iqtisadi ink\u015faf m\u0259s\u0259l\u0259l\u0259ri \u00fczr\u0259 m\u00fcavini, \u015f\u00f6b\u0259 m\u00fcdiri, 1996-2000-ci ill\u0259rd\u0259 B\u0259rd\u0259 rayon 026 sayl\u0131 \u018fman\u0259t Bank \u015f\u00f6b\u0259sinin m\u00fcdiri, 2000-2004-c\u00fc ill\u0259rd\u0259 Birl\u0259\u015fmi\u015f Universal S\u0259hmdar Bank\u0131n\u0131n B\u0259rd\u0259 rayon filial\u0131n\u0131n m\u00fcdiri v\u0259zif\u0259sind\u0259 \u00e7al\u0131\u015f\u0131b.<\/p>\n<p>Az\u0259rbaycan Respublikas\u0131 Prezdentinin 17 aprel 2004-c\u00fc il tarixli s\u0259rancam\u0131 il\u0259 Samux Rayon \u0130cra Hakimiyy\u0259tinin Ba\u015fc\u0131s\u0131 v\u0259zif\u0259sin\u0259, 26 dekabr 2005-ci tarixli s\u0259rancam\u0131 il\u0259 A\u011fcab\u0259di Rayon \u0130cra Hakimiyy\u0259tinin Ba\u015f\u00e7\u0131s\u0131 v\u0259zif\u0259sin\u0259 t\u0259yin edilib.<\/p>\n<p>28 dekabr 2018-ci ild\u0259 Prezident \u0130lham \u018fliyevin S\u0259r\u0259ncam\u0131 il\u0259 Az\u0259rbaycan Respublikas\u0131n\u0131n ictimai-siyasi h\u0259yat\u0131nda f\u0259al i\u015ftirak\u0131na g\u00f6r\u0259 2-ci d\u0259r\u0259c\u0259li &#8220;V\u0259t\u0259n\u0259 xidm\u0259t\u0259 g\u00f6r\u0259&#8221; ordeni il\u0259 t\u0259ltif edilib.<\/p>\n","protected":false},"excerpt":{"rendered":"<p>X\u0259b\u0259r verdiyimiz kimi, Prezidentin s\u0259r\u0259ncam\u0131 il\u0259 \u015eahin K\u0259rim o\u011flu M\u0259mm\u0259dov Masall\u0131 Rayon \u0130cra Hakimiyy\u0259tinin ba\u015f\u00e7\u0131s\u0131 t\u0259yin edilib. \u015eahin K\u0259rim o\u011flu M\u0259mm\u0259dov 1959-c\u00fc ild\u0259 B\u0259rd\u0259 \u015f\u0259h\u0259rind\u0259 anadan olub. \u018fm\u0259k f\u0259aliyy\u0259tin\u0259 1975-ci ild\u0259n ba\u015flay\u0131b. 1975-1983-c\u00fc ill\u0259rd\u0259 &#8220;Azelektromontaj&#8221; idar\u0259si v\u0259 B\u0259rd\u0259 Elektrik \u015f\u0259b\u0259k\u0259sind\u0259 m\u00fcxt\u0259lif v\u0259zif\u0259l\u0259rd\u0259 i\u015fl\u0259yib. 1985-ci ild\u0259 Az\u0259rbaycan Xalq T\u0259s\u0259rr\u00fcfat\u0131 \u0130nstitutunun U\u00e7ot-iqtisad fak\u00fclt\u0259sini bitirib. \u015eahin M\u0259mm\u0259dov 1983-1992-ci ill\u0259rd\u0259 Az\u0259rbaycan LKG\u0130 B\u0259rd\u0259 rayon komit\u0259sind\u0259 azad komsomol t\u0259\u015fkilat katibi, t\u0259limat\u00e7\u0131, ikinci katib, 1992-1993-c\u00fc ill\u0259rd\u0259 Maliyy\u0259 Nazirliyinin &#8220;Az\u0259raudit&#8221; m\u0259rk\u0259zinin B\u0259rd\u0259 rayon \u015f\u00f6b\u0259sinin r\u0259isi, 1993-1995- ci ill\u0259rd\u0259 B\u0259rd\u0259 rayon \u0130cra Hakimiyy\u0259ti ba\u015fc\u0131s\u0131n\u0131n sosial &#8211; iqtisadi ink\u015faf&hellip;<\/p>\n","protected":false},"author":2,"featured_media":98629,"comment_status":"closed","ping_status":"closed","sticky":false,"template":"","format":"standard","meta":{"om_disable_all_campaigns":false,"_monsterinsights_skip_tracking":false,"_monsterinsights_sitenote_active":false,"_monsterinsights_sitenote_note":"","_monsterinsights_sitenote_category":0},"categories":[19],"tags":[],"aioseo_notices":[],"gutentor_comment":0,"rttpg_featured_image_url":{"full":["https:\/\/arantv.az\/wp-content\/uploads\/2019\/11\/wahin.jpg",649,365,false],"landscape":["https:\/\/arantv.az\/wp-content\/uploads\/2019\/11\/wahin.jpg",649,365,false],"portraits":["https:\/\/arantv.az\/wp-content\/uploads\/2019\/11\/wahin.jpg",649,365,false],"thumbnail":["https:\/\/arantv.az\/wp-content\/uploads\/2019\/11\/wahin-150x150.jpg",150,150,true],"medium":["https:\/\/arantv.az\/wp-content\/uploads\/2019\/11\/wahin-300x169.jpg",300,169,true],"large":["https:\/\/arantv.az\/wp-content\/uploads\/2019\/11\/wahin.jpg",640,360,false],"1536x1536":["https:\/\/arantv.az\/wp-content\/uploads\/2019\/11\/wahin.jpg",649,365,false],"2048x2048":["https:\/\/arantv.az\/wp-content\/uploads\/2019\/11\/wahin.jpg",649,365,false],"post-thumbnail":["https:\/\/arantv.az\/wp-content\/uploads\/2019\/11\/wahin-240x172.jpg",240,172,true],"advps-thumb-one":["https:\/\/arantv.az\/wp-content\/uploads\/2019\/11\/wahin.jpg",649,365,false]},"rttpg_author":{"display_name":"V\u00fcsal Rafiqo\u011flu","author_link":"https:\/\/arantv.az\/?author=2"},"rttpg_comment":0,"rttpg_category":"<a href=\"https:\/\/arantv.az\/?cat=19\" rel=\"category\">G\u00fcnd\u0259m<\/a>","rttpg_excerpt":"X\u0259b\u0259r verdiyimiz kimi, Prezidentin s\u0259r\u0259ncam\u0131 il\u0259 \u015eahin K\u0259rim o\u011flu M\u0259mm\u0259dov Masall\u0131 Rayon \u0130cra Hakimiyy\u0259tinin ba\u015f\u00e7\u0131s\u0131 t\u0259yin edilib. \u015eahin K\u0259rim o\u011flu M\u0259mm\u0259dov 1959-c\u00fc ild\u0259 B\u0259rd\u0259 \u015f\u0259h\u0259rind\u0259 anadan olub. \u018fm\u0259k f\u0259aliyy\u0259tin\u0259 1975-ci ild\u0259n ba\u015flay\u0131b. 1975-1983-c\u00fc ill\u0259rd\u0259 &#8220;Azelektromontaj&#8221; idar\u0259si v\u0259 B\u0259rd\u0259 Elektrik \u015f\u0259b\u0259k\u0259sind\u0259 m\u00fcxt\u0259lif v\u0259zif\u0259l\u0259rd\u0259 i\u015fl\u0259yib. 1985-ci ild\u0259 Az\u0259rbaycan Xalq T\u0259s\u0259rr\u00fcfat\u0131 \u0130nstitutunun U\u00e7ot-iqtisad fak\u00fclt\u0259sini bitirib. \u015eahin M\u0259mm\u0259dov 1983-1992-ci&hellip;","_links":{"self":[{"href":"https:\/\/arantv.az\/index.php?rest_route=\/wp\/v2\/posts\/98628"}],"collection":[{"href":"https:\/\/arantv.az\/index.php?rest_route=\/wp\/v2\/posts"}],"about":[{"href":"https:\/\/arantv.az\/index.php?rest_route=\/wp\/v2\/types\/post"}],"author":[{"embeddable":true,"href":"https:\/\/arantv.az\/index.php?rest_route=\/wp\/v2\/users\/2"}],"replies":[{"embeddable":true,"href":"https:\/\/arantv.az\/index.php?rest_route=%2Fwp%2Fv2%2Fcomments&post=98628"}],"version-history":[{"count":0,"href":"https:\/\/arantv.az\/index.php?rest_route=\/wp\/v2\/posts\/98628\/revisions"}],"wp:featuredmedia":[{"embeddable":true,"href":"https:\/\/arantv.az\/index.php?rest_route=\/wp\/v2\/media\/98629"}],"wp:attachment":[{"href":"https:\/\/arantv.az\/index.php?rest_route=%2Fwp%2Fv2%2Fmedia&parent=98628"}],"wp:term":[{"taxonomy":"category","embeddable":true,"href":"https:\/\/arantv.az\/index.php?rest_route=%2Fwp%2Fv2%2Fcategories&post=98628"},{"taxonomy":"post_tag","embeddable":true,"href":"https:\/\/arantv.az\/index.php?rest_route=%2Fwp%2Fv2%2Ftags&post=98628"}],"curies":[{"name":"wp","href":"https:\/\/api.w.org\/{rel}","templated":true}]}}