{"id":98636,"date":"2019-11-20T13:29:44","date_gmt":"2019-11-20T10:29:44","guid":{"rendered":"http:\/\/arantv.az\/?p=98636"},"modified":"2019-11-20T13:29:44","modified_gmt":"2019-11-20T10:29:44","slug":"aeroport-yolunda-qorxunc-q%c9%99za-prado-opeli-bel%c9%99-vurdu-anbaan-video","status":"publish","type":"post","link":"https:\/\/arantv.az\/?p=98636","title":{"rendered":"Aeroport yolunda QORXUNC Q\u018fZA: &#8220;Prado&#8221; &#8220;Opel&#8221;i bel\u0259 vurdu &#8211; ANBAAN V\u0130DEO"},"content":{"rendered":"<div id=\"entry\" class=\"entry\">Bak\u0131da ba\u015f vermi\u015f q\u0259za an\u0131 kameraya d\u00fc\u015f\u00fcb.<\/p>\n<p><b>ARANTV.AZ\u00a0<\/b>\u00a0avtosfer.az-a istinad\u0259n x\u0259b\u0259r verir ki, &#8220;Toyota Prado&#8221; markal\u0131 avtomobilin s\u00fcr\u00fcc\u00fcs\u00fc h\u0259r\u0259k\u0259td\u0259 olark\u0259n &#8220;Opel&#8221; markal\u0131 avtomobil\u0259 \u00e7\u0131rp\u0131l\u0131b. Hadis\u0259y\u0259 s\u0259b\u0259b &#8220;Opel&#8221; s\u00fcr\u00fcc\u00fcs\u00fcn\u00fcn s\u00fcr\u0259ti azaltmas\u0131 olsa da, &#8220;Prado&#8221; s\u00fcr\u00fcc\u00fcs\u00fc d\u0259 ara m\u0259saf\u0259ni d\u00fczg\u00fcn se\u00e7m\u0259yib.<\/p>\n<p>Son anda &#8220;Opel&#8221; dig\u0259r avtomobil\u0259 d\u0259ym\u0259y\u0259 az qalsa da, ikinci q\u0259za ba\u015f vermir.<\/p>\n<p>Videonu t\u0259qdim edirik:<\/p>\n<div class=\"embed-responsive embed-responsive-16by9\"><iframe loading=\"lazy\" id=\"nmqembedid\" class=\"embed-responsive-item\" title=\"video player\" src=\"https:\/\/izle.az\/embed\/S6qwtTAwNDUFAA~~\" width=\"600\" height=\"340\" frameborder=\"0\" scrolling=\"no\" allowfullscreen=\"allowfullscreen\" data-mce-fragment=\"1\"><\/iframe><\/div>\n<\/div>\n<div><\/div>\n","protected":false},"excerpt":{"rendered":"<p>Bak\u0131da ba\u015f vermi\u015f q\u0259za an\u0131 kameraya d\u00fc\u015f\u00fcb. ARANTV.AZ\u00a0\u00a0avtosfer.az-a istinad\u0259n x\u0259b\u0259r verir ki, &#8220;Toyota Prado&#8221; markal\u0131 avtomobilin s\u00fcr\u00fcc\u00fcs\u00fc h\u0259r\u0259k\u0259td\u0259 olark\u0259n &#8220;Opel&#8221; markal\u0131 avtomobil\u0259 \u00e7\u0131rp\u0131l\u0131b. Hadis\u0259y\u0259 s\u0259b\u0259b &#8220;Opel&#8221; s\u00fcr\u00fcc\u00fcs\u00fcn\u00fcn s\u00fcr\u0259ti azaltmas\u0131 olsa da, &#8220;Prado&#8221; s\u00fcr\u00fcc\u00fcs\u00fc d\u0259 ara m\u0259saf\u0259ni d\u00fczg\u00fcn se\u00e7m\u0259yib. Son anda &#8220;Opel&#8221; dig\u0259r avtomobil\u0259 d\u0259ym\u0259y\u0259 az qalsa da, ikinci q\u0259za ba\u015f vermir. Videonu t\u0259qdim edirik:<\/p>\n","protected":false},"author":2,"featured_media":98637,"comment_status":"closed","ping_status":"closed","sticky":false,"template":"","format":"standard","meta":{"om_disable_all_campaigns":false,"_monsterinsights_skip_tracking":false,"_monsterinsights_sitenote_active":false,"_monsterinsights_sitenote_note":"","_monsterinsights_sitenote_category":0},"categories":[5],"tags":[],"aioseo_notices":[],"gutentor_comment":0,"rttpg_featured_image_url":{"full":["https:\/\/arantv.az\/wp-content\/uploads\/2019\/11\/qeza_31574244735.jpg",649,365,false],"landscape":["https:\/\/arantv.az\/wp-content\/uploads\/2019\/11\/qeza_31574244735.jpg",649,365,false],"portraits":["https:\/\/arantv.az\/wp-content\/uploads\/2019\/11\/qeza_31574244735.jpg",649,365,false],"thumbnail":["https:\/\/arantv.az\/wp-content\/uploads\/2019\/11\/qeza_31574244735-150x150.jpg",150,150,true],"medium":["https:\/\/arantv.az\/wp-content\/uploads\/2019\/11\/qeza_31574244735-300x169.jpg",300,169,true],"large":["https:\/\/arantv.az\/wp-content\/uploads\/2019\/11\/qeza_31574244735.jpg",640,360,false],"1536x1536":["https:\/\/arantv.az\/wp-content\/uploads\/2019\/11\/qeza_31574244735.jpg",649,365,false],"2048x2048":["https:\/\/arantv.az\/wp-content\/uploads\/2019\/11\/qeza_31574244735.jpg",649,365,false],"post-thumbnail":["https:\/\/arantv.az\/wp-content\/uploads\/2019\/11\/qeza_31574244735-240x172.jpg",240,172,true],"advps-thumb-one":["https:\/\/arantv.az\/wp-content\/uploads\/2019\/11\/qeza_31574244735.jpg",649,365,false]},"rttpg_author":{"display_name":"V\u00fcsal Rafiqo\u011flu","author_link":"https:\/\/arantv.az\/?author=2"},"rttpg_comment":0,"rttpg_category":"<a href=\"https:\/\/arantv.az\/?cat=5\" rel=\"category\">Hadis\u0259<\/a>","rttpg_excerpt":"Bak\u0131da ba\u015f vermi\u015f q\u0259za an\u0131 kameraya d\u00fc\u015f\u00fcb. ARANTV.AZ\u00a0\u00a0avtosfer.az-a istinad\u0259n x\u0259b\u0259r verir ki, &#8220;Toyota Prado&#8221; markal\u0131 avtomobilin s\u00fcr\u00fcc\u00fcs\u00fc h\u0259r\u0259k\u0259td\u0259 olark\u0259n &#8220;Opel&#8221; markal\u0131 avtomobil\u0259 \u00e7\u0131rp\u0131l\u0131b. Hadis\u0259y\u0259 s\u0259b\u0259b &#8220;Opel&#8221; s\u00fcr\u00fcc\u00fcs\u00fcn\u00fcn s\u00fcr\u0259ti azaltmas\u0131 olsa da, &#8220;Prado&#8221; s\u00fcr\u00fcc\u00fcs\u00fc d\u0259 ara m\u0259saf\u0259ni d\u00fczg\u00fcn se\u00e7m\u0259yib. Son anda &#8220;Opel&#8221; dig\u0259r avtomobil\u0259 d\u0259ym\u0259y\u0259 az qalsa da, ikinci q\u0259za ba\u015f vermir. Videonu t\u0259qdim edirik:","_links":{"self":[{"href":"https:\/\/arantv.az\/index.php?rest_route=\/wp\/v2\/posts\/98636"}],"collection":[{"href":"https:\/\/arantv.az\/index.php?rest_route=\/wp\/v2\/posts"}],"about":[{"href":"https:\/\/arantv.az\/index.php?rest_route=\/wp\/v2\/types\/post"}],"author":[{"embeddable":true,"href":"https:\/\/arantv.az\/index.php?rest_route=\/wp\/v2\/users\/2"}],"replies":[{"embeddable":true,"href":"https:\/\/arantv.az\/index.php?rest_route=%2Fwp%2Fv2%2Fcomments&post=98636"}],"version-history":[{"count":0,"href":"https:\/\/arantv.az\/index.php?rest_route=\/wp\/v2\/posts\/98636\/revisions"}],"wp:featuredmedia":[{"embeddable":true,"href":"https:\/\/arantv.az\/index.php?rest_route=\/wp\/v2\/media\/98637"}],"wp:attachment":[{"href":"https:\/\/arantv.az\/index.php?rest_route=%2Fwp%2Fv2%2Fmedia&parent=98636"}],"wp:term":[{"taxonomy":"category","embeddable":true,"href":"https:\/\/arantv.az\/index.php?rest_route=%2Fwp%2Fv2%2Fcategories&post=98636"},{"taxonomy":"post_tag","embeddable":true,"href":"https:\/\/arantv.az\/index.php?rest_route=%2Fwp%2Fv2%2Ftags&post=98636"}],"curies":[{"name":"wp","href":"https:\/\/api.w.org\/{rel}","templated":true}]}}