{"id":98640,"date":"2019-11-20T13:30:45","date_gmt":"2019-11-20T10:30:45","guid":{"rendered":"http:\/\/arantv.az\/?p=98640"},"modified":"2019-11-20T13:30:45","modified_gmt":"2019-11-20T10:30:45","slug":"v%c9%99zif%c9%99d%c9%99n-cixarilan-nazirl%c9%99r-indi-n%c9%99-isl%c9%99-m%c9%99sguldur-siyahi","status":"publish","type":"post","link":"https:\/\/arantv.az\/?p=98640","title":{"rendered":"V\u0259zif\u0259d\u0259n \u00e7\u0131xar\u0131lan nazirl\u0259r indi n\u0259 i\u015fl\u0259 m\u0259\u015f\u011fuldur? &#8211; S\u0130YAHI"},"content":{"rendered":"<p>Az\u0259rbaycan\u0131n sabiq Ba\u015f Naziri Novruz M\u0259mm\u0259dovun Az\u0259rbaycan Dill\u0259r Universitetin\u0259 prorektor t\u0259yin olunub.<\/p>\n<p><b>ARANTV.AZ\u00a0<\/b>\u00a0yeniavaz.com-a istinad\u0259n x\u0259b\u0259r verir ki, daha \u0259vv\u0259l d\u0259 v\u0259zif\u0259d\u0259n azad olunduqdan sonra t\u0259hsil sah\u0259sind\u0259 y\u00fcks\u0259k v\u0259zif\u0259y\u0259 t\u0259yin olunan nazirl\u0259r olub.<\/p>\n<div><\/div>\n<p>&#8211; 2013 &#8211; 2018-ci ill\u0259rd\u0259 K\u0259nd t\u0259s\u0259rr\u00fcfat\u0131 naziri olan Heyd\u0259r \u018fs\u0259dov Az\u0259rbaycan D\u00f6vl\u0259t D\u0259niz Akademiyas\u0131n\u0131n rektoru t\u0259yin edilib.<\/p>\n<p>&#8211; Ke\u00e7mi\u015f \u018fm\u0259k v\u0259 \u0259halinin sosial m\u00fcdafi\u0259si naziri S\u0259lim M\u00fcsl\u00fcmov 5 illik nazir postundan uzaqla\u015fd\u0131qdan sonra Milli Aviasiya Akademiyas\u0131n\u0131n D\u00fcnya iqtisadiyyat\u0131 kafedras\u0131n\u0131n m\u00fcdiri v\u0259zif\u0259sin\u0259 t\u0259yin olunub.<\/p>\n<p>&#8211; 1998 &#8211; 2013-c\u00fc ill\u0259rd\u0259 T\u0259hsil naziri v\u0259zif\u0259sind\u0259 \u00e7al\u0131\u015fan Misir M\u0259rdanov haz\u0131rda Az\u0259rbaycan Milli Elml\u0259r Akademiyas\u0131n\u0131n (AMEA) Mexanika v\u0259 Riyaziyyat \u0130nstitutunun direktoru v\u0259zif\u0259sini icra edir.<\/p>\n<p>&#8211; 2004 &#8211; 2014-c\u00fc ill\u0259r\u0259d\u0259 Rabit\u0259 v\u0259 y\u00fcks\u0259k texnologiyalar naziri olan \u018fli Abbasov bu v\u0259zif\u0259sini Az\u0259rbaycan Milli Elml\u0259r Akademiyas\u0131nda m\u00fc\u015favir v\u0259zif\u0259sil\u0259 \u0259v\u0259z edib.<\/p>\n<p>&#8211; 1999 &#8211; 2006-c\u0131 ill\u0259rd\u0259 Az\u0259rbaycan\u0131n Maliyy\u0259 naziri olan \u018fv\u0259z \u018fl\u0259kb\u0259rovun haz\u0131rda \u0130qtisadiyyat Universitetind\u0259 &#8220;Maliyy\u0259 v\u0259 maliyy\u0259 institutlar\u0131&#8221; kafedras\u0131n\u0131n m\u00fcdiri v\u0259zif\u0259sini icra etdiyi bildirilir.<\/p>\n<p>\u0130lham \u018fliyevin Prezidentliyi d\u00f6vr\u00fcnd\u0259 v\u0259zif\u0259d\u0259n \u00e7\u0131xar\u0131lan dig\u0259r sabiq nazirl\u0259r is\u0259 f\u0259rqli sah\u0259l\u0259rd\u0259 f\u0259aliyy\u0259t g\u00f6st\u0259ribl\u0259r.<\/p>\n<p>&#8211; 1993-2005-ci ill\u0259rd\u0259 S\u0259hiyy\u0259 naziri olan \u018fli \u0130nsanov 2005-ci ilin oktyabr\u0131nda h\u0259bs edilib. 13 il h\u0259bs c\u0259zas\u0131ndan sonra azadl\u0131\u011fa \u00e7\u0131xan sabiq S\u0259hiyy\u0259 naziri haz\u0131rda m\u00fcxalif\u0259t d\u00fc\u015f\u0259rg\u0259sind\u0259 siyasi f\u0259aliyy\u0259tl\u0259 m\u0259\u015f\u011fuldur.<\/p>\n<p>&#8211; 2001-2005-ci ill\u0259rd\u0259 \u0130qtisadi inki\u015faf naziri v\u0259zif\u0259sind\u0259 olan F\u0259rhad \u018fliyev d\u0259 2005-ci ild\u0259 h\u0259bs olunub. 2013-c\u00fc ild\u0259 Pezidentin s\u0259r\u0259ncam\u0131 il\u0259 c\u0259zan\u0131n \u00e7\u0259kilm\u0259mi\u015f hiss\u0259sind\u0259n azad edilib. F\u0259rhad \u018fliyev h\u0259bsd\u0259n azad olunduqdan sonra Almaniya k\u00f6\u00e7\u00fcb.<\/p>\n<p>&#8211; 1995 &#8211; 2004-c\u00fc ill\u0259rd\u0259 Milli t\u0259hl\u00fck\u0259sizlik naziri olan Namiq Abbasov v\u0259zif\u0259d\u0259n azad olunduqdan sonra &#8211; 2004-2012-ci ill\u0259rd\u0259 Az\u0259rbaycan\u0131n \u00d6zb\u0259kistandak\u0131 s\u0259firi olub. Haz\u0131rda Namiq Abbasovun he\u00e7 bir yerd\u0259 i\u015fl\u0259m\u0259diyi bildirilir.<\/p>\n<p>&#8211; Namiq Abbasovdan sonra &#8211; 2004 &#8211; 2015-ci ill\u0259rd\u0259 Milli t\u0259hl\u00fck\u0259sizlik naziri olan Eldar Mahmudov v\u0259zif\u0259d\u0259n \u00e7\u0131xar\u0131landan sonra r\u0259smi olaraq he\u00e7 bir yerd\u0259 i\u015fl\u0259mir. Tez-tez h\u0259bsd\u0259 olan sabiq nazirlik \u0259m\u0259kda\u015flar\u0131n\u0131n m\u0259hk\u0259m\u0259sind\u0259 \u015fahid kimi ifad\u0259 ver\u0259n Eldar Mahmudovun ail\u0259 \u00fczvl\u0259rin\u0259 m\u0259xsus \u015firk\u0259tl\u0259rin oldu\u011fu t\u0259sdiql\u0259nib.<\/p>\n<p>&#8211; 1995 &#8211; 2013-c\u00fc ill\u0259rd\u0259 M\u00fcdafi\u0259 naziri olan S\u0259f\u0259r \u018fbiyevin haz\u0131rda n\u0131 i\u015fl\u0259 m\u0259\u015f\u011ful oldu\u011fu bar\u0259d\u0259 r\u0259smi m\u0259lumat yoxdur. M\u0259tbuatda sabiq nazirin \u00c7exiyada ya\u015fad\u0131\u011f\u0131 v\u0259 burda \u00e7oxsayl\u0131 m\u00fclkl\u0259rinin oldu\u011fu bar\u0259d\u0259 m\u0259lumatlar yay\u0131l\u0131b. S\u0259f\u0259r \u018fbiyev sonuncu d\u0259f\u0259 m\u0259tbuat qar\u015f\u0131s\u0131na jurnalist Fuad Abbasova &#8220;D\u0259d\u0259 Qorqud&#8221; Milli Fondu ad\u0131ndan m\u00fckafat ver\u0259rk\u0259n \u00e7\u0131x\u0131b.<\/p>\n<p>&#8211; 2001 &#8211; 2018-ci ill\u0259rd\u0259 Ekologiya v\u0259 T\u0259bii S\u0259rv\u0259tl\u0259r naziri v\u0259zif\u0259sini icra ed\u0259n H\u00fcseynqulu Ba\u011f\u0131rovun haz\u0131rda i\u015fsiz oldu\u011fu bildirilir. Lakin m\u0259tbuatda yer alan m\u0259lumatlardan bel\u0259 g\u00f6r\u00fcn\u00fcr ki, sabiq nazir qeyri-r\u0259smi \u015f\u0259kild\u0259 onun t\u0259\u015f\u0259bb\u00fcs\u00fc il\u0259 yarad\u0131lan &#8220;Q\u0259rbi Kaspi&#8221; Universitetin\u0259 r\u0259hb\u0259rlik edir.<\/p>\n<p>&#8211; 2000 &#8211; 2017-ci ill\u0259rd\u0259 Vergil\u0259r naziri olan Fazil M\u0259mm\u0259dovun b\u00f6y\u00fck biznes f\u0259aliyy\u0259til\u0259 m\u0259\u015f\u011ful oldu\u011fu he\u00e7 kim\u0259 sirr deyil. S\u0259hh\u0259tind\u0259 probleml\u0259r olan sabiq Vergil\u0259r nazirinin tez-tez xarici \u00f6lk\u0259l\u0259r\u0259 m\u00fcalic\u0259y\u0259 getdiyi bar\u0259d\u0259 x\u0259b\u0259rl\u0259r d\u0259 yay\u0131l\u0131r.<\/p>\n<p>&#8211; 2002 &#8211; 2017-ci ill\u0259rd\u0259 N\u0259qliyyat naziri v\u0259zif\u0259sini icra ed\u0259n Ziya M\u0259mm\u0259dov haz\u0131rda Az\u0259rbaycanda oldu\u011fu v\u0259 r\u0259smi \u015f\u0259kild\u0259 he\u00e7 bir yerd\u0259 i\u015fl\u0259m\u0259diyi bildirilir. Lakin, sabiq nazirin ail\u0259 \u00fczvl\u0259rin\u0259 m\u0259xsus \u00e7oxsayl\u0131 \u015firk\u0259tl\u0259rin oldu\u011fu da he\u00e7 kim\u0259 sirr deyil.<\/p>\n<p>&#8211; 1994 &#8211; 2004-c\u00fc ill\u0259rd\u0259 K\u0259nd t\u0259s\u0259rr\u00fcfat\u0131 naziri olan \u0130r\u015fad \u018fliyev v\u0259zif\u0259d\u0259n azad olunduqdan sonra Goranboy v\u0259 Beyl\u0259qan \u0130cra Hakimiyy\u0259tl\u0259rinin ba\u015f\u00e7\u0131s\u0131 v\u0259zif\u0259l\u0259rind\u0259 \u00e7al\u0131\u015f\u0131b. 2014-c\u00fc ild\u0259n sonra \u0130r\u015fad \u018fliyevin r\u0259smi \u015f\u0259kild\u0259 he\u00e7 bir yerd\u0259 i\u015fl\u0259m\u0259diyi bildirilir.<\/p>\n<p>&#8211; 2004 &#8211; 2013-c\u00fc ill\u0259rd\u0259 K\u0259nd t\u0259s\u0259rr\u00fcfat\u0131 naziri olan \u0130sm\u0259t Abasov v\u0259zif\u0259d\u0259n azad olunduqdan sonra Ba\u015f nazirin m\u00fcavini postuna t\u0259yin olunub. \u00d6t\u0259n il bu v\u0259zif\u0259d\u0259n d\u0259 azad olunan sabiq nazirin r\u0259smi i\u015f yeri yoxdur.<\/p>\n<p>&#8211; 2006 &#8211; 2013-c\u00fc ill\u0259rd\u0259 \u018fm\u0259k v\u0259 \u0259halinin sosial m\u00fcdafi\u0259si naziri olan F\u00fczuli \u018fl\u0259kb\u0259rovun haz\u0131rda biznes f\u0259aliyy\u0259til\u0259 m\u0259\u015f\u011ful olur. Bu ilin may ay\u0131nda ke\u00e7iril\u0259n XIII Az\u0259rbaycan Beyn\u0259lxalq K\u0259nd T\u0259s\u0259rr\u00fcfat\u0131 s\u0259rgisind\u0259 sabiq nazir m\u0259\u015fhur &#8220;Massey Ferguson&#8221; \u015firk\u0259tinin Az\u0259rbaycan n\u00fcmay\u0259nd\u0259liyinin r\u0259hb\u0259ri kimi yeni k\u0259nd t\u0259s\u0259rr\u00fcfat\u0131 texnikas\u0131n\u0131 Prezident \u0130lham \u018fliyev\u0259 t\u0259qdim edib.<\/p>\n<p>&#8211; 1997 &#8211; 2004-c\u00fc ill\u0259rd\u0259 Rabit\u0259 naziri v\u0259zif\u0259sini icra ed\u0259n Nadir \u018fhm\u0259dovun haz\u0131rda he\u00e7 bir yerd\u0259 i\u015fl\u0259m\u0259diyi bildirilir.<\/p>\n<p>&#8211; 1997 &#8211; 2004-c\u00fc ill\u0259rd\u0259 Xarici i\u015fl\u0259r naziri olan Vilay\u0259t Quliyev 2004 &#8211; 2010-c\u00fc ill\u0259rd\u0259 Az\u0259rbaycan\u0131n Pol\u015fadak\u0131 f\u00f6vq\u0259lad\u0259 v\u0259 s\u0259lahiyy\u0259tli s\u0259firi olub. 2010-cu ild\u0259n etibaran Az\u0259rbaycan\u0131n Macar\u0131standak\u0131 f\u00f6vq\u0259lad\u0259 v\u0259 s\u0259lahiyy\u0259tli s\u0259firi v\u0259zif\u0259sind\u0259 \u00e7al\u0131\u015f\u0131r.<\/p>\n<p>&#8211; 1991 &#8211; 2006-c\u00fc ill\u0259rd\u0259 M\u0259d\u0259niyy\u0259t naziri olan Polad B\u00fclb\u00fclo\u011flu 2006-c\u0131 ild\u0259n etibar\u0259n Az\u0259rbaycan\u0131n Rusiyak\u0131 f\u00f6vq\u0259lad\u0259 v\u0259 s\u0259lahiyy\u0259tli s\u0259firi v\u0259zif\u0259sind\u0259 \u00e7al\u0131\u015f\u0131r.<\/p>\n","protected":false},"excerpt":{"rendered":"<p>Az\u0259rbaycan\u0131n sabiq Ba\u015f Naziri Novruz M\u0259mm\u0259dovun Az\u0259rbaycan Dill\u0259r Universitetin\u0259 prorektor t\u0259yin olunub. ARANTV.AZ\u00a0\u00a0yeniavaz.com-a istinad\u0259n x\u0259b\u0259r verir ki, daha \u0259vv\u0259l d\u0259 v\u0259zif\u0259d\u0259n azad olunduqdan sonra t\u0259hsil sah\u0259sind\u0259 y\u00fcks\u0259k v\u0259zif\u0259y\u0259 t\u0259yin olunan nazirl\u0259r olub. &#8211; 2013 &#8211; 2018-ci ill\u0259rd\u0259 K\u0259nd t\u0259s\u0259rr\u00fcfat\u0131 naziri olan Heyd\u0259r \u018fs\u0259dov Az\u0259rbaycan D\u00f6vl\u0259t D\u0259niz Akademiyas\u0131n\u0131n rektoru t\u0259yin edilib. &#8211; Ke\u00e7mi\u015f \u018fm\u0259k v\u0259 \u0259halinin sosial m\u00fcdafi\u0259si naziri S\u0259lim M\u00fcsl\u00fcmov 5 illik nazir postundan uzaqla\u015fd\u0131qdan sonra Milli Aviasiya Akademiyas\u0131n\u0131n D\u00fcnya iqtisadiyyat\u0131 kafedras\u0131n\u0131n m\u00fcdiri v\u0259zif\u0259sin\u0259 t\u0259yin olunub. &#8211; 1998 &#8211; 2013-c\u00fc ill\u0259rd\u0259 T\u0259hsil naziri v\u0259zif\u0259sind\u0259 \u00e7al\u0131\u015fan Misir M\u0259rdanov haz\u0131rda Az\u0259rbaycan Milli&hellip;<\/p>\n","protected":false},"author":2,"featured_media":98641,"comment_status":"closed","ping_status":"closed","sticky":false,"template":"","format":"standard","meta":{"om_disable_all_campaigns":false,"_monsterinsights_skip_tracking":false,"_monsterinsights_sitenote_active":false,"_monsterinsights_sitenote_note":"","_monsterinsights_sitenote_category":0},"categories":[1],"tags":[],"aioseo_notices":[],"gutentor_comment":0,"rttpg_featured_image_url":{"full":["https:\/\/arantv.az\/wp-content\/uploads\/2019\/11\/1574241434_kecmis-nazirler.jpg",549,351,false],"landscape":["https:\/\/arantv.az\/wp-content\/uploads\/2019\/11\/1574241434_kecmis-nazirler.jpg",549,351,false],"portraits":["https:\/\/arantv.az\/wp-content\/uploads\/2019\/11\/1574241434_kecmis-nazirler.jpg",549,351,false],"thumbnail":["https:\/\/arantv.az\/wp-content\/uploads\/2019\/11\/1574241434_kecmis-nazirler-150x150.jpg",150,150,true],"medium":["https:\/\/arantv.az\/wp-content\/uploads\/2019\/11\/1574241434_kecmis-nazirler-300x192.jpg",300,192,true],"large":["https:\/\/arantv.az\/wp-content\/uploads\/2019\/11\/1574241434_kecmis-nazirler.jpg",549,351,false],"1536x1536":["https:\/\/arantv.az\/wp-content\/uploads\/2019\/11\/1574241434_kecmis-nazirler.jpg",549,351,false],"2048x2048":["https:\/\/arantv.az\/wp-content\/uploads\/2019\/11\/1574241434_kecmis-nazirler.jpg",549,351,false],"post-thumbnail":["https:\/\/arantv.az\/wp-content\/uploads\/2019\/11\/1574241434_kecmis-nazirler-240x172.jpg",240,172,true],"advps-thumb-one":["https:\/\/arantv.az\/wp-content\/uploads\/2019\/11\/1574241434_kecmis-nazirler.jpg",549,351,false]},"rttpg_author":{"display_name":"V\u00fcsal Rafiqo\u011flu","author_link":"https:\/\/arantv.az\/?author=2"},"rttpg_comment":0,"rttpg_category":"<a href=\"https:\/\/arantv.az\/?cat=1\" rel=\"category\">C\u0259miyy\u0259t<\/a>","rttpg_excerpt":"Az\u0259rbaycan\u0131n sabiq Ba\u015f Naziri Novruz M\u0259mm\u0259dovun Az\u0259rbaycan Dill\u0259r Universitetin\u0259 prorektor t\u0259yin olunub. ARANTV.AZ\u00a0\u00a0yeniavaz.com-a istinad\u0259n x\u0259b\u0259r verir ki, daha \u0259vv\u0259l d\u0259 v\u0259zif\u0259d\u0259n azad olunduqdan sonra t\u0259hsil sah\u0259sind\u0259 y\u00fcks\u0259k v\u0259zif\u0259y\u0259 t\u0259yin olunan nazirl\u0259r olub. &#8211; 2013 &#8211; 2018-ci ill\u0259rd\u0259 K\u0259nd t\u0259s\u0259rr\u00fcfat\u0131 naziri olan Heyd\u0259r \u018fs\u0259dov Az\u0259rbaycan D\u00f6vl\u0259t D\u0259niz Akademiyas\u0131n\u0131n rektoru t\u0259yin edilib. &#8211; Ke\u00e7mi\u015f \u018fm\u0259k v\u0259 \u0259halinin&hellip;","_links":{"self":[{"href":"https:\/\/arantv.az\/index.php?rest_route=\/wp\/v2\/posts\/98640"}],"collection":[{"href":"https:\/\/arantv.az\/index.php?rest_route=\/wp\/v2\/posts"}],"about":[{"href":"https:\/\/arantv.az\/index.php?rest_route=\/wp\/v2\/types\/post"}],"author":[{"embeddable":true,"href":"https:\/\/arantv.az\/index.php?rest_route=\/wp\/v2\/users\/2"}],"replies":[{"embeddable":true,"href":"https:\/\/arantv.az\/index.php?rest_route=%2Fwp%2Fv2%2Fcomments&post=98640"}],"version-history":[{"count":0,"href":"https:\/\/arantv.az\/index.php?rest_route=\/wp\/v2\/posts\/98640\/revisions"}],"wp:featuredmedia":[{"embeddable":true,"href":"https:\/\/arantv.az\/index.php?rest_route=\/wp\/v2\/media\/98641"}],"wp:attachment":[{"href":"https:\/\/arantv.az\/index.php?rest_route=%2Fwp%2Fv2%2Fmedia&parent=98640"}],"wp:term":[{"taxonomy":"category","embeddable":true,"href":"https:\/\/arantv.az\/index.php?rest_route=%2Fwp%2Fv2%2Fcategories&post=98640"},{"taxonomy":"post_tag","embeddable":true,"href":"https:\/\/arantv.az\/index.php?rest_route=%2Fwp%2Fv2%2Ftags&post=98640"}],"curies":[{"name":"wp","href":"https:\/\/api.w.org\/{rel}","templated":true}]}}