{"id":98644,"date":"2019-11-20T13:50:02","date_gmt":"2019-11-20T10:50:02","guid":{"rendered":"http:\/\/arantv.az\/?p=98644"},"modified":"2019-11-20T13:50:02","modified_gmt":"2019-11-20T10:50:02","slug":"mehriban-%c9%99liyeva-dmitri-medvedev-il%c9%99-gorus%c9%99c%c9%99k","status":"publish","type":"post","link":"https:\/\/arantv.az\/?p=98644","title":{"rendered":"Mehriban \u018fliyeva Dmitri Medvedev il\u0259 g\u00f6r\u00fc\u015f\u0259c\u0259k"},"content":{"rendered":"<p>Rusiyan\u0131n Ba\u015f naziri Dmitri Medvedev noyabr\u0131n 21-d\u0259\u00a0Moskvada Az\u0259rbaycan\u0131n Birinci vitse-prezidenti Mehriban \u018fliyava il\u0259 g\u00f6r\u00fc\u015f\u0259c\u0259k.<\/p>\n<p><b>ARANTV.AZ\u00a0<\/b> x\u0259b\u0259r verir ki, bununla ba\u011fl\u0131 Rusiya Nazirl\u0259r Kabinetinin M\u0259tbuat Xidm\u0259ti m\u0259lumat yay\u0131b.<\/p>\n<div id=\"AdviadNativeVideo0\" class=\"AdviadNativeVideo\"><\/div>\n<p>Bildirilib ki, g\u00f6r\u00fc\u015fd\u0259 ticar\u0259t, iqtisadiyyat, elmi-texniki v\u0259 m\u0259d\u0259ni-humanitar sferalarda \u0259m\u0259kda\u015fl\u0131qlar m\u00fczakir\u0259 edil\u0259c\u0259k.<\/p>\n<p>Qeyd ed\u0259k ki, noyabr\u0131n 22-23-d\u0259 Moskvada 10-cu Rusiya-Az\u0259rbaycan Regionlararas\u0131 Forumu ke\u00e7iril\u0259c\u0259k.<\/p>\n<p>Noyabr\u0131n 23-d\u0259 VDNX-nin Kosmonavtika v\u0259 Aviasiya M\u0259rk\u0259zind\u0259 Az\u0259rbaycan\u0131n Birinci vitse-prezidenti Mehriban \u018fliyeva v\u0259 Rusiya Federasiya \u015euras\u0131n\u0131n s\u0259dri Valentina Matvienko forumun plenar iclas\u0131n\u0131 ke\u00e7ir\u0259c\u0259kl\u0259r.Oxu.az<\/p>\n","protected":false},"excerpt":{"rendered":"<p>Rusiyan\u0131n Ba\u015f naziri Dmitri Medvedev noyabr\u0131n 21-d\u0259\u00a0Moskvada Az\u0259rbaycan\u0131n Birinci vitse-prezidenti Mehriban \u018fliyava il\u0259 g\u00f6r\u00fc\u015f\u0259c\u0259k. ARANTV.AZ\u00a0 x\u0259b\u0259r verir ki, bununla ba\u011fl\u0131 Rusiya Nazirl\u0259r Kabinetinin M\u0259tbuat Xidm\u0259ti m\u0259lumat yay\u0131b. Bildirilib ki, g\u00f6r\u00fc\u015fd\u0259 ticar\u0259t, iqtisadiyyat, elmi-texniki v\u0259 m\u0259d\u0259ni-humanitar sferalarda \u0259m\u0259kda\u015fl\u0131qlar m\u00fczakir\u0259 edil\u0259c\u0259k. Qeyd ed\u0259k ki, noyabr\u0131n 22-23-d\u0259 Moskvada 10-cu Rusiya-Az\u0259rbaycan Regionlararas\u0131 Forumu ke\u00e7iril\u0259c\u0259k. Noyabr\u0131n 23-d\u0259 VDNX-nin Kosmonavtika v\u0259 Aviasiya M\u0259rk\u0259zind\u0259 Az\u0259rbaycan\u0131n Birinci vitse-prezidenti Mehriban \u018fliyeva v\u0259 Rusiya Federasiya \u015euras\u0131n\u0131n s\u0259dri Valentina Matvienko forumun plenar iclas\u0131n\u0131 ke\u00e7ir\u0259c\u0259kl\u0259r.Oxu.az<\/p>\n","protected":false},"author":2,"featured_media":98645,"comment_status":"closed","ping_status":"closed","sticky":false,"template":"","format":"standard","meta":{"om_disable_all_campaigns":false,"_monsterinsights_skip_tracking":false,"_monsterinsights_sitenote_active":false,"_monsterinsights_sitenote_note":"","_monsterinsights_sitenote_category":0},"categories":[7],"tags":[],"aioseo_notices":[],"gutentor_comment":0,"rttpg_featured_image_url":{"full":["https:\/\/arantv.az\/wp-content\/uploads\/2019\/11\/14892-1551948964.jpg",620,413,false],"landscape":["https:\/\/arantv.az\/wp-content\/uploads\/2019\/11\/14892-1551948964.jpg",620,413,false],"portraits":["https:\/\/arantv.az\/wp-content\/uploads\/2019\/11\/14892-1551948964.jpg",620,413,false],"thumbnail":["https:\/\/arantv.az\/wp-content\/uploads\/2019\/11\/14892-1551948964-150x150.jpg",150,150,true],"medium":["https:\/\/arantv.az\/wp-content\/uploads\/2019\/11\/14892-1551948964-300x200.jpg",300,200,true],"large":["https:\/\/arantv.az\/wp-content\/uploads\/2019\/11\/14892-1551948964.jpg",620,413,false],"1536x1536":["https:\/\/arantv.az\/wp-content\/uploads\/2019\/11\/14892-1551948964.jpg",620,413,false],"2048x2048":["https:\/\/arantv.az\/wp-content\/uploads\/2019\/11\/14892-1551948964.jpg",620,413,false],"post-thumbnail":["https:\/\/arantv.az\/wp-content\/uploads\/2019\/11\/14892-1551948964-240x172.jpg",240,172,true],"advps-thumb-one":["https:\/\/arantv.az\/wp-content\/uploads\/2019\/11\/14892-1551948964.jpg",620,413,false]},"rttpg_author":{"display_name":"V\u00fcsal Rafiqo\u011flu","author_link":"https:\/\/arantv.az\/?author=2"},"rttpg_comment":0,"rttpg_category":"<a href=\"https:\/\/arantv.az\/?cat=7\" rel=\"category\">D\u00fcnya<\/a>","rttpg_excerpt":"Rusiyan\u0131n Ba\u015f naziri Dmitri Medvedev noyabr\u0131n 21-d\u0259\u00a0Moskvada Az\u0259rbaycan\u0131n Birinci vitse-prezidenti Mehriban \u018fliyava il\u0259 g\u00f6r\u00fc\u015f\u0259c\u0259k. ARANTV.AZ\u00a0 x\u0259b\u0259r verir ki, bununla ba\u011fl\u0131 Rusiya Nazirl\u0259r Kabinetinin M\u0259tbuat Xidm\u0259ti m\u0259lumat yay\u0131b. Bildirilib ki, g\u00f6r\u00fc\u015fd\u0259 ticar\u0259t, iqtisadiyyat, elmi-texniki v\u0259 m\u0259d\u0259ni-humanitar sferalarda \u0259m\u0259kda\u015fl\u0131qlar m\u00fczakir\u0259 edil\u0259c\u0259k. Qeyd ed\u0259k ki, noyabr\u0131n 22-23-d\u0259 Moskvada 10-cu Rusiya-Az\u0259rbaycan Regionlararas\u0131 Forumu ke\u00e7iril\u0259c\u0259k. Noyabr\u0131n 23-d\u0259 VDNX-nin Kosmonavtika v\u0259&hellip;","_links":{"self":[{"href":"https:\/\/arantv.az\/index.php?rest_route=\/wp\/v2\/posts\/98644"}],"collection":[{"href":"https:\/\/arantv.az\/index.php?rest_route=\/wp\/v2\/posts"}],"about":[{"href":"https:\/\/arantv.az\/index.php?rest_route=\/wp\/v2\/types\/post"}],"author":[{"embeddable":true,"href":"https:\/\/arantv.az\/index.php?rest_route=\/wp\/v2\/users\/2"}],"replies":[{"embeddable":true,"href":"https:\/\/arantv.az\/index.php?rest_route=%2Fwp%2Fv2%2Fcomments&post=98644"}],"version-history":[{"count":0,"href":"https:\/\/arantv.az\/index.php?rest_route=\/wp\/v2\/posts\/98644\/revisions"}],"wp:featuredmedia":[{"embeddable":true,"href":"https:\/\/arantv.az\/index.php?rest_route=\/wp\/v2\/media\/98645"}],"wp:attachment":[{"href":"https:\/\/arantv.az\/index.php?rest_route=%2Fwp%2Fv2%2Fmedia&parent=98644"}],"wp:term":[{"taxonomy":"category","embeddable":true,"href":"https:\/\/arantv.az\/index.php?rest_route=%2Fwp%2Fv2%2Fcategories&post=98644"},{"taxonomy":"post_tag","embeddable":true,"href":"https:\/\/arantv.az\/index.php?rest_route=%2Fwp%2Fv2%2Ftags&post=98644"}],"curies":[{"name":"wp","href":"https:\/\/api.w.org\/{rel}","templated":true}]}}