{"id":98665,"date":"2019-11-20T14:01:09","date_gmt":"2019-11-20T11:01:09","guid":{"rendered":"http:\/\/arantv.az\/?p=98665"},"modified":"2019-11-20T14:01:09","modified_gmt":"2019-11-20T11:01:09","slug":"az%c9%99rbaycanda-b%c9%99y-uzun-mudd%c9%99t-danisilacaq-addim-atdi-video","status":"publish","type":"post","link":"https:\/\/arantv.az\/?p=98665","title":{"rendered":"Az\u0259rbaycanda b\u0259y uzun m\u00fcdd\u0259t dan\u0131\u015f\u0131lacaq add\u0131m atd\u0131 &#8211; V\u0130DEO"},"content":{"rendered":"<p>H\u0259r k\u0259s \u00f6z\u0259l g\u00fcn\u00fcn\u00fcn f\u0259rqli olmas\u0131n\u0131 ist\u0259yir.<\/p>\n<p><b>ARANTV.AZ\u00a0<\/b>\u00a0buta.ws-\u0259 istinad\u0259n x\u0259b\u0259r verir ki, F\u00fczulid\u0259n olan b\u0259y uzun m\u00fcdd\u0259t dan\u0131\u015f\u0131lacaq add\u0131m at\u0131b.<\/p>\n<div><\/div>\n<p>F\u00fczuli rayonu Mahmudlu k\u0259ndind\u0259n olan b\u0259y M\u00fcsl\u00fcm Balab\u0259hm\u0259nlid\u0259n q\u0131z\u0131 g\u0259tirm\u0259k \u00fc\u00e7\u00fcn f\u0259rqlilik edib.<\/p>\n<p>Bel\u0259 ki, g\u0259lin ma\u015f\u0131n\u0131n\u0131 bir ne\u00e7\u0259 traktor izl\u0259yib. Traktorlar\u0131n da g\u0259lin ma\u015f\u0131n\u0131 kimi b\u0259z\u0259ndiyi toy konvoyu g\u00f6r\u0259nl\u0259ri heyr\u0259tl\u0259ndirib.<\/p>\n<div class=\"embed-responsive embed-responsive-16by9\"><iframe loading=\"lazy\" id=\"nmqembedid\" class=\"embed-responsive-item\" title=\"video player\" src=\"https:\/\/izle.az\/embed\/SymxtbC0MDUHAA~~\" width=\"600\" height=\"340\" frameborder=\"0\" scrolling=\"no\" allowfullscreen=\"allowfullscreen\" data-mce-fragment=\"1\"><\/iframe><\/div>\n<div class=\"datespan clearfix\"><\/div>\n","protected":false},"excerpt":{"rendered":"<p>H\u0259r k\u0259s \u00f6z\u0259l g\u00fcn\u00fcn\u00fcn f\u0259rqli olmas\u0131n\u0131 ist\u0259yir. ARANTV.AZ\u00a0\u00a0buta.ws-\u0259 istinad\u0259n x\u0259b\u0259r verir ki, F\u00fczulid\u0259n olan b\u0259y uzun m\u00fcdd\u0259t dan\u0131\u015f\u0131lacaq add\u0131m at\u0131b. F\u00fczuli rayonu Mahmudlu k\u0259ndind\u0259n olan b\u0259y M\u00fcsl\u00fcm Balab\u0259hm\u0259nlid\u0259n q\u0131z\u0131 g\u0259tirm\u0259k \u00fc\u00e7\u00fcn f\u0259rqlilik edib. Bel\u0259 ki, g\u0259lin ma\u015f\u0131n\u0131n\u0131 bir ne\u00e7\u0259 traktor izl\u0259yib. Traktorlar\u0131n da g\u0259lin ma\u015f\u0131n\u0131 kimi b\u0259z\u0259ndiyi toy konvoyu g\u00f6r\u0259nl\u0259ri heyr\u0259tl\u0259ndirib.<\/p>\n","protected":false},"author":2,"featured_media":98666,"comment_status":"closed","ping_status":"closed","sticky":false,"template":"","format":"standard","meta":{"om_disable_all_campaigns":false,"_monsterinsights_skip_tracking":false,"_monsterinsights_sitenote_active":false,"_monsterinsights_sitenote_note":"","_monsterinsights_sitenote_category":0},"categories":[1],"tags":[],"aioseo_notices":[],"gutentor_comment":0,"rttpg_featured_image_url":{"full":["https:\/\/arantv.az\/wp-content\/uploads\/2019\/11\/803775.jpg",549,412,false],"landscape":["https:\/\/arantv.az\/wp-content\/uploads\/2019\/11\/803775.jpg",549,412,false],"portraits":["https:\/\/arantv.az\/wp-content\/uploads\/2019\/11\/803775.jpg",549,412,false],"thumbnail":["https:\/\/arantv.az\/wp-content\/uploads\/2019\/11\/803775-150x150.jpg",150,150,true],"medium":["https:\/\/arantv.az\/wp-content\/uploads\/2019\/11\/803775-300x225.jpg",300,225,true],"large":["https:\/\/arantv.az\/wp-content\/uploads\/2019\/11\/803775.jpg",549,412,false],"1536x1536":["https:\/\/arantv.az\/wp-content\/uploads\/2019\/11\/803775.jpg",549,412,false],"2048x2048":["https:\/\/arantv.az\/wp-content\/uploads\/2019\/11\/803775.jpg",549,412,false],"post-thumbnail":["https:\/\/arantv.az\/wp-content\/uploads\/2019\/11\/803775-240x172.jpg",240,172,true],"advps-thumb-one":["https:\/\/arantv.az\/wp-content\/uploads\/2019\/11\/803775.jpg",549,412,false]},"rttpg_author":{"display_name":"V\u00fcsal Rafiqo\u011flu","author_link":"https:\/\/arantv.az\/?author=2"},"rttpg_comment":0,"rttpg_category":"<a href=\"https:\/\/arantv.az\/?cat=1\" rel=\"category\">C\u0259miyy\u0259t<\/a>","rttpg_excerpt":"H\u0259r k\u0259s \u00f6z\u0259l g\u00fcn\u00fcn\u00fcn f\u0259rqli olmas\u0131n\u0131 ist\u0259yir. ARANTV.AZ\u00a0\u00a0buta.ws-\u0259 istinad\u0259n x\u0259b\u0259r verir ki, F\u00fczulid\u0259n olan b\u0259y uzun m\u00fcdd\u0259t dan\u0131\u015f\u0131lacaq add\u0131m at\u0131b. F\u00fczuli rayonu Mahmudlu k\u0259ndind\u0259n olan b\u0259y M\u00fcsl\u00fcm Balab\u0259hm\u0259nlid\u0259n q\u0131z\u0131 g\u0259tirm\u0259k \u00fc\u00e7\u00fcn f\u0259rqlilik edib. Bel\u0259 ki, g\u0259lin ma\u015f\u0131n\u0131n\u0131 bir ne\u00e7\u0259 traktor izl\u0259yib. Traktorlar\u0131n da g\u0259lin ma\u015f\u0131n\u0131 kimi b\u0259z\u0259ndiyi toy konvoyu g\u00f6r\u0259nl\u0259ri heyr\u0259tl\u0259ndirib.","_links":{"self":[{"href":"https:\/\/arantv.az\/index.php?rest_route=\/wp\/v2\/posts\/98665"}],"collection":[{"href":"https:\/\/arantv.az\/index.php?rest_route=\/wp\/v2\/posts"}],"about":[{"href":"https:\/\/arantv.az\/index.php?rest_route=\/wp\/v2\/types\/post"}],"author":[{"embeddable":true,"href":"https:\/\/arantv.az\/index.php?rest_route=\/wp\/v2\/users\/2"}],"replies":[{"embeddable":true,"href":"https:\/\/arantv.az\/index.php?rest_route=%2Fwp%2Fv2%2Fcomments&post=98665"}],"version-history":[{"count":0,"href":"https:\/\/arantv.az\/index.php?rest_route=\/wp\/v2\/posts\/98665\/revisions"}],"wp:featuredmedia":[{"embeddable":true,"href":"https:\/\/arantv.az\/index.php?rest_route=\/wp\/v2\/media\/98666"}],"wp:attachment":[{"href":"https:\/\/arantv.az\/index.php?rest_route=%2Fwp%2Fv2%2Fmedia&parent=98665"}],"wp:term":[{"taxonomy":"category","embeddable":true,"href":"https:\/\/arantv.az\/index.php?rest_route=%2Fwp%2Fv2%2Fcategories&post=98665"},{"taxonomy":"post_tag","embeddable":true,"href":"https:\/\/arantv.az\/index.php?rest_route=%2Fwp%2Fv2%2Ftags&post=98665"}],"curies":[{"name":"wp","href":"https:\/\/api.w.org\/{rel}","templated":true}]}}