{"id":98685,"date":"2019-11-20T14:12:41","date_gmt":"2019-11-20T11:12:41","guid":{"rendered":"http:\/\/arantv.az\/?p=98685"},"modified":"2019-11-20T14:12:41","modified_gmt":"2019-11-20T11:12:41","slug":"baki-s%c9%99h%c9%99r-icra-hakimiyy%c9%99ti-il%c9%99-teatrin-m%c9%99hk%c9%99m%c9%99si-t%c9%99xir%c9%99-dusdu","status":"publish","type":"post","link":"https:\/\/arantv.az\/?p=98685","title":{"rendered":"Bak\u0131 \u015e\u0259h\u0259r \u0130cra Hakimiyy\u0259ti il\u0259 teatr\u0131n m\u0259hk\u0259m\u0259si t\u0259xir\u0259 d\u00fc\u015fd\u00fc"},"content":{"rendered":"<p>Noyabr\u0131n 20-si 1 sayl\u0131 Bak\u0131 \u0130nzibati-\u0130qtisadi M\u0259hk\u0259m\u0259sind\u0259 ADO teatr\u0131n\u0131n Bak\u0131 \u015e\u0259h\u0259r \u0130cra Hakimiyy\u0259tin\u0259 (B\u015e\u0130H) qar\u015f\u0131 qald\u0131rd\u0131\u011f\u0131 m\u0259hk\u0259m\u0259 iddias\u0131n\u0131n haz\u0131rl\u0131q iclas\u0131 t\u0259xir\u0259 sal\u0131n\u0131b.<\/p>\n<p><strong>ARANTV.AZ<\/strong> x\u0259b\u0259r verir ki, prosesin t\u0259xir\u0259 sal\u0131nmas\u0131na s\u0259b\u0259b hakim Tahir\u0259 \u018fs\u0259dovan\u0131n v\u0259 B\u015e\u0130H n\u00fcmay\u0259nd\u0259si proses\u0259 qat\u0131lmamas\u0131 olub.<\/p>\n<p>Hakimin k\u00f6m\u0259k\u00e7isi T.\u018fs\u0259dovan\u0131n hans\u0131sa konfransa \u00e7a\u011f\u0131r\u0131ld\u0131\u011f\u0131n\u0131 bildirib. Bu s\u0259b\u0259bd\u0259n k\u00f6m\u0259k\u00e7i prosesi 5 dekabr, saat 15:30-a t\u0259yin edib.<\/p>\n<p>Qeyd ed\u0259k ki, ilk m\u00fcst\u0259qil teatr olan ADO ( Az\u0259rbaycan Da\u011f\u0131n\u0131q Oda teatr\u0131) 2 ild\u0259n \u00e7oxdur ki, k\u00fc\u00e7\u0259 performanslar\u0131 n\u00fcmayi\u015f etdirm\u0259k \u00fc\u00e7\u00fcn M\u0259d\u0259niyy\u0259t Nazirliyin\u0259 v\u0259 Bak\u0131 \u015e\u0259h\u0259r \u0130cra Hakimiyy\u0259tin\u0259 r\u0259smi m\u00fcraci\u0259tl\u0259r edir. Lakin h\u0259r iki qurum bunun onlar\u0131n s\u0259lahiyy\u0259tin\u0259 aid olmad\u0131\u011f\u0131n\u0131 vur\u011fulay\u0131r, nazirlik bu m\u0259s\u0259l\u0259y\u0259 meriyan\u0131n, meriya is\u0259 bu m\u0259s\u0259l\u0259y\u0259 nazirliyin baxd\u0131\u011f\u0131n\u0131 bildirir.<\/p>\n<p>Teatr bununla ba\u011fl\u0131 M\u0259d\u0259niyy\u0259t Nazirliyini d\u0259 m\u0259hk\u0259m\u0259y\u0259 verib. Haz\u0131rda teatr\u0131n h\u0259r iki qruma qar\u015f\u0131 qald\u0131rd\u0131\u011f\u0131 m\u0259hk\u0259m\u0259 prosesl\u0259ri 1 Sayl\u0131 Bak\u0131 \u0130nzibati &#8211; \u0130qtisadi M\u0259hk\u0259m\u0259sind\u0259 ke\u00e7irilir.Oxu.Az<\/p>\n","protected":false},"excerpt":{"rendered":"<p>Noyabr\u0131n 20-si 1 sayl\u0131 Bak\u0131 \u0130nzibati-\u0130qtisadi M\u0259hk\u0259m\u0259sind\u0259 ADO teatr\u0131n\u0131n Bak\u0131 \u015e\u0259h\u0259r \u0130cra Hakimiyy\u0259tin\u0259 (B\u015e\u0130H) qar\u015f\u0131 qald\u0131rd\u0131\u011f\u0131 m\u0259hk\u0259m\u0259 iddias\u0131n\u0131n haz\u0131rl\u0131q iclas\u0131 t\u0259xir\u0259 sal\u0131n\u0131b. ARANTV.AZ x\u0259b\u0259r verir ki, prosesin t\u0259xir\u0259 sal\u0131nmas\u0131na s\u0259b\u0259b hakim Tahir\u0259 \u018fs\u0259dovan\u0131n v\u0259 B\u015e\u0130H n\u00fcmay\u0259nd\u0259si proses\u0259 qat\u0131lmamas\u0131 olub. Hakimin k\u00f6m\u0259k\u00e7isi T.\u018fs\u0259dovan\u0131n hans\u0131sa konfransa \u00e7a\u011f\u0131r\u0131ld\u0131\u011f\u0131n\u0131 bildirib. Bu s\u0259b\u0259bd\u0259n k\u00f6m\u0259k\u00e7i prosesi 5 dekabr, saat 15:30-a t\u0259yin edib. Qeyd ed\u0259k ki, ilk m\u00fcst\u0259qil teatr olan ADO ( Az\u0259rbaycan Da\u011f\u0131n\u0131q Oda teatr\u0131) 2 ild\u0259n \u00e7oxdur ki, k\u00fc\u00e7\u0259 performanslar\u0131 n\u00fcmayi\u015f etdirm\u0259k \u00fc\u00e7\u00fcn M\u0259d\u0259niyy\u0259t Nazirliyin\u0259 v\u0259 Bak\u0131 \u015e\u0259h\u0259r \u0130cra Hakimiyy\u0259tin\u0259 r\u0259smi m\u00fcraci\u0259tl\u0259r edir. Lakin h\u0259r&hellip;<\/p>\n","protected":false},"author":2,"featured_media":98686,"comment_status":"closed","ping_status":"closed","sticky":false,"template":"","format":"standard","meta":{"om_disable_all_campaigns":false,"_monsterinsights_skip_tracking":false,"_monsterinsights_sitenote_active":false,"_monsterinsights_sitenote_note":"","_monsterinsights_sitenote_category":0},"categories":[1],"tags":[],"aioseo_notices":[],"gutentor_comment":0,"rttpg_featured_image_url":{"full":["https:\/\/arantv.az\/wp-content\/uploads\/2019\/11\/deded.jpg",600,363,false],"landscape":["https:\/\/arantv.az\/wp-content\/uploads\/2019\/11\/deded.jpg",600,363,false],"portraits":["https:\/\/arantv.az\/wp-content\/uploads\/2019\/11\/deded.jpg",600,363,false],"thumbnail":["https:\/\/arantv.az\/wp-content\/uploads\/2019\/11\/deded-150x150.jpg",150,150,true],"medium":["https:\/\/arantv.az\/wp-content\/uploads\/2019\/11\/deded-300x182.jpg",300,182,true],"large":["https:\/\/arantv.az\/wp-content\/uploads\/2019\/11\/deded.jpg",600,363,false],"1536x1536":["https:\/\/arantv.az\/wp-content\/uploads\/2019\/11\/deded.jpg",600,363,false],"2048x2048":["https:\/\/arantv.az\/wp-content\/uploads\/2019\/11\/deded.jpg",600,363,false],"post-thumbnail":["https:\/\/arantv.az\/wp-content\/uploads\/2019\/11\/deded-240x172.jpg",240,172,true],"advps-thumb-one":["https:\/\/arantv.az\/wp-content\/uploads\/2019\/11\/deded.jpg",600,363,false]},"rttpg_author":{"display_name":"V\u00fcsal Rafiqo\u011flu","author_link":"https:\/\/arantv.az\/?author=2"},"rttpg_comment":0,"rttpg_category":"<a href=\"https:\/\/arantv.az\/?cat=1\" rel=\"category\">C\u0259miyy\u0259t<\/a>","rttpg_excerpt":"Noyabr\u0131n 20-si 1 sayl\u0131 Bak\u0131 \u0130nzibati-\u0130qtisadi M\u0259hk\u0259m\u0259sind\u0259 ADO teatr\u0131n\u0131n Bak\u0131 \u015e\u0259h\u0259r \u0130cra Hakimiyy\u0259tin\u0259 (B\u015e\u0130H) qar\u015f\u0131 qald\u0131rd\u0131\u011f\u0131 m\u0259hk\u0259m\u0259 iddias\u0131n\u0131n haz\u0131rl\u0131q iclas\u0131 t\u0259xir\u0259 sal\u0131n\u0131b. ARANTV.AZ x\u0259b\u0259r verir ki, prosesin t\u0259xir\u0259 sal\u0131nmas\u0131na s\u0259b\u0259b hakim Tahir\u0259 \u018fs\u0259dovan\u0131n v\u0259 B\u015e\u0130H n\u00fcmay\u0259nd\u0259si proses\u0259 qat\u0131lmamas\u0131 olub. Hakimin k\u00f6m\u0259k\u00e7isi T.\u018fs\u0259dovan\u0131n hans\u0131sa konfransa \u00e7a\u011f\u0131r\u0131ld\u0131\u011f\u0131n\u0131 bildirib. Bu s\u0259b\u0259bd\u0259n k\u00f6m\u0259k\u00e7i prosesi 5 dekabr, saat 15:30-a t\u0259yin&hellip;","_links":{"self":[{"href":"https:\/\/arantv.az\/index.php?rest_route=\/wp\/v2\/posts\/98685"}],"collection":[{"href":"https:\/\/arantv.az\/index.php?rest_route=\/wp\/v2\/posts"}],"about":[{"href":"https:\/\/arantv.az\/index.php?rest_route=\/wp\/v2\/types\/post"}],"author":[{"embeddable":true,"href":"https:\/\/arantv.az\/index.php?rest_route=\/wp\/v2\/users\/2"}],"replies":[{"embeddable":true,"href":"https:\/\/arantv.az\/index.php?rest_route=%2Fwp%2Fv2%2Fcomments&post=98685"}],"version-history":[{"count":0,"href":"https:\/\/arantv.az\/index.php?rest_route=\/wp\/v2\/posts\/98685\/revisions"}],"wp:featuredmedia":[{"embeddable":true,"href":"https:\/\/arantv.az\/index.php?rest_route=\/wp\/v2\/media\/98686"}],"wp:attachment":[{"href":"https:\/\/arantv.az\/index.php?rest_route=%2Fwp%2Fv2%2Fmedia&parent=98685"}],"wp:term":[{"taxonomy":"category","embeddable":true,"href":"https:\/\/arantv.az\/index.php?rest_route=%2Fwp%2Fv2%2Fcategories&post=98685"},{"taxonomy":"post_tag","embeddable":true,"href":"https:\/\/arantv.az\/index.php?rest_route=%2Fwp%2Fv2%2Ftags&post=98685"}],"curies":[{"name":"wp","href":"https:\/\/api.w.org\/{rel}","templated":true}]}}