{"id":98689,"date":"2019-11-20T14:14:50","date_gmt":"2019-11-20T11:14:50","guid":{"rendered":"http:\/\/arantv.az\/?p=98689"},"modified":"2019-11-20T14:14:50","modified_gmt":"2019-11-20T11:14:50","slug":"b%c9%99hruz-quliyev-yap-heyd%c9%99r-%c9%99liyevin-n%c9%99h%c9%99ng-nufuzu-v%c9%99-ideyasi-%c9%99trafinda-yarandi","status":"publish","type":"post","link":"https:\/\/arantv.az\/?p=98689","title":{"rendered":"B\u0259hruz Quliyev: &#8220;YAP Heyd\u0259r \u018fliyevin n\u0259h\u0259ng n\u00fcfuzu v\u0259 ideyas\u0131 \u0259traf\u0131nda yarand\u0131&#8221;"},"content":{"rendered":"<p>&#8220;Yeni Az\u0259rbaycan Partiyas\u0131n\u0131n yaranmas\u0131 \u00f6lk\u0259d\u0259 xaos, anarxiyan\u0131n t\u00fc\u011fyan etdiyi zamanlara t\u0259sad\u00fcf edir&#8221;.<\/p>\n<p><strong>ARANTV.AZ<\/strong> x\u0259b\u0259r verir ki, bunu\u00a0<a href=\"https:\/\/az.trend.az\/\" target=\"_blank\" rel=\"noopener\">Trend<\/a>-\u0259 &#8220;S\u0259s&#8221; q\u0259zetinin ba\u015f redaktoru, siyasi ekspert B\u0259hruz Quliyev Yeni Az\u0259rbaycan Partiyas\u0131n\u0131n t\u0259sis edilm\u0259sinin 27-ci ild\u00f6n\u00fcm\u00fc il\u0259 ba\u011fl\u0131 fikirl\u0259rini \u015f\u0259rh ed\u0259rk\u0259n deyib. O bildirib ki, m\u0259hz \u00f6lk\u0259nin m\u0259hv olmaq t\u0259hl\u00fck\u0259si il\u0259 \u00fcz-\u00fcz\u0259 qalmas\u0131, xalq\u0131n s\u0259fal\u0259t v\u0259 qorxu i\u00e7ind\u0259 ya\u015famas\u0131 yeni bir siyasi q\u00fcvv\u0259nin meydana g\u0259lm\u0259si z\u0259rur\u0259tini ortaya qoymu\u015fdu:<\/p>\n<p>&#8220;YAP-\u0131n m\u00fcxalif\u0259t partiyas\u0131 kimi yaranmas\u0131 v\u0259 q\u0131sa m\u00fcdd\u0259t \u0259rzind\u0259 iqtidara g\u0259lm\u0259sinin \u0259sas\u0131nda bir s\u0131ra m\u00fch\u00fcm m\u0259qamlar dayanmaqdad\u0131r. H\u0259min d\u00f6vrd\u0259 ba\u015f ver\u0259n ictimai-siyasi prosesl\u0259rinin t\u0259hlilini apararsaq, ilk \u00f6nc\u0259 bel\u0259 bir n\u0259tic\u0259y\u0259 g\u0259l\u0259 bil\u0259rik ki, YAP Ulu \u00d6nd\u0259r Heyd\u0259r \u018fliyevin siyasi-ideoloji konsepsiyas\u0131 \u0259sas\u0131nda &#8211; xalq\u0131n t\u0259l\u0259b v\u0259 sifari\u015fl\u0259ri kontekstind\u0259 yaranm\u0131\u015f partiyad\u0131r v\u0259 \u00f6t\u0259n 27 ild\u0259 h\u0259min ideoloji kursun inki\u015faf v\u0259 t\u0259kmill\u0259\u015fdirilm\u0259si prosesinin xalq t\u0259r\u0259find\u0259n d\u0259st\u0259k almas\u0131 da bu reall\u0131\u011f\u0131 \u00f6z\u00fcnd\u0259 kifay\u0259t q\u0259d\u0259r ehtiva etm\u0259kd\u0259dir. Biri var partiya yaran\u0131r v\u0259 \u00f6z\u00fcn\u0259 lider se\u00e7ir, biri d\u0259 var ki, liderin n\u0259h\u0259ng n\u00fcfuzu v\u0259 ideyas\u0131 \u0259traf\u0131nda partiya yaran\u0131r v\u0259 b\u00fct\u00f6v bir xalq\u0131n etibar\u0131na, etimad\u0131na s\u00f6yk\u0259n\u0259r\u0259k, \u00f6lk\u0259sini xaos v\u0259 anarxiyadan xilas edir. Bax, bu m\u00fch\u00fcm n\u00fcans Yeni Az\u0259rbaycan Partiyas\u0131n\u0131n dig\u0259r siyasi t\u0259\u015fkilatlar \u00fcz\u0259rind\u0259ki \u00fcst\u00fcnl\u00fcy\u00fc fakt\u0131n\u0131 ortaya qoyur. \u00c7\u00fcnki xalq \u00f6z liderini hakimiyy\u0259td\u0259 g\u00f6rm\u0259k ist\u0259di v\u0259 liderin hakimiyy\u0259t\u0259 g\u0259li\u015fi il\u0259 YAP iqtidar partiyas\u0131na \u00e7evrildi. Bel\u0259likl\u0259, bu fikirl\u0259ri daha d\u0259rind\u0259n izah ets\u0259k, \u0259minlikl\u0259 dey\u0259 bil\u0259rik ki, ist\u0259nil\u0259n siyasi t\u0259\u015fkilat yarad\u0131lark\u0259n h\u0259min t\u0259\u015fkilat\u0131n lideri xalqa t\u0259qdim edilir, amma Yeni Az\u0259rbaycan Partiyas\u0131n\u0131 v\u0259 onun ideoloji prinsipl\u0259rini m\u0259hz Ulu \u00d6nd\u0259rimiz xalqa t\u0259qdim etdi. \u00c7\u00fcnki Heyd\u0259r \u018fliyevin h\u0259r hans\u0131 bir t\u0259qdimata ehtiyac\u0131 yox idi. Onun n\u0259h\u0259ng n\u00fcfuzunu b\u00fct\u00fcn d\u00fcnyan\u0131n siyasi \u00e7evr\u0259l\u0259ri tan\u0131y\u0131r v\u0259 q\u0259bul edirdi&#8221;.<\/p>\n<p>Siyasi ekspert deyib ki, t\u0259m\u0259li xalq\u0131n irad\u0259si v\u0259 t\u00fck\u0259nm\u0259z d\u0259st\u0259yi il\u0259 qoyulan YAP bu g\u00fcn d\u0259 h\u0259min v\u0259hd\u0259t \u0259sas\u0131nda f\u0259aliyy\u0259tini davam etdirm\u0259kd\u0259, yeni-yeni u\u011fur v\u0259 q\u0259l\u0259b\u0259l\u0259r \u0259ld\u0259 etm\u0259kd\u0259dir: &#8220;Ona g\u00f6r\u0259 d\u0259 Ulu \u00d6nd\u0259r Heyd\u0259r \u018fliyevin yarad\u0131c\u0131s\u0131 oldu\u011fu Yeni Az\u0259rbaycan Partiyas\u0131 bu g\u00fcn Prezident \u0130lham \u018fliyevin r\u0259hb\u0259rliyi il\u0259 u\u011furla inki\u015faf edir, s\u0131ralar\u0131n\u0131 k\u0259miyy\u0259t v\u0259 keyfiyy\u0259t bax\u0131m\u0131ndan daha da m\u00f6hk\u0259ml\u0259ndirir. Ulu \u00d6nd\u0259r Heyd\u0259r \u018fliyev dem\u0259k olar ki, partiyam\u0131z\u0131n f\u0259aliyy\u0259ti il\u0259 ba\u011fl\u0131 \u00e7\u0131x\u0131\u015flar\u0131n\u0131n h\u0259r birind\u0259 vur\u011fulay\u0131rd\u0131 ki, Yeni Az\u0259rbaycan Partiyas\u0131na xidm\u0259t etm\u0259k d\u00f6vl\u0259t\u0259, xalqa xidm\u0259t etm\u0259k dem\u0259kdir&#8221;.<\/p>\n<p>&#8220;H\u0259min fikrin davam\u0131 olaraq Yeni Az\u0259rbaycan Partiyas\u0131n\u0131n S\u0259dri, Prezident \u0130lham \u018fliyev b\u00fct\u00fcn \u00e7\u0131x\u0131\u015flar\u0131nda bildirir ki, Yeni Az\u0259rbaycan Partiyas\u0131n\u0131n \u00fczv\u00fc olmaq b\u00f6y\u00fck m\u0259suliyy\u0259tdir&#8221; &#8211; dey\u0259, qeyd ed\u0259n ba\u015f redaktora g\u00f6r\u0259, partiyan\u0131n ke\u00e7diyi 27 illik yol xalq\u0131n ona olan r\u0259\u011fb\u0259tinin bariz t\u0259zah\u00fcr\u00fcd\u00fcr: &#8220;\u00c7\u00fcnki partiyam\u0131z\u0131n S\u0259dri c\u0259nab \u0130lham \u018fliyevin siyasi f\u0259aliyy\u0259ti bilavasit\u0259 Ulu \u00d6nd\u0259rimiz t\u0259r\u0259find\u0259n \u0259sas\u0131 qoyulmu\u015f \u0259b\u0259di prinsipl\u0259r\u0259 s\u00f6yk\u0259nir. Bu g\u00fcn c\u0259nab \u0130lham \u018fliyevin h\u0259m lider kimi, h\u0259m Prezident kimi xalqa s\u00f6yk\u0259nm\u0259si, arxalanmas\u0131 \u0259b\u0259di m\u00fcst\u0259qilliyimizi t\u0259min edir. Bu, bilavasit\u0259 xalq-iqtidar, yaxud, xalq-Prezident birliyinin, sars\u0131lmaz v\u0259hd\u0259tinin bariz t\u0259c\u0259ss\u00fcm\u00fcd\u00fcr. Son 16 ild\u0259 partiyan\u0131n parlament v\u0259 b\u0259l\u0259diyy\u0259 se\u00e7kil\u0259rind\u0259 \u0259ld\u0259 etdiyi u\u011fur v\u0259 q\u0259l\u0259b\u0259l\u0259ri v\u0259 s. z\u0259f\u0259rl\u0259r d\u0259 bel\u0259 bir n\u0259tic\u0259y\u0259 g\u0259lm\u0259y\u0259 z\u0259min yarad\u0131r&#8221;.<\/p>\n<p>B\u0259hruz Quliyev sonda YAP-\u0131n t\u0259sis edilm\u0259sinin 27-ci ild\u00f6n\u00fcm\u00fc il\u0259 ba\u011fl\u0131 siyasi \u0259qid\u0259da\u015flar\u0131na \u00f6z \u00fcr\u0259k s\u00f6zl\u0259rini d\u0259 \u00e7atd\u0131r\u0131b: &#8220;M\u0259n d\u0259 Yeni Az\u0259rbaycan Partiyas\u0131n\u0131n h\u0259r bir \u00fczv\u00fcn\u00fc t\u0259\u015fkilat\u0131m\u0131z\u0131n 27-ci ild\u00f6n\u00fcm\u00fc m\u00fcnasib\u0259ti il\u0259 \u00fcr\u0259kd\u0259n t\u0259brik edir, d\u00f6vl\u0259timizin, xalq\u0131m\u0131z\u0131n inki\u015faf v\u0259 t\u0259r\u0259qqisi yolunda yorulmadan, \u0259zml\u0259 \u00e7al\u0131\u015fmalar\u0131n\u0131 arzulay\u0131ram&#8221;.<\/p>\n","protected":false},"excerpt":{"rendered":"<p>&#8220;Yeni Az\u0259rbaycan Partiyas\u0131n\u0131n yaranmas\u0131 \u00f6lk\u0259d\u0259 xaos, anarxiyan\u0131n t\u00fc\u011fyan etdiyi zamanlara t\u0259sad\u00fcf edir&#8221;. ARANTV.AZ x\u0259b\u0259r verir ki, bunu\u00a0Trend-\u0259 &#8220;S\u0259s&#8221; q\u0259zetinin ba\u015f redaktoru, siyasi ekspert B\u0259hruz Quliyev Yeni Az\u0259rbaycan Partiyas\u0131n\u0131n t\u0259sis edilm\u0259sinin 27-ci ild\u00f6n\u00fcm\u00fc il\u0259 ba\u011fl\u0131 fikirl\u0259rini \u015f\u0259rh ed\u0259rk\u0259n deyib. O bildirib ki, m\u0259hz \u00f6lk\u0259nin m\u0259hv olmaq t\u0259hl\u00fck\u0259si il\u0259 \u00fcz-\u00fcz\u0259 qalmas\u0131, xalq\u0131n s\u0259fal\u0259t v\u0259 qorxu i\u00e7ind\u0259 ya\u015famas\u0131 yeni bir siyasi q\u00fcvv\u0259nin meydana g\u0259lm\u0259si z\u0259rur\u0259tini ortaya qoymu\u015fdu: &#8220;YAP-\u0131n m\u00fcxalif\u0259t partiyas\u0131 kimi yaranmas\u0131 v\u0259 q\u0131sa m\u00fcdd\u0259t \u0259rzind\u0259 iqtidara g\u0259lm\u0259sinin \u0259sas\u0131nda bir s\u0131ra m\u00fch\u00fcm m\u0259qamlar dayanmaqdad\u0131r. H\u0259min d\u00f6vrd\u0259 ba\u015f ver\u0259n ictimai-siyasi prosesl\u0259rinin t\u0259hlilini apararsaq, ilk&hellip;<\/p>\n","protected":false},"author":2,"featured_media":98690,"comment_status":"closed","ping_status":"closed","sticky":false,"template":"","format":"standard","meta":{"om_disable_all_campaigns":false,"_monsterinsights_skip_tracking":false,"_monsterinsights_sitenote_active":false,"_monsterinsights_sitenote_note":"","_monsterinsights_sitenote_category":0},"categories":[19],"tags":[],"aioseo_notices":[],"gutentor_comment":0,"rttpg_featured_image_url":{"full":["https:\/\/arantv.az\/wp-content\/uploads\/2019\/11\/803791.jpg",1200,802,false],"landscape":["https:\/\/arantv.az\/wp-content\/uploads\/2019\/11\/803791.jpg",1200,802,false],"portraits":["https:\/\/arantv.az\/wp-content\/uploads\/2019\/11\/803791.jpg",1200,802,false],"thumbnail":["https:\/\/arantv.az\/wp-content\/uploads\/2019\/11\/803791-150x150.jpg",150,150,true],"medium":["https:\/\/arantv.az\/wp-content\/uploads\/2019\/11\/803791-300x201.jpg",300,201,true],"large":["https:\/\/arantv.az\/wp-content\/uploads\/2019\/11\/803791-1024x684.jpg",640,428,true],"1536x1536":["https:\/\/arantv.az\/wp-content\/uploads\/2019\/11\/803791.jpg",1200,802,false],"2048x2048":["https:\/\/arantv.az\/wp-content\/uploads\/2019\/11\/803791.jpg",1200,802,false],"post-thumbnail":["https:\/\/arantv.az\/wp-content\/uploads\/2019\/11\/803791-240x172.jpg",240,172,true],"advps-thumb-one":["https:\/\/arantv.az\/wp-content\/uploads\/2019\/11\/803791-1200x620.jpg",1200,620,true]},"rttpg_author":{"display_name":"V\u00fcsal Rafiqo\u011flu","author_link":"https:\/\/arantv.az\/?author=2"},"rttpg_comment":0,"rttpg_category":"<a href=\"https:\/\/arantv.az\/?cat=19\" rel=\"category\">G\u00fcnd\u0259m<\/a>","rttpg_excerpt":"&#8220;Yeni Az\u0259rbaycan Partiyas\u0131n\u0131n yaranmas\u0131 \u00f6lk\u0259d\u0259 xaos, anarxiyan\u0131n t\u00fc\u011fyan etdiyi zamanlara t\u0259sad\u00fcf edir&#8221;. ARANTV.AZ x\u0259b\u0259r verir ki, bunu\u00a0Trend-\u0259 &#8220;S\u0259s&#8221; q\u0259zetinin ba\u015f redaktoru, siyasi ekspert B\u0259hruz Quliyev Yeni Az\u0259rbaycan Partiyas\u0131n\u0131n t\u0259sis edilm\u0259sinin 27-ci ild\u00f6n\u00fcm\u00fc il\u0259 ba\u011fl\u0131 fikirl\u0259rini \u015f\u0259rh ed\u0259rk\u0259n deyib. O bildirib ki, m\u0259hz \u00f6lk\u0259nin m\u0259hv olmaq t\u0259hl\u00fck\u0259si il\u0259 \u00fcz-\u00fcz\u0259 qalmas\u0131, xalq\u0131n s\u0259fal\u0259t v\u0259 qorxu i\u00e7ind\u0259 ya\u015famas\u0131&hellip;","_links":{"self":[{"href":"https:\/\/arantv.az\/index.php?rest_route=\/wp\/v2\/posts\/98689"}],"collection":[{"href":"https:\/\/arantv.az\/index.php?rest_route=\/wp\/v2\/posts"}],"about":[{"href":"https:\/\/arantv.az\/index.php?rest_route=\/wp\/v2\/types\/post"}],"author":[{"embeddable":true,"href":"https:\/\/arantv.az\/index.php?rest_route=\/wp\/v2\/users\/2"}],"replies":[{"embeddable":true,"href":"https:\/\/arantv.az\/index.php?rest_route=%2Fwp%2Fv2%2Fcomments&post=98689"}],"version-history":[{"count":0,"href":"https:\/\/arantv.az\/index.php?rest_route=\/wp\/v2\/posts\/98689\/revisions"}],"wp:featuredmedia":[{"embeddable":true,"href":"https:\/\/arantv.az\/index.php?rest_route=\/wp\/v2\/media\/98690"}],"wp:attachment":[{"href":"https:\/\/arantv.az\/index.php?rest_route=%2Fwp%2Fv2%2Fmedia&parent=98689"}],"wp:term":[{"taxonomy":"category","embeddable":true,"href":"https:\/\/arantv.az\/index.php?rest_route=%2Fwp%2Fv2%2Fcategories&post=98689"},{"taxonomy":"post_tag","embeddable":true,"href":"https:\/\/arantv.az\/index.php?rest_route=%2Fwp%2Fv2%2Ftags&post=98689"}],"curies":[{"name":"wp","href":"https:\/\/api.w.org\/{rel}","templated":true}]}}