{"id":98713,"date":"2019-11-20T14:31:12","date_gmt":"2019-11-20T11:31:12","guid":{"rendered":"http:\/\/arantv.az\/?p=98713"},"modified":"2019-11-20T14:31:12","modified_gmt":"2019-11-20T11:31:12","slug":"72-yasli-t%c9%99rt%c9%99r-sakini-b%c9%99rd%c9%99d%c9%99-kuc%c9%99d%c9%99-oldu","status":"publish","type":"post","link":"https:\/\/arantv.az\/?p=98713","title":{"rendered":"72 ya\u015fl\u0131 T\u0259rt\u0259r sakini B\u0259rd\u0259d\u0259 k\u00fc\u00e7\u0259d\u0259 \u00f6ld\u00fc"},"content":{"rendered":"<p><strong>B\u0259rd\u0259 rayonunda k\u00fc\u00e7\u0259d\u0259 meyit tap\u0131l\u0131b.<\/strong><\/p>\n<p><strong>ARANTV.AZ<\/strong> x\u0259b\u0259r verir ki, meyit rayonun &#8220;K\u00f6hn\u0259 bazar&#8221; adlanan \u0259razisind\u0259 a\u015fkar edilib.<\/p>\n<p>Bel\u0259 ki, rayon sakinl\u0259ri \u0259razid\u0259 nam\u0259lum ki\u015fi meyiti a\u015fkar ed\u0259r\u0259k bu bar\u0259d\u0259 h\u00fcquq-m\u00fchafiz\u0259 orqanlar\u0131 \u0259m\u0259kda\u015flar\u0131na m\u0259lumat verib. Hadis\u0259 yerin\u0259 g\u0259l\u0259n polis v\u0259 prokurorluq \u0259m\u0259kda\u015flar\u0131 meyitin T\u0259rt\u0259r rayonunun Sar\u0131cal\u0131 k\u0259nd sakini 1947-ci il t\u0259v\u0259ll\u00fcdl\u00fc A\u011fayev Nadir Abbas o\u011flu oldu\u011funu m\u00fc\u0259yy\u0259n edibl\u0259r. Meyit daxili v\u0259 xarici m\u00fcayin\u0259 \u00fc\u00e7\u00fcn M\u0259hk\u0259m\u0259 Tibbi Ekspertizas\u0131 v\u0259 Patoloji Anatomiya Birliyinin B\u0259rd\u0259 rayon \u015f\u00f6b\u0259sin\u0259 t\u0259hvil verilib.<\/p>\n<p>M\u00fcayin\u0259 zaman\u0131 meyitin \u00fcz\u0259rind\u0259 zorak\u0131l\u0131q \u0259lamn\u0259tl\u0259ri a\u015fkar edilm\u0259yib. \u0130lkin m\u00fcayin\u0259 zaman\u0131 N.A\u011fayevin \u00fcr\u0259k tutmas\u0131ndan d\u00fcnyas\u0131n\u0131 d\u0259yi\u015fdiyi m\u0259lum olub.<\/p>\n<p>Faktla ba\u011fl\u0131 ara\u015fd\u0131rma apar\u0131l\u0131r.Trend<\/p>\n","protected":false},"excerpt":{"rendered":"<p>B\u0259rd\u0259 rayonunda k\u00fc\u00e7\u0259d\u0259 meyit tap\u0131l\u0131b. ARANTV.AZ x\u0259b\u0259r verir ki, meyit rayonun &#8220;K\u00f6hn\u0259 bazar&#8221; adlanan \u0259razisind\u0259 a\u015fkar edilib. Bel\u0259 ki, rayon sakinl\u0259ri \u0259razid\u0259 nam\u0259lum ki\u015fi meyiti a\u015fkar ed\u0259r\u0259k bu bar\u0259d\u0259 h\u00fcquq-m\u00fchafiz\u0259 orqanlar\u0131 \u0259m\u0259kda\u015flar\u0131na m\u0259lumat verib. Hadis\u0259 yerin\u0259 g\u0259l\u0259n polis v\u0259 prokurorluq \u0259m\u0259kda\u015flar\u0131 meyitin T\u0259rt\u0259r rayonunun Sar\u0131cal\u0131 k\u0259nd sakini 1947-ci il t\u0259v\u0259ll\u00fcdl\u00fc A\u011fayev Nadir Abbas o\u011flu oldu\u011funu m\u00fc\u0259yy\u0259n edibl\u0259r. Meyit daxili v\u0259 xarici m\u00fcayin\u0259 \u00fc\u00e7\u00fcn M\u0259hk\u0259m\u0259 Tibbi Ekspertizas\u0131 v\u0259 Patoloji Anatomiya Birliyinin B\u0259rd\u0259 rayon \u015f\u00f6b\u0259sin\u0259 t\u0259hvil verilib. M\u00fcayin\u0259 zaman\u0131 meyitin \u00fcz\u0259rind\u0259 zorak\u0131l\u0131q \u0259lamn\u0259tl\u0259ri a\u015fkar edilm\u0259yib. \u0130lkin m\u00fcayin\u0259 zaman\u0131 N.A\u011fayevin \u00fcr\u0259k tutmas\u0131ndan d\u00fcnyas\u0131n\u0131&hellip;<\/p>\n","protected":false},"author":2,"featured_media":98714,"comment_status":"closed","ping_status":"closed","sticky":false,"template":"","format":"standard","meta":{"om_disable_all_campaigns":false,"_monsterinsights_skip_tracking":false,"_monsterinsights_sitenote_active":false,"_monsterinsights_sitenote_note":"","_monsterinsights_sitenote_category":0},"categories":[5],"tags":[],"aioseo_notices":[],"gutentor_comment":0,"rttpg_featured_image_url":{"full":["https:\/\/arantv.az\/wp-content\/uploads\/2019\/11\/meyid_00111.jpg",482,361,false],"landscape":["https:\/\/arantv.az\/wp-content\/uploads\/2019\/11\/meyid_00111.jpg",482,361,false],"portraits":["https:\/\/arantv.az\/wp-content\/uploads\/2019\/11\/meyid_00111.jpg",482,361,false],"thumbnail":["https:\/\/arantv.az\/wp-content\/uploads\/2019\/11\/meyid_00111-150x150.jpg",150,150,true],"medium":["https:\/\/arantv.az\/wp-content\/uploads\/2019\/11\/meyid_00111-300x225.jpg",300,225,true],"large":["https:\/\/arantv.az\/wp-content\/uploads\/2019\/11\/meyid_00111.jpg",482,361,false],"1536x1536":["https:\/\/arantv.az\/wp-content\/uploads\/2019\/11\/meyid_00111.jpg",482,361,false],"2048x2048":["https:\/\/arantv.az\/wp-content\/uploads\/2019\/11\/meyid_00111.jpg",482,361,false],"post-thumbnail":["https:\/\/arantv.az\/wp-content\/uploads\/2019\/11\/meyid_00111-240x172.jpg",240,172,true],"advps-thumb-one":["https:\/\/arantv.az\/wp-content\/uploads\/2019\/11\/meyid_00111.jpg",482,361,false]},"rttpg_author":{"display_name":"V\u00fcsal Rafiqo\u011flu","author_link":"https:\/\/arantv.az\/?author=2"},"rttpg_comment":0,"rttpg_category":"<a href=\"https:\/\/arantv.az\/?cat=5\" rel=\"category\">Hadis\u0259<\/a>","rttpg_excerpt":"B\u0259rd\u0259 rayonunda k\u00fc\u00e7\u0259d\u0259 meyit tap\u0131l\u0131b. ARANTV.AZ x\u0259b\u0259r verir ki, meyit rayonun &#8220;K\u00f6hn\u0259 bazar&#8221; adlanan \u0259razisind\u0259 a\u015fkar edilib. Bel\u0259 ki, rayon sakinl\u0259ri \u0259razid\u0259 nam\u0259lum ki\u015fi meyiti a\u015fkar ed\u0259r\u0259k bu bar\u0259d\u0259 h\u00fcquq-m\u00fchafiz\u0259 orqanlar\u0131 \u0259m\u0259kda\u015flar\u0131na m\u0259lumat verib. Hadis\u0259 yerin\u0259 g\u0259l\u0259n polis v\u0259 prokurorluq \u0259m\u0259kda\u015flar\u0131 meyitin T\u0259rt\u0259r rayonunun Sar\u0131cal\u0131 k\u0259nd sakini 1947-ci il t\u0259v\u0259ll\u00fcdl\u00fc A\u011fayev Nadir Abbas o\u011flu oldu\u011funu&hellip;","_links":{"self":[{"href":"https:\/\/arantv.az\/index.php?rest_route=\/wp\/v2\/posts\/98713"}],"collection":[{"href":"https:\/\/arantv.az\/index.php?rest_route=\/wp\/v2\/posts"}],"about":[{"href":"https:\/\/arantv.az\/index.php?rest_route=\/wp\/v2\/types\/post"}],"author":[{"embeddable":true,"href":"https:\/\/arantv.az\/index.php?rest_route=\/wp\/v2\/users\/2"}],"replies":[{"embeddable":true,"href":"https:\/\/arantv.az\/index.php?rest_route=%2Fwp%2Fv2%2Fcomments&post=98713"}],"version-history":[{"count":0,"href":"https:\/\/arantv.az\/index.php?rest_route=\/wp\/v2\/posts\/98713\/revisions"}],"wp:featuredmedia":[{"embeddable":true,"href":"https:\/\/arantv.az\/index.php?rest_route=\/wp\/v2\/media\/98714"}],"wp:attachment":[{"href":"https:\/\/arantv.az\/index.php?rest_route=%2Fwp%2Fv2%2Fmedia&parent=98713"}],"wp:term":[{"taxonomy":"category","embeddable":true,"href":"https:\/\/arantv.az\/index.php?rest_route=%2Fwp%2Fv2%2Fcategories&post=98713"},{"taxonomy":"post_tag","embeddable":true,"href":"https:\/\/arantv.az\/index.php?rest_route=%2Fwp%2Fv2%2Ftags&post=98713"}],"curies":[{"name":"wp","href":"https:\/\/api.w.org\/{rel}","templated":true}]}}